{"id":10178,"date":"2022-01-04T08:34:24","date_gmt":"2022-01-04T11:34:24","guid":{"rendered":"https:\/\/www.jinsai.org\/pt-BR\/?p=10178"},"modified":"2022-01-04T08:34:24","modified_gmt":"2022-01-04T11:34:24","slug":"o-mundo-das-forcas-do-mal","status":"publish","type":"post","link":"https:\/\/www.jinsai.org\/pt-BR\/ensinamentos\/religiao\/o-mundo-das-forcas-do-mal\/","title":{"rendered":"O MUNDO DAS FOR\u00c7AS DO MAL"},"content":{"rendered":"<div id=\"pl-10178\"  class=\"panel-layout\" ><div id=\"pg-10178-0\"  class=\"panel-grid panel-no-style\" ><div id=\"pgc-10178-0-0\"  class=\"panel-grid-cell\" ><div id=\"panel-10178-0-0-0\" class=\"so-panel widget_sow-editor panel-first-child\" data-index=\"0\" ><div\n\t\t\t\n\t\t\tclass=\"so-widget-sow-editor so-widget-sow-editor-base\"\n\t\t\t\n\t\t>\n<div class=\"siteorigin-widget-tinymce textwidget\">\n\t<p style=\"text-align: justify;\"><strong>Pergunta:<\/strong> O Mundo das For\u00e7as do Mal surgiu quando os seres divinos Kamurogi e Kamuromi nasceram e a distin\u00e7\u00e3o entre o Bem e o Mal surgiu? Al\u00e9m disso, qual \u00e9 o significado da exist\u00eancia do Mundo das For\u00e7as do Mal vistas pelos olhos dos Criador? O Mundo das For\u00e7as do Mal ser\u00e1 subjugado pelas for\u00e7as do Bem quando a Era de Miroku (567) chegar?<\/p>\n<p style=\"text-align: justify;\"><strong>Meishu-Sama: <\/strong>N\u00e3o, isso n\u00e3o est\u00e1 certo. Se voc\u00ea dividir o divino em esp\u00edrito e corpo de acordo com a distin\u00e7\u00e3o Bem-Mal, o esp\u00edrito \u00e9 bom, o f\u00edsico \u00e9 mau; de acordo com a distin\u00e7\u00e3o homem-mulher, o esp\u00edrito \u00e9 masculino, o f\u00edsico \u00e9 feminino. As pessoas s\u00e3o naturalmente aptas a pensar nesse dualismo em termos de que \u201cuma vez que a mulher \u00e9 f\u00edsica, ela \u00e9 m\u00e1\u201d, mas isso s\u00f3 deixa as mulheres com raiva\u2026. O Criador n\u00e3o vai usar Seu grande poder para destruir o Mundo das For\u00e7as do Mal porque o Mal n\u00e3o \u00e9 necess\u00e1rio aos olhos do Criador. Mesmo o divino consiste em caracter\u00edsticas contr\u00e1rias e correspondentes e, j\u00e1 que h\u00e1 um Deus de Bem absoluto, tamb\u00e9m deve haver um Deus do Mal absoluto. Sem esse contraste, n\u00e3o h\u00e1 evolu\u00e7\u00e3o. Isso \u00e9 o que se entende por mal necess\u00e1rio. No passado, muitas vezes me perguntavam: \"Se Deus fizer as pessoas sofrerem no Grande Julgamento, Ele n\u00e3o deveria ter feito pessoas m\u00e1s ... \u201d Isso \u00e9 bem verdade, mas minha resposta foi: \"Se eu tivesse feito os seres humanos, poderia explicar claramente a raz\u00e3o, mas tamb\u00e9m fui criado e, uma vez que Deus criou tudo, s\u00f3 posso arriscar um palpite. Mas se seguirmos a lei de que o Mal gera o Mal e o Bem gera o Bem, podemos ser felizes, n\u00e3o basta saber disso? \u201dO Mundo das For\u00e7as do Mal foi feito conforme a conveni\u00eancia de Deus. O Mal ser\u00e1 limitado na Era de Miroku (567). Como o Mundo das For\u00e7as do Mal realiza uma atividade animalesca, a fun\u00e7\u00e3o do animal nos seres humanos pode ser menor e os seres humanos t\u00eam liberdade para se aperfei\u00e7oar. As pessoas agora vivem apenas dentro da gaiola chamada \u201cleis\u201d\u2026.<\/p>\n<p style=\"text-align: right;\">28 de outubro de 1948<\/p>\n<p style=\"text-align: right;\">Publicado em Registro de Conversas Orais, Ed. 1, de 8 de dezembro de 1948<\/p>\n<p style=\"text-align: right;\">Traduzido pela Equipe Jinsai<\/p>\n<\/div>\n<\/div><\/div><div id=\"panel-10178-0-0-1\" class=\"widget_text so-panel widget_custom_html panel-last-child\" data-index=\"1\" ><div class=\"textwidget custom-html-widget\"><iframe loading=\"lazy\" src=\"https:\/\/www.facebook.com\/plugins\/like.php?href=http%3A%2F%2Fwww.jinsai.org%2Fpt-BR%2Fensinamentos%2Freligiao%2Fo-mundo-das-forcas-do-mal&width=174&layout=button_count&action=like&size=large&share=true&height=46&appId=171964893011161\" width=\"174\" height=\"46\" style=\"border:none;overflow:hidden\" scrolling=\"no\" frameborder=\"0\" allowfullscreen=\"true\" allow=\"autoplay; clipboard-write; encrypted-media; picture-in-picture; web-share\"><\/iframe>\n<div id=\"fb-root\"><\/div>\n<script src=\"http:\/\/connect.facebook.net\/pt_BR\/all.js#appId=APP_ID&amp;xfbml=1\"><\/script><fb:comments href=\" http:\/\/www.jinsai.org\/pt-BR\/ensinamentos\/religiao\/o-mundo-das-forcas-do-mal\" num_posts=\"100\" width=\"500\"><\/fb:comments><meta property=\"fb:app_id\" content=\"171964893011161\">\n<div id=\"fb-root\"><\/div>\n<script>(function(d, s, id) {<br \/>\n  var js, fjs = d.getElementsByTagName(s)[0];<br \/>\n  if (d.getElementById(id)) return;<br \/>\n  js = d.createElement(s); js.id = id;<br \/>\n  js.src = 'https:\/\/connect.facebook.net\/pt_BR\/sdk.js#xfbml=1&version=v3.0&appId=171964893011161&autoLogAppEvents=1';<br \/>\n  fjs.parentNode.insertBefore(js, fjs);<br \/>\n}(document, 'script', 'facebook-jssdk'));<\/script>\n<div class=\"fb-share-button\" data-href=\" http:\/\/www.jinsai.org\/pt-BR\/ensinamentos\/religiao\/o-mundo-das-forcas-do-mal\" data-layout=\"button_count\" data-size=\"large\" data-mobile-iframe=\"true\"><a target=\"_blank\" href=\"https:\/\/www.facebook.com\/sharer\/sharer.php?u=http%3A%2F% http:\/\/www.jinsai.org\/pt-BR\/ensinamentos\/religiao\/o-mundo-das-forcas-do-mal%2F&amp;src=sdkpreparse\" class=\"fb-xfbml-parse-ignore\">Compartilhar<\/a><\/div>\n<\/div><\/div><\/div><\/div><\/div>","protected":false},"excerpt":{"rendered":"<p>Pergunta: O Mundo das For\u00e7as do Mal surgiu quando os seres divinos Kamurogi e Kamuromi nasceram e a distin\u00e7\u00e3o entre o Bem e o Mal surgiu? Al\u00e9m disso, qual \u00e9 o significado da exist\u00eancia do Mundo das For\u00e7as do Mal vistas pelos olhos dos Criador? O Mundo das For\u00e7as do Mal ser\u00e1 subjugado pelas for\u00e7as [&hellip;]<\/p>\n","protected":false},"author":1,"featured_media":618,"comment_status":"open","ping_status":"closed","sticky":false,"template":"","format":"standard","meta":{"footnotes":""},"categories":[5],"tags":[],"class_list":{"0":"post-10178","1":"post","2":"type-post","3":"status-publish","4":"format-standard","5":"has-post-thumbnail","6":"hentry","7":"category-religiao","9":"post-with-thumbnail","10":"post-with-thumbnail-icon"},"_links":{"self":[{"href":"https:\/\/www.jinsai.org\/pt-BR\/wp-json\/wp\/v2\/posts\/10178","targetHints":{"allow":["GET"]}}],"collection":[{"href":"https:\/\/www.jinsai.org\/pt-BR\/wp-json\/wp\/v2\/posts"}],"about":[{"href":"https:\/\/www.jinsai.org\/pt-BR\/wp-json\/wp\/v2\/types\/post"}],"author":[{"embeddable":true,"href":"https:\/\/www.jinsai.org\/pt-BR\/wp-json\/wp\/v2\/users\/1"}],"replies":[{"embeddable":true,"href":"https:\/\/www.jinsai.org\/pt-BR\/wp-json\/wp\/v2\/comments?post=10178"}],"version-history":[{"count":4,"href":"https:\/\/www.jinsai.org\/pt-BR\/wp-json\/wp\/v2\/posts\/10178\/revisions"}],"predecessor-version":[{"id":10182,"href":"https:\/\/www.jinsai.org\/pt-BR\/wp-json\/wp\/v2\/posts\/10178\/revisions\/10182"}],"wp:featuredmedia":[{"embeddable":true,"href":"https:\/\/www.jinsai.org\/pt-BR\/wp-json\/wp\/v2\/media\/618"}],"wp:attachment":[{"href":"https:\/\/www.jinsai.org\/pt-BR\/wp-json\/wp\/v2\/media?parent=10178"}],"wp:term":[{"taxonomy":"category","embeddable":true,"href":"https:\/\/www.jinsai.org\/pt-BR\/wp-json\/wp\/v2\/categories?post=10178"},{"taxonomy":"post_tag","embeddable":true,"href":"https:\/\/www.jinsai.org\/pt-BR\/wp-json\/wp\/v2\/tags?post=10178"}],"curies":[{"name":"wp","href":"https:\/\/api.w.org\/{rel}","templated":true}]}}