{"id":10264,"date":"2022-01-21T09:00:59","date_gmt":"2022-01-21T12:00:59","guid":{"rendered":"https:\/\/www.jinsai.org\/pt-BR\/?p=10264"},"modified":"2022-01-21T09:00:59","modified_gmt":"2022-01-21T12:00:59","slug":"significado-espiritual-de-cabelos-finos-e-presas","status":"publish","type":"post","link":"https:\/\/www.jinsai.org\/pt-BR\/ensinamentos\/religiao\/significado-espiritual-de-cabelos-finos-e-presas\/","title":{"rendered":"SIGNIFICADO ESPIRITUAL DE CABELOS FINOS E PRESAS"},"content":{"rendered":"<div id=\"pl-10264\"  class=\"panel-layout\" ><div id=\"pg-10264-0\"  class=\"panel-grid panel-no-style\" ><div id=\"pgc-10264-0-0\"  class=\"panel-grid-cell\" ><div id=\"panel-10264-0-0-0\" class=\"so-panel widget_sow-editor panel-first-child\" data-index=\"0\" ><div\n\t\t\t\n\t\t\tclass=\"so-widget-sow-editor so-widget-sow-editor-base\"\n\t\t\t\n\t\t>\n<div class=\"siteorigin-widget-tinymce textwidget\">\n\t<p style=\"text-align: justify;\"><strong>Pergunta: <\/strong>De acordo com um m\u00e9dico, quando um mioma do \u00fatero do tamanho de um feto de tr\u00eas meses \u00e9 removido cirurgicamente, saem materiais que parecem cabelo fino e presas. Existe algum significado espiritual para isso?<\/p>\n<p style=\"text-align: justify;\"><strong>Meishu-Sama: <\/strong>Isso \u00e9 poss\u00edvel. Chama-se gravidez extrauterina, mas o que \u00e9 cortado n\u00e3o \u00e9 o feto de um ser humano. \u00c9 o esp\u00edrito renascido de um pequeno animal, como um c\u00e3o ou gato. Este animal de estima\u00e7\u00e3o recebeu carinho como uma crian\u00e7a humana em sua vida anterior e, por causa dessa afinidade, renasce. A gravidez normal \u00e9 imposs\u00edvel com tal esp\u00edrito. N\u00e3o h\u00e1 raz\u00e3o para o filho de um ser humano ter cabelos finos ou presas.<\/p>\n<p style=\"text-align: right;\">Revista Para\u00edso Terrestre, Vol. 15 \u2013 20 de abril de 1950<\/p>\n<p style=\"text-align: right;\">Traduzido pela Equipe Jinsai<\/p>\n<\/div>\n<\/div><\/div><div id=\"panel-10264-0-0-1\" class=\"widget_text so-panel widget_custom_html panel-last-child\" data-index=\"1\" ><div class=\"textwidget custom-html-widget\"><iframe loading=\"lazy\" src=\"https:\/\/www.facebook.com\/plugins\/like.php?href=http%3A%2F%2Fwww.jinsai.org%2Fpt-BR%2Fensinamentos%2Freligiao%2Fsignificado-espiritual-de-cabelos-finos-e-presas&width=174&layout=button_count&action=like&size=large&share=true&height=46&appId=171964893011161\" width=\"174\" height=\"46\" style=\"border:none;overflow:hidden\" scrolling=\"no\" frameborder=\"0\" allowfullscreen=\"true\" allow=\"autoplay; clipboard-write; encrypted-media; picture-in-picture; web-share\"><\/iframe>\n<div id=\"fb-root\"><\/div>\n<script src=\"http:\/\/connect.facebook.net\/pt_BR\/all.js#appId=APP_ID&amp;xfbml=1\"><\/script><fb:comments href=\" https:\/\/www.jinsai.org\/pt-BR\/ensinamentos\/religiao\/significado-espiritual-de-cabelos-finos-e-presas\" num_posts=\"100\" width=\"500\"><\/fb:comments><meta property=\"fb:app_id\" content=\"171964893011161\">\n<div id=\"fb-root\"><\/div>\n<script>(function(d, s, id) {<br \/>\n  var js, fjs = d.getElementsByTagName(s)[0];<br \/>\n  if (d.getElementById(id)) return;<br \/>\n  js = d.createElement(s); js.id = id;<br \/>\n  js.src = 'https:\/\/connect.facebook.net\/pt_BR\/sdk.js#xfbml=1&version=v3.0&appId=171964893011161&autoLogAppEvents=1';<br \/>\n  fjs.parentNode.insertBefore(js, fjs);<br \/>\n}(document, 'script', 'facebook-jssdk'));<\/script>\n<div class=\"fb-share-button\" data-href=\" https:\/\/www.jinsai.org\/pt-BR\/ensinamentos\/religiao\/significado-espiritual-de-cabelos-finos-e-presas\" data-layout=\"button_count\" data-size=\"large\" data-mobile-iframe=\"true\"><a target=\"_blank\" href=\"https:\/\/www.facebook.com\/sharer\/sharer.php?u=http%3A%2F% http:\/\/www.jinsai.org\/pt-BR\/ensinamentos\/religiao\/significado-espiritual-de-cabelos-finos-e-presas%2F&amp;src=sdkpreparse\" class=\"fb-xfbml-parse-ignore\">Compartilhar<\/a><\/div>\n<\/div><\/div><\/div><\/div><\/div>","protected":false},"excerpt":{"rendered":"<p>Pergunta: De acordo com um m\u00e9dico, quando um mioma do \u00fatero do tamanho de um feto de tr\u00eas meses \u00e9 removido cirurgicamente, saem materiais que parecem cabelo fino e presas. Existe algum significado espiritual para isso? Meishu-Sama: Isso \u00e9 poss\u00edvel. Chama-se gravidez extrauterina, mas o que \u00e9 cortado n\u00e3o \u00e9 o feto de um ser [&hellip;]<\/p>\n","protected":false},"author":1,"featured_media":618,"comment_status":"open","ping_status":"closed","sticky":false,"template":"","format":"standard","meta":{"footnotes":""},"categories":[5],"tags":[],"class_list":{"0":"post-10264","1":"post","2":"type-post","3":"status-publish","4":"format-standard","5":"has-post-thumbnail","6":"hentry","7":"category-religiao","9":"post-with-thumbnail","10":"post-with-thumbnail-icon"},"_links":{"self":[{"href":"https:\/\/www.jinsai.org\/pt-BR\/wp-json\/wp\/v2\/posts\/10264","targetHints":{"allow":["GET"]}}],"collection":[{"href":"https:\/\/www.jinsai.org\/pt-BR\/wp-json\/wp\/v2\/posts"}],"about":[{"href":"https:\/\/www.jinsai.org\/pt-BR\/wp-json\/wp\/v2\/types\/post"}],"author":[{"embeddable":true,"href":"https:\/\/www.jinsai.org\/pt-BR\/wp-json\/wp\/v2\/users\/1"}],"replies":[{"embeddable":true,"href":"https:\/\/www.jinsai.org\/pt-BR\/wp-json\/wp\/v2\/comments?post=10264"}],"version-history":[{"count":4,"href":"https:\/\/www.jinsai.org\/pt-BR\/wp-json\/wp\/v2\/posts\/10264\/revisions"}],"predecessor-version":[{"id":10268,"href":"https:\/\/www.jinsai.org\/pt-BR\/wp-json\/wp\/v2\/posts\/10264\/revisions\/10268"}],"wp:featuredmedia":[{"embeddable":true,"href":"https:\/\/www.jinsai.org\/pt-BR\/wp-json\/wp\/v2\/media\/618"}],"wp:attachment":[{"href":"https:\/\/www.jinsai.org\/pt-BR\/wp-json\/wp\/v2\/media?parent=10264"}],"wp:term":[{"taxonomy":"category","embeddable":true,"href":"https:\/\/www.jinsai.org\/pt-BR\/wp-json\/wp\/v2\/categories?post=10264"},{"taxonomy":"post_tag","embeddable":true,"href":"https:\/\/www.jinsai.org\/pt-BR\/wp-json\/wp\/v2\/tags?post=10264"}],"curies":[{"name":"wp","href":"https:\/\/api.w.org\/{rel}","templated":true}]}}