{"id":10528,"date":"2022-02-22T16:25:29","date_gmt":"2022-02-22T19:25:29","guid":{"rendered":"https:\/\/www.jinsai.org\/pt-BR\/?p=10528"},"modified":"2022-02-23T16:29:09","modified_gmt":"2022-02-23T19:29:09","slug":"monte-fuji","status":"publish","type":"post","link":"https:\/\/www.jinsai.org\/pt-BR\/mundo-do-belo\/yama-to-mizu\/monte-fuji\/","title":{"rendered":"MONTE FUJI"},"content":{"rendered":"<div id=\"pl-10528\"  class=\"panel-layout\" ><div id=\"pg-10528-0\"  class=\"panel-grid panel-no-style\" ><div id=\"pgc-10528-0-0\"  class=\"panel-grid-cell\" ><div id=\"panel-10528-0-0-0\" class=\"so-panel widget_sow-editor panel-first-child\" data-index=\"0\" ><div\n\t\t\t\n\t\t\tclass=\"so-widget-sow-editor so-widget-sow-editor-base\"\n\t\t\t\n\t\t>\n<div class=\"siteorigin-widget-tinymce textwidget\">\n\t<p style=\"text-align: center;\"><strong>\u5bcc\u58eb<\/strong><\/p>\n<p style=\"text-align: center;\">\u662d\u548c\u516d\u5e74\u4e94\u6708\u4e09\u65e5<\/p>\n<p style=\"text-align: center;\">3 de maio de 1931<\/p>\n<p style=\"text-align: center;\"><strong>17<\/strong><\/p>\n<p style=\"text-align: center;\">\u6b66\u8535\u91ce\u306f\u898b\u6e21\u3059\u304b\u304e\u308a\u9752\u8449\u3057\u3066\u7a7a\u306e\u306f\u305f\u3066\u306b\u5bcc\u58eb\u898b\u3086\u308b\u306a\u308a<\/p>\n<p style=\"text-align: center;\">MUSASHINO WA MIWATASU KAGIRI AOBA SHITE SORA NO HATATE NI FUJI MIYURU NARI<\/p>\n<p style=\"text-align: center;\"><span class=\"Y2IQFc\" lang=\"pt\">Na Plan\u00edcie Musashi<\/span><\/p>\n<p style=\"text-align: center;\"><span class=\"Y2IQFc\" lang=\"pt\">Com verdura fresca at\u00e9 onde<\/span><\/p>\n<p style=\"text-align: center;\"><span class=\"Y2IQFc\" lang=\"pt\">O olho pode ver<\/span><\/p>\n<p style=\"text-align: center;\"><span class=\"Y2IQFc\" lang=\"pt\">No final do<\/span><\/p>\n<p style=\"text-align: center;\"><span class=\"Y2IQFc\" lang=\"pt\">C\u00e9u \u00e9 vis\u00edvel o Monte Fuji.<\/span><\/p>\n<p style=\"text-align: center;\">Tradu\u00e7\u00e3o: Kouryu (Pseud\u00f4nimo de C.F.A)<\/p>\n<\/div>\n<\/div><\/div><div id=\"panel-10528-0-0-1\" class=\"widget_text so-panel widget_custom_html panel-last-child\" data-index=\"1\" ><div class=\"textwidget custom-html-widget\"><iframe loading=\"lazy\" src=\"https:\/\/www.facebook.com\/plugins\/like.php?href=https%3A%2F%2Fwww.jinsai.org%2Fpt-BR%2Fmundo-do-belo%2Fyama-to-mizu%2Fmonte-fuji&width=174&layout=button_count&action=like&size=large&share=true&height=46&appId=171964893011161\" width=\"174\" height=\"46\" style=\"border:none;overflow:hidden\" scrolling=\"no\" frameborder=\"0\" allowfullscreen=\"true\" allow=\"autoplay; clipboard-write; encrypted-media; picture-in-picture; web-share\"><\/iframe>\n<div id=\"fb-root\"><\/div>\n<script src=\"http:\/\/connect.facebook.net\/pt_BR\/all.js#appId=APP_ID&amp;xfbml=1\"><\/script><fb:comments href=\" https:\/\/www.jinsai.org\/pt-BR\/mundo-do-belo\/yama-to-mizu\/monte-fuji\" num_posts=\"100\" width=\"500\"><\/fb:comments><meta property=\"fb:app_id\" content=\"171964893011161\">\n<div id=\"fb-root\"><\/div>\n<script>(function(d, s, id) {<br \/>\n  var js, fjs = d.getElementsByTagName(s)[0];<br \/>\n  if (d.getElementById(id)) return;<br \/>\n  js = d.createElement(s); js.id = id;<br \/>\n  js.src = 'https:\/\/connect.facebook.net\/pt_BR\/sdk.js#xfbml=1&version=v3.0&appId=171964893011161&autoLogAppEvents=1';<br \/>\n  fjs.parentNode.insertBefore(js, fjs);<br \/>\n}(document, 'script', 'facebook-jssdk'));<\/script>\n<div class=\"fb-share-button\" data-href=\" https:\/\/www.jinsai.org\/pt-BR\/mundo-do-belo\/yama-to-mizu\/monte-fuji\" data-layout=\"button_count\" data-size=\"large\" data-mobile-iframe=\"true\"><a target=\"_blank\" href=\"https:\/\/www.jinsai.org\/pt-BR\/mundo-do-belo\/yama-to-mizu\/monte-fuji%2F&amp;src=sdkpreparse\" class=\"fb-xfbml-parse-ignore\">Compartilhar<\/a><\/div>\n<\/div><\/div><\/div><\/div><\/div>","protected":false},"excerpt":{"rendered":"<p>\u5bcc\u58eb \u662d\u548c\u516d\u5e74\u4e94\u6708\u4e09\u65e5 3 de maio de 1931 17 \u6b66\u8535\u91ce\u306f\u898b\u6e21\u3059\u304b\u304e\u308a\u9752\u8449\u3057\u3066\u7a7a\u306e\u306f\u305f\u3066\u306b\u5bcc\u58eb\u898b\u3086\u308b\u306a\u308a MUSASHINO WA MIWATASU KAGIRI AOBA SHITE SORA NO HATATE NI FUJI MIYURU NARI Na Plan\u00edcie Musashi Com verdura fresca at\u00e9 onde O olho pode ver No final do C\u00e9u \u00e9 vis\u00edvel o Monte Fuji. Tradu\u00e7\u00e3o: Kouryu (Pseud\u00f4nimo de C.F.A)<\/p>\n","protected":false},"author":1,"featured_media":10529,"comment_status":"open","ping_status":"closed","sticky":false,"template":"","format":"standard","meta":{"footnotes":""},"categories":[18],"tags":[],"class_list":{"0":"post-10528","1":"post","2":"type-post","3":"status-publish","4":"format-standard","5":"has-post-thumbnail","6":"hentry","7":"category-yama-to-mizu","9":"post-with-thumbnail","10":"post-with-thumbnail-icon"},"_links":{"self":[{"href":"https:\/\/www.jinsai.org\/pt-BR\/wp-json\/wp\/v2\/posts\/10528","targetHints":{"allow":["GET"]}}],"collection":[{"href":"https:\/\/www.jinsai.org\/pt-BR\/wp-json\/wp\/v2\/posts"}],"about":[{"href":"https:\/\/www.jinsai.org\/pt-BR\/wp-json\/wp\/v2\/types\/post"}],"author":[{"embeddable":true,"href":"https:\/\/www.jinsai.org\/pt-BR\/wp-json\/wp\/v2\/users\/1"}],"replies":[{"embeddable":true,"href":"https:\/\/www.jinsai.org\/pt-BR\/wp-json\/wp\/v2\/comments?post=10528"}],"version-history":[{"count":6,"href":"https:\/\/www.jinsai.org\/pt-BR\/wp-json\/wp\/v2\/posts\/10528\/revisions"}],"predecessor-version":[{"id":10548,"href":"https:\/\/www.jinsai.org\/pt-BR\/wp-json\/wp\/v2\/posts\/10528\/revisions\/10548"}],"wp:featuredmedia":[{"embeddable":true,"href":"https:\/\/www.jinsai.org\/pt-BR\/wp-json\/wp\/v2\/media\/10529"}],"wp:attachment":[{"href":"https:\/\/www.jinsai.org\/pt-BR\/wp-json\/wp\/v2\/media?parent=10528"}],"wp:term":[{"taxonomy":"category","embeddable":true,"href":"https:\/\/www.jinsai.org\/pt-BR\/wp-json\/wp\/v2\/categories?post=10528"},{"taxonomy":"post_tag","embeddable":true,"href":"https:\/\/www.jinsai.org\/pt-BR\/wp-json\/wp\/v2\/tags?post=10528"}],"curies":[{"name":"wp","href":"https:\/\/api.w.org\/{rel}","templated":true}]}}