{"id":11146,"date":"2022-08-05T09:06:25","date_gmt":"2022-08-05T12:06:25","guid":{"rendered":"https:\/\/www.jinsai.org\/pt-BR\/?p=11146"},"modified":"2023-03-07T10:03:07","modified_gmt":"2023-03-07T13:03:07","slug":"relacao-entre-amida-e-kannon","status":"publish","type":"post","link":"https:\/\/www.jinsai.org\/pt-BR\/ensinamentos\/religiao\/relacao-entre-amida-e-kannon\/","title":{"rendered":"RELA\u00c7\u00c3O ENTRE AMIDA E KANNON"},"content":{"rendered":"<div id=\"pl-11146\"  class=\"panel-layout\" ><div id=\"pg-11146-0\"  class=\"panel-grid panel-no-style\" ><div id=\"pgc-11146-0-0\"  class=\"panel-grid-cell\" ><div id=\"panel-11146-0-0-0\" class=\"so-panel widget_sow-editor panel-first-child\" data-index=\"0\" ><div\n\t\t\t\n\t\t\tclass=\"so-widget-sow-editor so-widget-sow-editor-base\"\n\t\t\t\n\t\t>\n<div class=\"siteorigin-widget-tinymce textwidget\">\n\t<p style=\"text-align: justify;\"><strong>Pergunta<\/strong>: Por que o Buda Amida aparece na coroa de <a href=\"https:\/\/www.jinsai.org\/pt-BR\/wp-content\/uploads\/slider8\/divindade02.jpeg\">Senju Kannon<\/a> na imagem consagrada no altar de antepassados?<\/p>\n<p style=\"text-align: justify;\"><strong>Meishu-Sama:<\/strong> O Buda Amida \u00e9 a m\u00e3e de Kannon. Diz-se que Kannon \u00e9 o Miroku do Sol e Amida \u00e9 o Miroku da Lua, e isso significa que a Lua d\u00e1 \u00e0 luz o Sol. \u00c9 o mesmo fato de que todos os homens nascem de mulheres. Ent\u00e3o, desta perspectiva, Amida est\u00e1 acima, mas isso n\u00e3o pode ser tomado t\u00e3o literalmente. N\u00e3o se pode dizer que os pais sempre estejam acima. Por exemplo, quando ele \u00e9 o pr\u00edncipe herdeiro, ele est\u00e1 abaixo do imperador e da imperatriz, mas uma vez que ele sucede ao trono, ele se torna um n\u00edvel mais alto do que seus pais, o ex-imperador e a ex-imperatriz.<\/p>\n<p style=\"text-align: right;\">18 de janeiro de 1949<\/p>\n<p style=\"text-align: right;\">Publicado em Registros de Conversas Iluminadas, N\u00ba 3, de 09 de abril de 1949<\/p>\n<p style=\"text-align: right;\">Traduzido pela Equipe Jinsai<\/p>\n<p style=\"text-align: right;\">\n<\/div>\n<\/div><\/div><div id=\"panel-11146-0-0-1\" class=\"widget_text so-panel widget_custom_html panel-last-child\" data-index=\"1\" ><div class=\"textwidget custom-html-widget\"><iframe loading=\"lazy\" src=\"https:\/\/www.facebook.com\/plugins\/like.php?href=https%3A%2F%2Fwww.jinsai.org%2Fpt-BR%2Fensinamentos%2Freligiao%2Frelacao-entre-amida-e-kannon&width=174&layout=button_count&action=like&size=large&share=false&height=46&appId=171964893011161\" width=\"174\" height=\"46\" style=\"border:none;overflow:hidden\" scrolling=\"no\" frameborder=\"0\" allowfullscreen=\"true\" allow=\"autoplay; clipboard-write; encrypted-media; picture-in-picture; web-share\"><\/iframe>\n<div id=\"fb-root\"><\/div>\n<script src=\"http:\/\/connect.facebook.net\/pt_BR\/all.js#appId=APP_ID&amp;xfbml=1\"><\/script><fb:comments href=\" https:\/\/www.jinsai.org\/pt-BR\/ensinamentos\/religiao\/relacao-entre-amida-e-kannon\" num_posts=\"100\" width=\"500\"><\/fb:comments><meta property=\"fb:app_id\" content=\"171964893011161\">\n<div id=\"fb-root\"><\/div>\n<script>(function(d, s, id) {<br \/>\n  var js, fjs = d.getElementsByTagName(s)[0];<br \/>\n  if (d.getElementById(id)) return;<br \/>\n  js = d.createElement(s); js.id = id;<br \/>\n  js.src = 'https:\/\/connect.facebook.net\/pt_BR\/sdk.js#xfbml=1&version=v3.0&appId=171964893011161&autoLogAppEvents=1';<br \/>\n  fjs.parentNode.insertBefore(js, fjs);<br \/>\n}(document, 'script', 'facebook-jssdk'));<\/script>\n<div class=\"fb-share-button\" data-href=\" https:\/\/www.jinsai.org\/pt-BR\/ensinamentos\/religiao\/relacao-entre-amida-e-kannon\/\" data-layout=\"button_count\" data-size=\"large\" data-mobile-iframe=\"true\"><a target=\"_blank\" href=\"https:\/\/www.facebook.com\/sharer\/sharer.php?u=http%3A%2F% https:\/\/www.jinsai.org\/pt-BR\/ensinamentos\/religiao\/relacao-entre-amida-e-kannon%2F&amp;src=sdkpreparse\" class=\"fb-xfbml-parse-ignore\">Compartilhar<\/a><\/div><\/div><\/div><\/div><\/div><\/div>","protected":false},"excerpt":{"rendered":"<p>Pergunta: Por que o Buda Amida aparece na coroa de Senju Kannon na imagem consagrada no altar de antepassados? Meishu-Sama: O Buda Amida \u00e9 a m\u00e3e de Kannon. Diz-se que Kannon \u00e9 o Miroku do Sol e Amida \u00e9 o Miroku da Lua, e isso significa que a Lua d\u00e1 \u00e0 luz o Sol. \u00c9 [&hellip;]<\/p>\n","protected":false},"author":1,"featured_media":618,"comment_status":"open","ping_status":"closed","sticky":false,"template":"","format":"standard","meta":{"footnotes":""},"categories":[5],"tags":[],"class_list":{"0":"post-11146","1":"post","2":"type-post","3":"status-publish","4":"format-standard","5":"has-post-thumbnail","6":"hentry","7":"category-religiao","9":"post-with-thumbnail","10":"post-with-thumbnail-icon"},"_links":{"self":[{"href":"https:\/\/www.jinsai.org\/pt-BR\/wp-json\/wp\/v2\/posts\/11146","targetHints":{"allow":["GET"]}}],"collection":[{"href":"https:\/\/www.jinsai.org\/pt-BR\/wp-json\/wp\/v2\/posts"}],"about":[{"href":"https:\/\/www.jinsai.org\/pt-BR\/wp-json\/wp\/v2\/types\/post"}],"author":[{"embeddable":true,"href":"https:\/\/www.jinsai.org\/pt-BR\/wp-json\/wp\/v2\/users\/1"}],"replies":[{"embeddable":true,"href":"https:\/\/www.jinsai.org\/pt-BR\/wp-json\/wp\/v2\/comments?post=11146"}],"version-history":[{"count":12,"href":"https:\/\/www.jinsai.org\/pt-BR\/wp-json\/wp\/v2\/posts\/11146\/revisions"}],"predecessor-version":[{"id":11369,"href":"https:\/\/www.jinsai.org\/pt-BR\/wp-json\/wp\/v2\/posts\/11146\/revisions\/11369"}],"wp:featuredmedia":[{"embeddable":true,"href":"https:\/\/www.jinsai.org\/pt-BR\/wp-json\/wp\/v2\/media\/618"}],"wp:attachment":[{"href":"https:\/\/www.jinsai.org\/pt-BR\/wp-json\/wp\/v2\/media?parent=11146"}],"wp:term":[{"taxonomy":"category","embeddable":true,"href":"https:\/\/www.jinsai.org\/pt-BR\/wp-json\/wp\/v2\/categories?post=11146"},{"taxonomy":"post_tag","embeddable":true,"href":"https:\/\/www.jinsai.org\/pt-BR\/wp-json\/wp\/v2\/tags?post=11146"}],"curies":[{"name":"wp","href":"https:\/\/api.w.org\/{rel}","templated":true}]}}