{"id":11303,"date":"2023-02-20T11:10:56","date_gmt":"2023-02-20T14:10:56","guid":{"rendered":"https:\/\/www.jinsai.org\/pt-BR\/?p=11303"},"modified":"2023-02-20T11:15:30","modified_gmt":"2023-02-20T14:15:30","slug":"superciencia","status":"publish","type":"post","link":"https:\/\/www.jinsai.org\/pt-BR\/ensinamentos\/johrei\/superciencia\/","title":{"rendered":"SUPERCI\u00caNCIA"},"content":{"rendered":"<div id=\"pl-11303\"  class=\"panel-layout\" ><div id=\"pg-11303-0\"  class=\"panel-grid panel-no-style\" ><div id=\"pgc-11303-0-0\"  class=\"panel-grid-cell\" ><div id=\"panel-11303-0-0-0\" class=\"so-panel widget_sow-editor panel-first-child\" data-index=\"0\" ><div\n\t\t\t\n\t\t\tclass=\"so-widget-sow-editor so-widget-sow-editor-base\"\n\t\t\t\n\t\t>\n<div class=\"siteorigin-widget-tinymce textwidget\">\n\t<p style=\"text-align: justify;\">Este ensaio \u00e9 um cap\u00edtulo de um manuscrito atualmente em andamento para o Livro da Revolu\u00e7\u00e3o da Ci\u00eancia M\u00e9dica.<\/p>\n<p style=\"text-align: justify;\">Outro dia, ouvi uma grava\u00e7\u00e3o de uma mesa redonda que inclu\u00eda o <a href=\"https:\/\/www.jinsai.org\/pt-BR\/meishu-sama\/autores\/hideki-yukawa\/\">Dr. Hideki Yukawa,<\/a> que voltou recentemente ao Jap\u00e3o. N\u00e3o pude conter minha alegria ao perceber que pelo que discutiram, parece que a ci\u00eancia se aproximou bastante do que ensino. Em sua discuss\u00e3o, eles falaram sobre a nova teoria da mat\u00e9ria condensada em contraste com a teoria das part\u00edculas. Eles discutiram os \u00e1tomos de mat\u00e9ria condensada que n\u00e3o s\u00e3o vis\u00edveis a olho nu em oposi\u00e7\u00e3o \u00e0s part\u00edculas fundamentais que s\u00e3o. Claro, as part\u00edculas pertencem ao campo da f\u00edsica experimental e a f\u00edsica da mat\u00e9ria condensada pertence ao dom\u00ednio da f\u00edsica te\u00f3rica. A f\u00edsica de part\u00edculas na f\u00edsica experimental \u00e9 o que quero dizer com o f\u00edsico, e a f\u00edsica da mat\u00e9ria condensada da f\u00edsica te\u00f3rica \u00e9 o que quero dizer com o espiritual, por isso pode ser visto como a ci\u00eancia fechou a lacuna entre ela mesma e o que eu ensino.<\/p>\n<p style=\"text-align: justify;\">A esse respeito, tem sido pr\u00e1tica dos f\u00edsicos, ao formular novas teorias, usar imagina\u00e7\u00e3o, infer\u00eancia e suposi\u00e7\u00e3o como base para proceder a experimentos reais. Isso tamb\u00e9m \u00e9 verdade no caso do Dr. Yukawa, e como \u00e9 bem sabido no caso de sua primeira descoberta, a do m\u00e9son (part\u00edcula), coincidentemente um cientista americano conseguiu descobrir e confirmar a presen\u00e7a do m\u00e9son enquanto fortuitamente p\u00f4de fotografar raios c\u00f3smicos pelos quais o Dr. Yukawa foi posteriormente premiado com o Pr\u00eamio Nobel. Mas a teoria que vai um passo al\u00e9m da do Dr. Yukawa \u00e9 a da mat\u00e9ria condensada, e \u00e9 essa teoria que \u00e9 o foco principal da pesquisa. Por\u00e9m, acho que para que esta pesquisa seja confirmada por meio de experimentos, levar\u00e1 muito tempo e esfor\u00e7o, al\u00e9m de enfrentar barreiras muito dif\u00edceis. Isso porque n\u00e3o ser\u00e1 f\u00e1cil desenvolver a microscopia a um n\u00edvel ou grau em que tal confirma\u00e7\u00e3o possa ser estabelecida. Mas mesmo supondo que a mat\u00e9ria condensada possa ser confirmada, essa descoberta n\u00e3o significar\u00e1 nada. O que \u00e9 mais essencial \u00e9 at\u00e9 que ponto tal descoberta contribuir\u00e1 para o bem-estar da humanidade. No que diz respeito a esta descoberta, no entanto, h\u00e1 um ponto importante que a ci\u00eancia nem sequer sonhou, e este ponto \u00e9 que se a ci\u00eancia progredir al\u00e9m de seus n\u00edveis atuais, ela entrar\u00e1 no que chamamos de esfera do esp\u00edrito. A esfera do esp\u00edrito \u00e9, claro, a religi\u00e3o e, nesse ponto, a ci\u00eancia naturalmente deixar\u00e1 para tr\u00e1s o dom\u00ednio da ci\u00eancia e se tornar\u00e1 subordinada \u00e0 religi\u00e3o. Assim, entendemos que o progresso da ci\u00eancia material atingiu seu limite extremo e que se pode dizer que a ci\u00eancia est\u00e1 a um passo de bater em uma parede de tijolos. Assim, se essa parede for penetrada, os microsc\u00f3pios provavelmente teriam que ter poder de amplia\u00e7\u00e3o mais do que v\u00e1rias vezes, nas dezenas e centenas de vezes mais fortes do que s\u00e3o atualmente, o que \u00e9 imposs\u00edvel. Mesmo que esse avan\u00e7o fosse poss\u00edvel, quem sabe em que s\u00e9culo esse avan\u00e7o ocorreria. Quando esses aspectos s\u00e3o considerados, seja em termos de ci\u00eancia material, filosofia ou das religi\u00f5es existentes, o progresso mundial daqui para frente deve ser visto como extremamente dif\u00edcil. \u00c9 nesse sentido que chegou a hora de aparecer uma esp\u00e9cie de X que transcende o atual n\u00edvel de cultura. De acordo com um grande salto de X, a grande crise no impasse da civiliza\u00e7\u00e3o atual ser\u00e1 superada e criada uma nova e maravilhosa civiliza\u00e7\u00e3o. Este projeto \u00e9 a minha miss\u00e3o.<\/p>\n<p style=\"text-align: justify;\">Vamos dar uma olhada mais profunda na teoria das part\u00edculas e na teoria da mat\u00e9ria condensada. O tipo de part\u00edcula que ensino \u00e9 composto de c\u00e9lulas semelhantes a subst\u00e2ncias e \u00e9 uma uni\u00e3o de mat\u00e9ria e esp\u00edrito. Em outras palavras, a mat\u00e9ria \u00e9 um pr\u00f3ton negativo e o esp\u00edrito \u00e9 um pr\u00f3ton positivo. Esta \u00e9 a composi\u00e7\u00e3o real de toda subst\u00e2ncia material. Este fato permaneceu desconhecido pela ci\u00eancia dos materiais at\u00e9 agora. Ent\u00e3o, por que algu\u00e9m como eu, com um conhecimento superficial da ci\u00eancia, faria uma descoberta cient\u00edfica de t\u00e3o alto n\u00edvel? Claro, \u00e9 porque, por necessidade, o Criador me instruiu, ent\u00e3o fui capaz de adquirir a verdade de tudo o que ningu\u00e9m na hist\u00f3ria foi capaz de fazer, e recebi o poder, a energia para apresentar provas reais de acordo com as regras da ci\u00eancia de materiais experimentais. Esta prova s\u00e3o os relatos de curas reais que ocorreram e que s\u00e3o apresentados no ap\u00eandice deste volume. \u00c9 claro que todos foram enviados por meus seguidores de v\u00e1rias esferas. O que eu gostaria de enfatizar \u00e9 que, seja na religi\u00e3o ou na ci\u00eancia, n\u00e3o deve haver boa not\u00edcia maior do que a salva\u00e7\u00e3o da preciosa vida humana. Deixe-me explicar em detalhes os princ\u00edpios dessas boas novas.<\/p>\n<p style=\"text-align: justify;\">Nem \u00e9 preciso dizer que os seres humanos s\u00e3o os primatas da cria\u00e7\u00e3o, os reis do planeta Terra, os governantes. Tudo nos c\u00e9us e na terra existe para uso dos seres humanos, \u00e9 necess\u00e1rio para sua exist\u00eancia. O que \u00e9 necess\u00e1rio \u00e9, antes de tudo, manter a vida humana e, segundo, apoiar e auxiliar na miss\u00e3o de cada indiv\u00edduo. \u00c9 o corpo humano que possibilita manter uma vitalidade robusta e criar as condi\u00e7\u00f5es para uma atividade saud\u00e1vel. Nesse caso, \u00e9 natural que haja uma fun\u00e7\u00e3o para afastar a doen\u00e7a quando ela ocorre, quando prejudica a sa\u00fade humana ou mesmo amea\u00e7a a pr\u00f3pria vida. N\u00e3o h\u00e1 nada intrigante ou misterioso. A quest\u00e3o nem merece considera\u00e7\u00e3o: embora um indiv\u00edduo possa ter satisfeito todas as condi\u00e7\u00f5es para uma vida feliz, as metas n\u00e3o podem ser alcan\u00e7adas enquanto a sa\u00fade for prec\u00e1ria. Nesse sentido, o que n\u00e3o garante e mant\u00e9m a vida n\u00e3o \u00e9 ci\u00eancia nem religi\u00e3o. Enquanto o problema da sa\u00fade puder ser resolvido, o que resolve a quest\u00e3o \u00e9 a verdadeira ci\u00eancia, a verdadeira religi\u00e3o. Visto que, lamentavelmente, at\u00e9 hoje nem a religi\u00e3o nem a ci\u00eancia tiveram essa capacidade, \u00e9 claro que n\u00e3o s\u00e3o verdadeiras, nem a verdadeira ci\u00eancia nem a verdadeira religi\u00e3o. Francamente falando, est\u00e1 muito claro que a civiliza\u00e7\u00e3o at\u00e9 hoje foi apenas tempor\u00e1ria, provis\u00f3ria e n\u00e3o genu\u00edna.<\/p>\n<p style=\"text-align: right;\">Jornal Eiko 222, p\u00e1g. A1 \u2013 19 de agosto de 1953<\/p>\n<p style=\"text-align: right;\">Traduzido pela Equipe Jinsai<\/p>\n<\/div>\n<\/div><\/div><div id=\"panel-11303-0-0-1\" class=\"widget_text so-panel widget_custom_html panel-last-child\" data-index=\"1\" ><div class=\"textwidget custom-html-widget\"><iframe loading=\"lazy\" src=\"https:\/\/www.facebook.com\/plugins\/like.php?href=https%3A%2F%2Fwww.jinsai.org%2Fpt-BR%2Fensinamentos%2Fjohrei%2Fsuperciencia&width=174&layout=button_count&action=like&size=large&share=false&height=46&appId=171964893011161\" width=\"174\" height=\"46\" style=\"border:none;overflow:hidden\" scrolling=\"no\" frameborder=\"0\" allowfullscreen=\"true\" allow=\"autoplay; clipboard-write; encrypted-media; picture-in-picture; web-share\"><\/iframe>\n<div id=\"fb-root\"><\/div>\n<script src=\"http:\/\/connect.facebook.net\/pt_BR\/all.js#appId=APP_ID&amp;xfbml=1\"><\/script><fb:comments href=\" https:\/\/www.jinsai.org\/pt-BR\/ensinamentos\/johrei\/superciencia\" num_posts=\"100\" width=\"500\"><\/fb:comments><meta property=\"fb:app_id\" content=\"171964893011161\">\n<div id=\"fb-root\"><\/div>\n<script>(function(d, s, id) {<br \/>\n  var js, fjs = d.getElementsByTagName(s)[0];<br \/>\n  if (d.getElementById(id)) return;<br \/>\n  js = d.createElement(s); js.id = id;<br \/>\n  js.src = 'https:\/\/connect.facebook.net\/pt_BR\/sdk.js#xfbml=1&version=v3.0&appId=171964893011161&autoLogAppEvents=1';<br \/>\n  fjs.parentNode.insertBefore(js, fjs);<br \/>\n}(document, 'script', 'facebook-jssdk'));<\/script>\n<div class=\"fb-share-button\" data-href=\" https:\/\/www.jinsai.org\/pt-BR\/ensinamentos\/johrei\/superciencia\" data-layout=\"button_count\" data-size=\"large\" data-mobile-iframe=\"true\"><a target=\"_blank\" href=\"https:\/\/www.facebook.com\/sharer\/sharer.php?u=http%3A%2F% https:\/\/www.jinsai.org\/pt-BR\/ensinamentos\/johrei\/superciencia%2F&amp;src=sdkpreparse\" class=\"fb-xfbml-parse-ignore\">Compartilhar<\/a><\/div>\n<\/div><\/div><\/div><\/div><\/div>","protected":false},"excerpt":{"rendered":"<p>Este ensaio \u00e9 um cap\u00edtulo de um manuscrito atualmente em andamento para o Livro da Revolu\u00e7\u00e3o da Ci\u00eancia M\u00e9dica. Outro dia, ouvi uma grava\u00e7\u00e3o de uma mesa redonda que inclu\u00eda o Dr. Hideki Yukawa, que voltou recentemente ao Jap\u00e3o. N\u00e3o pude conter minha alegria ao perceber que pelo que discutiram, parece que a ci\u00eancia se [&hellip;]<\/p>\n","protected":false},"author":1,"featured_media":1199,"comment_status":"open","ping_status":"closed","sticky":false,"template":"","format":"standard","meta":{"footnotes":""},"categories":[6],"tags":[],"class_list":{"0":"post-11303","1":"post","2":"type-post","3":"status-publish","4":"format-standard","5":"has-post-thumbnail","6":"hentry","7":"category-johrei","9":"post-with-thumbnail","10":"post-with-thumbnail-icon"},"_links":{"self":[{"href":"https:\/\/www.jinsai.org\/pt-BR\/wp-json\/wp\/v2\/posts\/11303","targetHints":{"allow":["GET"]}}],"collection":[{"href":"https:\/\/www.jinsai.org\/pt-BR\/wp-json\/wp\/v2\/posts"}],"about":[{"href":"https:\/\/www.jinsai.org\/pt-BR\/wp-json\/wp\/v2\/types\/post"}],"author":[{"embeddable":true,"href":"https:\/\/www.jinsai.org\/pt-BR\/wp-json\/wp\/v2\/users\/1"}],"replies":[{"embeddable":true,"href":"https:\/\/www.jinsai.org\/pt-BR\/wp-json\/wp\/v2\/comments?post=11303"}],"version-history":[{"count":6,"href":"https:\/\/www.jinsai.org\/pt-BR\/wp-json\/wp\/v2\/posts\/11303\/revisions"}],"predecessor-version":[{"id":11309,"href":"https:\/\/www.jinsai.org\/pt-BR\/wp-json\/wp\/v2\/posts\/11303\/revisions\/11309"}],"wp:featuredmedia":[{"embeddable":true,"href":"https:\/\/www.jinsai.org\/pt-BR\/wp-json\/wp\/v2\/media\/1199"}],"wp:attachment":[{"href":"https:\/\/www.jinsai.org\/pt-BR\/wp-json\/wp\/v2\/media?parent=11303"}],"wp:term":[{"taxonomy":"category","embeddable":true,"href":"https:\/\/www.jinsai.org\/pt-BR\/wp-json\/wp\/v2\/categories?post=11303"},{"taxonomy":"post_tag","embeddable":true,"href":"https:\/\/www.jinsai.org\/pt-BR\/wp-json\/wp\/v2\/tags?post=11303"}],"curies":[{"name":"wp","href":"https:\/\/api.w.org\/{rel}","templated":true}]}}