{"id":11333,"date":"2023-02-27T10:01:56","date_gmt":"2023-02-27T13:01:56","guid":{"rendered":"https:\/\/www.jinsai.org\/pt-BR\/?p=11333"},"modified":"2023-02-27T10:01:56","modified_gmt":"2023-02-27T13:01:56","slug":"crise-e-religiao","status":"publish","type":"post","link":"https:\/\/www.jinsai.org\/pt-BR\/ensinamentos\/sociedade\/crise-e-religiao\/","title":{"rendered":"CRISE E RELIGI\u00c3O"},"content":{"rendered":"<div id=\"pl-11333\"  class=\"panel-layout\" ><div id=\"pg-11333-0\"  class=\"panel-grid panel-no-style\" ><div id=\"pgc-11333-0-0\"  class=\"panel-grid-cell\" ><div id=\"panel-11333-0-0-0\" class=\"so-panel widget_sow-editor panel-first-child\" data-index=\"0\" ><div\n\t\t\t\n\t\t\tclass=\"so-widget-sow-editor so-widget-sow-editor-base\"\n\t\t\t\n\t\t>\n<div class=\"siteorigin-widget-tinymce textwidget\">\n\t<p style=\"text-align: justify;\">Todo mundo parece estar usando a palavra \"crise\" hoje em dia. A palavra \u00e9 usada tanto em contextos internacionais quanto dom\u00e9sticos, mas aqui gostaria de discutir como \"crise\" est\u00e1 sendo usada no cen\u00e1rio dom\u00e9stico e enfatizar a rela\u00e7\u00e3o de \"crise\" com a religi\u00e3o.<\/p>\n<p style=\"text-align: justify;\">No \u00e2mbito dom\u00e9stico, quando falamos de \u201ccrises\u201d, geralmente nos referimos a quest\u00f5es econ\u00f4micas, e especificamente \u00e0s altas taxas de desemprego na agricultura e nas m\u00e9dias empresas. A base desses problemas econ\u00f4micos, no entanto, repousa na pol\u00edtica. O mau estado da economia \u00e9 o que provocou a Liga de Sangue e os incidentes de 15 de maio.<\/p>\n<p style=\"text-align: justify;\">O objetivo dos envolvidos nesses incidentes era corrigir os erros da m\u00e1 influ\u00eancia da pol\u00edtica partid\u00e1ria na sociedade, em particular, a prote\u00e7\u00e3o das classes privilegiadas e os excessos da pol\u00edtica majorit\u00e1ria. Mesmo supondo que as reformas pedidas pudessem ser bem-sucedidas, ainda poder\u00edamos desfrutar de um sistema pol\u00edtico perfeito?<\/p>\n<p style=\"text-align: justify;\">Tenho s\u00e9rias d\u00favidas quanto \u00e0 possibilidade desse sucesso.<\/p>\n<p style=\"text-align: justify;\">Tenho d\u00favidas sobre essa possibilidade porque a base do governo constitucional \u00e9 formada tanto pelos eleitores quanto pelos que recebem os votos. As reclama\u00e7\u00f5es sobre o sistema costumam ser feitas apenas aos partidos pol\u00edticos, ou seja, aos grupos daqueles indiv\u00edduos que recebem os votos. N\u00e3o haver\u00e1 verdadeiro sucesso em melhorar o governo constitucional at\u00e9 que o outro lado de sua funda\u00e7\u00e3o, os eleitores, tamb\u00e9m melhore.<\/p>\n<p style=\"text-align: justify;\">Se a causa da corrup\u00e7\u00e3o pol\u00edtica est\u00e1 na compra de votos, ent\u00e3o os vendedores de votos, os eleitores, s\u00e3o t\u00e3o culpados quanto os pol\u00edticos que tentam comprar seus votos. As formas pol\u00edticas s\u00e3o meramente secund\u00e1rias, e o cerne do sistema \u00e9 o grau de senso de justi\u00e7a daqueles que fazem parte do sistema. Um senso de moralidade que se recusa terminantemente a receber ofertas para comprar seu voto deve ser instilado no povo.<\/p>\n<p style=\"text-align: justify;\">A situa\u00e7\u00e3o atual certamente mostra que a educa\u00e7\u00e3o tem sido ineficaz. Tenho certeza de que o poder da religi\u00e3o pode cultivar um senso de justi\u00e7a. Os l\u00edderes religiosos devem doravante trabalhar arduamente para despertar um senso de justi\u00e7a pol\u00edtica no povo. Eu acredito que \u00e9 por isso que a sociedade n\u00e3o tem os l\u00edderes religiosos em alta considera\u00e7\u00e3o. Os l\u00edderes religiosos perderam de vista os problemas que as pessoas enfrentam na vida di\u00e1ria e n\u00e3o est\u00e3o despertando para o fluxo do tempo.<\/p>\n<p style=\"text-align: right;\">Luz do Oriente, 1\u00aa Edi\u00e7\u00e3o - 23 de janeiro de 1935<\/p>\n<p style=\"text-align: right;\">Traduzido pela Equipe Jinsai<\/p>\n<\/div>\n<\/div><\/div><div id=\"panel-11333-0-0-1\" class=\"widget_text so-panel widget_custom_html panel-last-child\" data-index=\"1\" ><div class=\"textwidget custom-html-widget\"><iframe loading=\"lazy\" src=\"https:\/\/www.facebook.com\/plugins\/like.php?href=https%3A%2F%2Fwww.jinsai.org%2Fpt-BR%2Fensinamentos%2Fsociedade%2Fcrise-e-religiao&width=174&layout=button_count&action=like&size=large&share=false&height=46&appId=171964893011161\" width=\"174\" height=\"46\" style=\"border:none;overflow:hidden\" scrolling=\"no\" frameborder=\"0\" allowfullscreen=\"true\" allow=\"autoplay; clipboard-write; encrypted-media; picture-in-picture; web-share\"><\/iframe>\n<div id=\"fb-root\"><\/div>\n<script src=\"http:\/\/connect.facebook.net\/pt_BR\/all.js#appId=APP_ID&amp;xfbml=1\"><\/script><fb:comments href=\" https:\/\/www.jinsai.org\/pt-BR\/ensinamentos\/sociedade\/crise-e-religiao\" num_posts=\"100\" width=\"500\"><\/fb:comments><meta property=\"fb:app_id\" content=\"171964893011161\">\n<div id=\"fb-root\"><\/div>\n<script>(function(d, s, id) {<br \/>\n  var js, fjs = d.getElementsByTagName(s)[0];<br \/>\n  if (d.getElementById(id)) return;<br \/>\n  js = d.createElement(s); js.id = id;<br \/>\n  js.src = 'https:\/\/connect.facebook.net\/pt_BR\/sdk.js#xfbml=1&version=v3.0&appId=171964893011161&autoLogAppEvents=1';<br \/>\n  fjs.parentNode.insertBefore(js, fjs);<br \/>\n}(document, 'script', 'facebook-jssdk'));<\/script>\n<div class=\"fb-share-button\" data-href=\" https:\/\/www.jinsai.org\/pt-BR\/ensinamentos\/sociedade\/crise-e-religiao\" data-layout=\"button_count\" data-size=\"large\" data-mobile-iframe=\"true\"><a target=\"_blank\" href=\"https:\/\/www.facebook.com\/sharer\/sharer.php?u=http%3A%2F% https:\/\/www.jinsai.org\/pt-BR\/ensinamentos\/sociedade\/crise-e-religiao%2F&amp;src=sdkpreparse\" class=\"fb-xfbml-parse-ignore\">Compartilhar<\/a><\/div>\n<\/div><\/div><\/div><\/div><\/div>","protected":false},"excerpt":{"rendered":"<p>Todo mundo parece estar usando a palavra &#8220;crise&#8221; hoje em dia. A palavra \u00e9 usada tanto em contextos internacionais quanto dom\u00e9sticos, mas aqui gostaria de discutir como &#8220;crise&#8221; est\u00e1 sendo usada no cen\u00e1rio dom\u00e9stico e enfatizar a rela\u00e7\u00e3o de &#8220;crise&#8221; com a religi\u00e3o. No \u00e2mbito dom\u00e9stico, quando falamos de \u201ccrises\u201d, geralmente nos referimos a quest\u00f5es [&hellip;]<\/p>\n","protected":false},"author":1,"featured_media":1459,"comment_status":"open","ping_status":"closed","sticky":false,"template":"","format":"standard","meta":{"footnotes":""},"categories":[7],"tags":[],"class_list":{"0":"post-11333","1":"post","2":"type-post","3":"status-publish","4":"format-standard","5":"has-post-thumbnail","6":"hentry","7":"category-sociedade","9":"post-with-thumbnail","10":"post-with-thumbnail-icon"},"_links":{"self":[{"href":"https:\/\/www.jinsai.org\/pt-BR\/wp-json\/wp\/v2\/posts\/11333","targetHints":{"allow":["GET"]}}],"collection":[{"href":"https:\/\/www.jinsai.org\/pt-BR\/wp-json\/wp\/v2\/posts"}],"about":[{"href":"https:\/\/www.jinsai.org\/pt-BR\/wp-json\/wp\/v2\/types\/post"}],"author":[{"embeddable":true,"href":"https:\/\/www.jinsai.org\/pt-BR\/wp-json\/wp\/v2\/users\/1"}],"replies":[{"embeddable":true,"href":"https:\/\/www.jinsai.org\/pt-BR\/wp-json\/wp\/v2\/comments?post=11333"}],"version-history":[{"count":4,"href":"https:\/\/www.jinsai.org\/pt-BR\/wp-json\/wp\/v2\/posts\/11333\/revisions"}],"predecessor-version":[{"id":11337,"href":"https:\/\/www.jinsai.org\/pt-BR\/wp-json\/wp\/v2\/posts\/11333\/revisions\/11337"}],"wp:featuredmedia":[{"embeddable":true,"href":"https:\/\/www.jinsai.org\/pt-BR\/wp-json\/wp\/v2\/media\/1459"}],"wp:attachment":[{"href":"https:\/\/www.jinsai.org\/pt-BR\/wp-json\/wp\/v2\/media?parent=11333"}],"wp:term":[{"taxonomy":"category","embeddable":true,"href":"https:\/\/www.jinsai.org\/pt-BR\/wp-json\/wp\/v2\/categories?post=11333"},{"taxonomy":"post_tag","embeddable":true,"href":"https:\/\/www.jinsai.org\/pt-BR\/wp-json\/wp\/v2\/tags?post=11333"}],"curies":[{"name":"wp","href":"https:\/\/api.w.org\/{rel}","templated":true}]}}