{"id":1440,"date":"2018-06-29T17:48:49","date_gmt":"2018-06-29T20:48:49","guid":{"rendered":"http:\/\/www.jinsai.org\/pt-BR\/?p=1440"},"modified":"2018-08-06T08:33:32","modified_gmt":"2018-08-06T11:33:32","slug":"foto-da-formatura-do-segundo-nivel-da-escola-primaria-assakussa-o-mestre-jinsai-e-o-quarto-da-segunda-fileira-da-direita-para-a-esquerda","status":"publish","type":"post","link":"https:\/\/www.jinsai.org\/pt-BR\/mundo-do-belo\/imagens\/meishu-sama-img\/foto-da-formatura-do-segundo-nivel-da-escola-primaria-assakussa-o-mestre-jinsai-e-o-quarto-da-segunda-fileira-da-direita-para-a-esquerda\/","title":{"rendered":"FOTO DA FORMATURA DO SEGUNDO N\u00cdVEL DA ESCOLA PRIM\u00c1RIA ASSAKUSSA. O MESTRE JINSAI \u00c9 O QUARTO DA SEGUNDA FILEIRA, DA DIREITA PARA A ESQUERDA"},"content":{"rendered":"<p style=\"text-align: justify;\">Em mar\u00e7o de 1896, Meishu-Sama terminou o Segundo N\u00edvel da Escola Prim\u00e1ria Assakussa. Normalmente as crian\u00e7as levavam oito anos para termin\u00e1-lo, mas ele levou apenas sete. Era primavera, e Meishu-Sama estava com treze anos.<\/p>\n<p style=\"text-align: justify;\">Na lista dos formandos constava o rumo que os vinte e nove alunos iriam seguir. Tendo-se em vista que conclu\u00edram o Curso B\u00e1sico 106 crian\u00e7as, nota-se que poucas continuavam os estudos. Dentre os alunos que estavam terminando o Segundo N\u00edvel, menos da metade iria prossegui-los, ingressando no Curso Ginasial. Parece que a maior parte entraria para o com\u00e9rcio. Na linha correspondente ao Mestre Jinsai, constava:<\/p>\n<p style=\"text-align: justify;\">Com\u00e9rcio Mokiti Okada<\/p>\n<p style=\"text-align: justify;\">Por conseguinte, acreditamos que ele tenha trabalhado nesse ramo por algum tempo.<\/p>\n<p><iframe src=\"http:\/\/www.facebook.com\/plugins\/like.php?href= https:\/\/www.jinsai.org\/pt-BR\/mundo-belo\/imagens\/meishu-sama-img\/foto-da-formatura-do-segundo-nivel-da-escola-primaria-assakussa-o-mestre-jinsai-e-o-quarto-da-segunda-fileira-da-direita-para-a-esquerda\/&#038;%0Alayout=standard&#038;show_faces=false&#038;width=380&#038;action=like&#038;colorscheme=light&#038;height=25\" style=\"border: medium none ; overflow: hidden; width: 350px; height: 25px;\" allowtransparency=\"true\" frameborder=\"0\" scrolling=\"no\"><\/iframe><\/p>\n<div id=\"fb-root\"><\/div>\n<p><script src=\"http:\/\/connect.facebook.net\/pt_BR\/all.js#appId=APP_ID&amp;xfbml=1\"><\/script><fb:comments href=\"https:\/\/www.jinsai.org\/pt-BR\/mundo-belo\/imagens\/meishu-sama-img\/foto-da-formatura-do-segundo-nivel-da-escola-primaria-assakussa-o-mestre-jinsai-e-o-quarto-da-segunda-fileira-da-direita-para-a-esquerda\/\u201d num_posts=\"100\" width=\"500\"><\/fb:comments><meta property='fb:app_id' content='171964893011161'\/> <\/p>\n<div id=\"fb-root\"><\/div>\n<p><script>(function(d, s, id) {\n  var js, fjs = d.getElementsByTagName(s)[0];\n  if (d.getElementById(id)) return;\n  js = d.createElement(s); js.id = id;\n  js.src = 'https:\/\/connect.facebook.net\/en_US\/sdk.js#xfbml=1&version=v3.0&appId=171964893011161&autoLogAppEvents=1';\n  fjs.parentNode.insertBefore(js, fjs);\n}(document, 'script', 'facebook-jssdk'));<\/script><\/p>\n<div class=\"fb-share-button\" data-href=\"https:\/\/www.jinsai.org\/pt-BR\/mundo-belo\/imagens\/meishu-sama-img\/foto-da-formatura-do-segundo-nivel-da-escola-primaria-assakussa-o-mestre-jinsai-e-o-quarto-da-segunda-fileira-da-direita-para-a-esquerda\/\" data-layout=\"button_count\" data-size=\"large\" data-mobile-iframe=\"true\"><a target=\"_blank\" href=\"https:\/\/www.facebook.com\/sharer\/sharer.php?u=http%3A%2F%2Fwww.jinsai.org%2Fpt-BR%2Fmundo-belo%2Fimagens%2Fmeishu-sama-img%2Ffoto-da-formatura-do-segundo-nivel-da-escola-primaria-assakussa-o-mestre-jinsai-e-o-quarto-da-segunda-fileira-da-direita-para-a-esquerda%2F&amp;src=sdkpreparse\" class=\"fb-xfbml-parse-ignore\">Share<\/a><\/div>\n","protected":false},"excerpt":{"rendered":"<p>Em mar\u00e7o de 1896, Meishu-Sama terminou o Segundo N\u00edvel da Escola Prim\u00e1ria Assakussa. Normalmente as crian\u00e7as levavam oito anos para termin\u00e1-lo, mas ele levou apenas sete. Era primavera, e Meishu-Sama estava com treze anos. Na lista dos formandos constava o rumo que os vinte e nove alunos iriam seguir. Tendo-se em vista que conclu\u00edram o [&hellip;]<\/p>\n","protected":false},"author":1,"featured_media":1441,"comment_status":"closed","ping_status":"closed","sticky":false,"template":"","format":"standard","meta":{"footnotes":""},"categories":[26],"tags":[],"class_list":{"0":"post-1440","1":"post","2":"type-post","3":"status-publish","4":"format-standard","5":"has-post-thumbnail","6":"hentry","7":"category-meishu-sama-img","9":"post-with-thumbnail","10":"post-with-thumbnail-icon"},"_links":{"self":[{"href":"https:\/\/www.jinsai.org\/pt-BR\/wp-json\/wp\/v2\/posts\/1440","targetHints":{"allow":["GET"]}}],"collection":[{"href":"https:\/\/www.jinsai.org\/pt-BR\/wp-json\/wp\/v2\/posts"}],"about":[{"href":"https:\/\/www.jinsai.org\/pt-BR\/wp-json\/wp\/v2\/types\/post"}],"author":[{"embeddable":true,"href":"https:\/\/www.jinsai.org\/pt-BR\/wp-json\/wp\/v2\/users\/1"}],"replies":[{"embeddable":true,"href":"https:\/\/www.jinsai.org\/pt-BR\/wp-json\/wp\/v2\/comments?post=1440"}],"version-history":[{"count":4,"href":"https:\/\/www.jinsai.org\/pt-BR\/wp-json\/wp\/v2\/posts\/1440\/revisions"}],"predecessor-version":[{"id":3148,"href":"https:\/\/www.jinsai.org\/pt-BR\/wp-json\/wp\/v2\/posts\/1440\/revisions\/3148"}],"wp:featuredmedia":[{"embeddable":true,"href":"https:\/\/www.jinsai.org\/pt-BR\/wp-json\/wp\/v2\/media\/1441"}],"wp:attachment":[{"href":"https:\/\/www.jinsai.org\/pt-BR\/wp-json\/wp\/v2\/media?parent=1440"}],"wp:term":[{"taxonomy":"category","embeddable":true,"href":"https:\/\/www.jinsai.org\/pt-BR\/wp-json\/wp\/v2\/categories?post=1440"},{"taxonomy":"post_tag","embeddable":true,"href":"https:\/\/www.jinsai.org\/pt-BR\/wp-json\/wp\/v2\/tags?post=1440"}],"curies":[{"name":"wp","href":"https:\/\/api.w.org\/{rel}","templated":true}]}}