{"id":2166,"date":"2018-07-03T14:35:21","date_gmt":"2018-07-03T17:35:21","guid":{"rendered":"http:\/\/www.jinsai.org\/pt-BR\/?p=2166"},"modified":"2018-07-06T11:57:44","modified_gmt":"2018-07-06T14:57:44","slug":"tamanho-da-barba-e-cabelo","status":"publish","type":"post","link":"https:\/\/www.jinsai.org\/pt-BR\/ensinamentos\/curiosidades\/tamanho-da-barba-e-cabelo\/","title":{"rendered":"TAMANHO DA BARBA E CABELO"},"content":{"rendered":"<p class=\"style50\" style=\"text-align: justify;\"><strong>Pergunta:<\/strong> H\u00e1 algum tempo, quando ainda aplic\u00e1vamos terapia\u00b9, escutei de algu\u00e9m que n\u00e3o era membro que um terapeuta\u00b2 n\u00e3o deveria usar barba. O que pensa a respeito disso?<\/p>\n<p><!--more--><\/p>\n<p class=\"style50\" style=\"text-align: justify;\"><strong>Meishu-Sama: <\/strong>Deus concedeu a barba ao homem, pois ela inspira maior respeitabilidade. N\u00e3o h\u00e1 problema algum em se ter barba. Deve-se deixar o cabelo crescer um pouco. Quem corta cabelo muito curto s\u00e3o os monges budistas. Al\u00e9m disso, em outros continentes, o cabelo muito curto \u00e9 um estigma dos presidi\u00e1rios, e tamb\u00e9m deixa muito parecido com o corte dos militares. Agora que o Jap\u00e3o est\u00e1 se internacionalizando, \u00e9 melhor deixar o cabelo crescer um pouco.<\/p>\n<p style=\"text-align: right;\">Gokowa-roku n\u00ba1 \u2013 8 de dezembro de 1948<\/p>\n<p style=\"text-align: right;\">Traduzido pela Equipe do Jinsai.org<\/p>\n<p>&nbsp;<\/p>\n<p class=\"style50\" style=\"text-align: justify;\">(1) Anteriormente a junho de 1948, quando o termo Johrei foi definitivamente adotado, diversos termos eram utilizados. Dentre eles constavam \u201ctratamento de purifica\u00e7\u00e3o\u201d, \u201cprocedimento\u201d e \u201cterapia\u201d.<\/p>\n<p class=\"style50\" style=\"text-align: justify;\">(2) Nesta \u00e9poca os ministros eram chamados de terapeutas.<\/p>\n<p><iframe src=\"http:\/\/www.facebook.com\/plugins\/like.php?href= https:\/\/www.jinsai.org\/pt-BR\/ensinamentos\/curiosidades\/tamanho-da-barba-e-cabelo\/&#038;%0Alayout=standard&#038;show_faces=false&#038;width=380&#038;action=like&#038;colorscheme=light&#038;height=25\" style=\"border: medium none ; overflow: hidden; width: 350px; height: 25px;\" allowtransparency=\"true\" frameborder=\"0\" scrolling=\"no\"><\/iframe><\/p>\n<div id=\"fb-root\"><\/div>\n<p><script src=\"http:\/\/connect.facebook.net\/pt_BR\/all.js#appId=APP_ID&amp;xfbml=1\"><\/script><fb:comments href=\"https:\/\/www.jinsai.org\/pt-BR\/ensinamentos\/curiosidades\/tamanho-da-barba-e-cabelo\/\" num_posts=\"100\" width=\"500\"><\/fb:comments><meta property='fb:app_id' content='171964893011161'\/> <\/p>\n<div id=\"fb-root\"><\/div>\n<p><script>(function(d, s, id) {\n  var js, fjs = d.getElementsByTagName(s)[0];\n  if (d.getElementById(id)) return;\n  js = d.createElement(s); js.id = id;\n  js.src = 'https:\/\/connect.facebook.net\/en_US\/sdk.js#xfbml=1&version=v3.0&appId=171964893011161&autoLogAppEvents=1';\n  fjs.parentNode.insertBefore(js, fjs);\n}(document, 'script', 'facebook-jssdk'));<\/script><\/p>\n<div class=\"fb-share-button\" data-href=\"https:\/\/www.jinsai.org\/pt-BR\/ensinamentos\/curiosidades\/tamanho-da-barba-e-cabelo\/\" data-layout=\"button_count\" data-size=\"large\" data-mobile-iframe=\"true\"><a target=\"_blank\" href=\"https:\/\/www.facebook.com\/sharer\/sharer.php?u=http%3A%2F%2Fwww.jinsai.org%2Fpt-BR%2Fensinamentos%2Fcuriosidades%2Ftamanho-da-barba-e-cabelo%2F&amp;src=sdkpreparse\" class=\"fb-xfbml-parse-ignore\">Share<\/a><\/div>\n","protected":false},"excerpt":{"rendered":"<p>Pergunta: H\u00e1 algum tempo, quando ainda aplic\u00e1vamos terapia\u00b9, escutei de algu\u00e9m que n\u00e3o era membro que um terapeuta\u00b2 n\u00e3o deveria usar barba. O que pensa a respeito disso?<\/p>\n","protected":false},"author":1,"featured_media":2167,"comment_status":"closed","ping_status":"closed","sticky":false,"template":"","format":"standard","meta":{"footnotes":""},"categories":[3],"tags":[],"class_list":{"0":"post-2166","1":"post","2":"type-post","3":"status-publish","4":"format-standard","5":"has-post-thumbnail","6":"hentry","7":"category-curiosidades","9":"post-with-thumbnail","10":"post-with-thumbnail-icon"},"_links":{"self":[{"href":"https:\/\/www.jinsai.org\/pt-BR\/wp-json\/wp\/v2\/posts\/2166","targetHints":{"allow":["GET"]}}],"collection":[{"href":"https:\/\/www.jinsai.org\/pt-BR\/wp-json\/wp\/v2\/posts"}],"about":[{"href":"https:\/\/www.jinsai.org\/pt-BR\/wp-json\/wp\/v2\/types\/post"}],"author":[{"embeddable":true,"href":"https:\/\/www.jinsai.org\/pt-BR\/wp-json\/wp\/v2\/users\/1"}],"replies":[{"embeddable":true,"href":"https:\/\/www.jinsai.org\/pt-BR\/wp-json\/wp\/v2\/comments?post=2166"}],"version-history":[{"count":3,"href":"https:\/\/www.jinsai.org\/pt-BR\/wp-json\/wp\/v2\/posts\/2166\/revisions"}],"predecessor-version":[{"id":2686,"href":"https:\/\/www.jinsai.org\/pt-BR\/wp-json\/wp\/v2\/posts\/2166\/revisions\/2686"}],"wp:featuredmedia":[{"embeddable":true,"href":"https:\/\/www.jinsai.org\/pt-BR\/wp-json\/wp\/v2\/media\/2167"}],"wp:attachment":[{"href":"https:\/\/www.jinsai.org\/pt-BR\/wp-json\/wp\/v2\/media?parent=2166"}],"wp:term":[{"taxonomy":"category","embeddable":true,"href":"https:\/\/www.jinsai.org\/pt-BR\/wp-json\/wp\/v2\/categories?post=2166"},{"taxonomy":"post_tag","embeddable":true,"href":"https:\/\/www.jinsai.org\/pt-BR\/wp-json\/wp\/v2\/tags?post=2166"}],"curies":[{"name":"wp","href":"https:\/\/api.w.org\/{rel}","templated":true}]}}