{"id":2198,"date":"2018-07-03T15:18:36","date_gmt":"2018-07-03T18:18:36","guid":{"rendered":"http:\/\/www.jinsai.org\/pt-BR\/?p=2198"},"modified":"2018-07-05T17:51:00","modified_gmt":"2018-07-05T20:51:00","slug":"051-a-linha-do-equador-a-diferenca-climatica-e-a-respiracao-da-terra-nitrogenio","status":"publish","type":"post","link":"https:\/\/www.jinsai.org\/pt-BR\/ensinamentos\/coletaneas\/coletanea-de-astronomia-e-geofisica-4-planeta-terra\/051-a-linha-do-equador-a-diferenca-climatica-e-a-respiracao-da-terra-nitrogenio\/","title":{"rendered":"051 &#8211; A LINHA DO EQUADOR, A DIFEREN\u00c7A CLIM\u00c1TICA E A RESPIRA\u00c7\u00c3O DA TERRA (NITROG\u00caNIO)"},"content":{"rendered":"<p class=\"style50\" style=\"text-align: justify;\"><strong>Pergunta: <\/strong>Qual a rela\u00e7\u00e3o entre o processo de respira\u00e7\u00e3o da Terra e os climas dos hemisf\u00e9rios norte e sul serem opostos a partir da linha do Equador?<\/p>\n<p><!--more--><\/p>\n<p class=\"style50\" style=\"text-align: justify;\"><strong>Meishu-Sama: <\/strong>A \u00e1gua flui na horizontal. Ela atravessa a Terra do Polo Sul ao Polo Norte. J\u00e1 o elemento fogo, que tem no centro o calor, sobe e desce verticalmente. Com isso, o centro da Terra \u00e9 o lugar mais quente (Linha do Equador), enquanto que os polos Norte e Sul s\u00e3o frios porque ficam mais distantes do fogo do centro da Terra. Se compreender isso, n\u00e3o vai haver dificuldade para entender.<\/p>\n<p class=\"style50\" style=\"text-align: justify;\">A mesma coisa acontece em um espa\u00e7o f\u00edsico. \u00c9 diferente quando se est\u00e1 em p\u00e9 ou deitado.<\/p>\n<p class=\"style50\" style=\"text-align: justify;\">Quanto ao processo de respira\u00e7\u00e3o, refere-se ao processo de respira\u00e7\u00e3o da pr\u00f3pria Terra; a massa de fogo que tem no centro, uma vez por ano, se expande e se contrai. Pode-se dizer claramente que (o calor) n\u00e3o tem rela\u00e7\u00e3o com o clima. O calor do sol que irradia o elemento fogo \u00e9 fraco. Cientificamente, diz-se que a radia\u00e7\u00e3o do sol \u00e9 absorvida pelo solo e irradiada como calor. Isso n\u00e3o est\u00e1 correto. O Sol \u00e9 o esp\u00edrito do calor, j\u00e1 o calor da pr\u00f3pria Terra \u00e9 a mat\u00e9ria, por isso \u00e9 forte.<\/p>\n<p class=\"style50\" style=\"text-align: justify;\">O esp\u00edrito do calor da terra transpassa o solo. Esse calor se junta aos componentes do solo e formam o nitrog\u00eanio.<\/p>\n<p>&nbsp;<\/p>\n<p class=\"style50\" style=\"text-align: justify;\"><strong>NOTA<\/strong><\/p>\n<p class=\"style50\" style=\"text-align: justify;\"><strong>Pergunta: <\/strong>No livro &#8220;Bate-papo sobre a F\u00e9&#8221; est\u00e1 escrito que \u201co ver\u00e3o \u00e9 quente pois a Terra est\u00e1 expirando\u201d. Gostaria de fazer as seguintes perguntas:<\/p>\n<p class=\"style50\" style=\"text-align: justify;\">1) Por que os invernos e ver\u00f5es s\u00e3o opostos ao norte e ao sul da linha do Equador?<\/p>\n<p class=\"style50\" style=\"text-align: justify;\">2) Por que a regi\u00e3o da linha do Equador \u00e9 sempre quente?<\/p>\n<p class=\"style50\" style=\"text-align: justify;\"><strong>Meishu-Sama: <\/strong>S\u00e3o opostos porque os hemisf\u00e9rios est\u00e3o em cima e embaixo. A respira\u00e7\u00e3o da Terra, isto \u00e9, o Esp\u00edrito da Terra, move-se verticalmente para cima e para baixo, e por isso, os polos, que s\u00e3o distantes disso, s\u00e3o frios.<\/p>\n<p class=\"style50\" style=\"text-align: justify;\"><strong>Pergunta: <\/strong>Normalmente se explica que o eixo da Terra liga os polos Norte e Sul&#8230;<\/p>\n<p class=\"style50\" style=\"text-align: justify;\"><strong>Meishu-Sama:<\/strong> A diferen\u00e7a est\u00e1 na maneira de pensar. Basta voc\u00ea pensar que os p\u00f3los Norte e Sul s\u00e3o os dois lados e que a energia espiritual sobe e desce na superf\u00edcie da linha do Equador.<\/p>\n<p class=\"style50\" style=\"text-align: justify;\">Quando o esp\u00edrito da terra \u00e9 exalado, o tempo fica l\u00edmpido, e quando \u00e9 inspirado, chove. Na meteorologia, isto \u00e9 chamado de alta e baixa press\u00e3o.<\/p>\n<p class=\"style50\" style=\"text-align: justify;\">Dizem que os dias ficam longos ou curtos, \u00e9 que quando o sol gira em volta do centro da Terra, acompanhando a linha do Equador, o dia fica longo, e quando ele gira na extremidade, o dia torna-se curto.<\/p>\n<p class=\"style50\" style=\"text-align: justify;\">Os acad\u00eamicos hoje pregam a tese de que a Terra se move, mas isto \u00e9 mentira; a tese verdadeira \u00e9 que a Terra n\u00e3o se move. A tese que o c\u00e9u se move (geocentrismo) partiu do Cristianismo, e quando pela primeira vez Galileu pregou sua teoria de que a Terra se movia (heliocentrismo), ela foi considerada uma heresia e ele foi preso e torturado. Mas como tinha mais de 70 anos de idade, acabou sendo isentado da pris\u00e3o. Era uma \u00e9poca de pensamento feudal.<\/p>\n<p class=\"style50\" style=\"text-align: justify;\"><strong>Pergunta: <\/strong>Esta tese de que a Terra est\u00e1 parada, \u00e9 algo que apenas o Gr\u00e3o-Mestre (Meishu-Sama) tem conhecimento?<\/p>\n<p class=\"style50\" style=\"text-align: justify;\"><strong>Meishu-Sama:<\/strong> Sim, provavelmente sou o \u00fanico.<\/p>\n<p style=\"text-align: right;\"><span class=\"style50\">Gokowaroku n\u00ba1, em 8 de dezembro de 1948 <\/span><\/p>\n<p style=\"text-align: right;\">Traduzido pela Equipe do Jinsai.org<\/p>\n<p>&nbsp;<\/p>\n<p><iframe src=\"http:\/\/www.facebook.com\/plugins\/like.php?href= https:\/\/www.jinsai.org\/pt-BR\/ensinamentos\/coletaneas\/coletanea-de-astronomia-e-geofisica-4-planeta-terra\/051-a-linha-do-equador-a-diferenca-climatica-e-a-respiracao-da-terra-nitrogenio\/&#038;%0Alayout=standard&#038;show_faces=false&#038;width=380&#038;action=like&#038;colorscheme=light&#038;height=25\" style=\"border: medium none ; overflow: hidden; width: 350px; height: 25px;\" allowtransparency=\"true\" frameborder=\"0\" scrolling=\"no\"><\/iframe><\/p>\n<div id=\"fb-root\"><\/div>\n<p><script src=\"http:\/\/connect.facebook.net\/pt_BR\/all.js#appId=APP_ID&amp;xfbml=1\"><\/script><fb:comments href=\" https:\/\/www.jinsai.org\/pt-BR\/ensinamentos\/coletaneas\/coletanea-de-astronomia-e-geofisica-4-planeta-terra\/051-a-linha-do-equador-a-diferenca-climatica-e-a-respiracao-da-terra-nitrogenio\/\" num_posts=\"100\" width=\"500\"><\/fb:comments><meta property='fb:app_id' content='171964893011161'\/> <\/p>\n<div id=\"fb-root\"><\/div>\n<p><script>(function(d, s, id) {\n  var js, fjs = d.getElementsByTagName(s)[0];\n  if (d.getElementById(id)) return;\n  js = d.createElement(s); js.id = id;\n  js.src = 'https:\/\/connect.facebook.net\/pt_BR\/sdk.js#xfbml=1&version=v3.0&appId=171964893011161&autoLogAppEvents=1';\n  fjs.parentNode.insertBefore(js, fjs);\n}(document, 'script', 'facebook-jssdk'));<\/script><\/p>\n<div class=\"fb-share-button\" data-href=\"https:\/\/www.jinsai.org\/pt-BR\/ensinamentos\/coletaneas\/coletanea-de-astronomia-e-geofisica-4-planeta-terra\/051-a-linha-do-equador-a-diferenca-climatica-e-a-respiracao-da-terra-nitrogenio\/\" data-layout=\"button_count\" data-size=\"large\" data-mobile-iframe=\"true\"><a target=\"_blank\" href=\"https:\/\/www.facebook.com\/sharer\/sharer.php?u=http%3A%2F%2Fwww.jinsai.org%2Fpt-BR%2Fensinamentos%2Fcoletaneas%2Fcoletanea-de-astronomia-e-geofisica-4-planeta-terra%2F051-a-linha-do-equador-a-diferenca-climatica-e-a-respiracao-da-terra-nitrogenio%2F&amp;src=sdkpreparse\" class=\"fb-xfbml-parse-ignore\">Compartilhar<\/a><\/div>\n","protected":false},"excerpt":{"rendered":"<p>Pergunta: Qual a rela\u00e7\u00e3o entre o processo de respira\u00e7\u00e3o da Terra e os climas dos hemisf\u00e9rios norte e sul serem opostos a partir da linha do Equador?<\/p>\n","protected":false},"author":1,"featured_media":2199,"comment_status":"closed","ping_status":"closed","sticky":false,"template":"","format":"standard","meta":{"footnotes":""},"categories":[31],"tags":[],"class_list":{"0":"post-2198","1":"post","2":"type-post","3":"status-publish","4":"format-standard","5":"has-post-thumbnail","6":"hentry","7":"category-coletanea-de-astronomia-e-geofisica-4-planeta-terra","9":"post-with-thumbnail","10":"post-with-thumbnail-icon"},"_links":{"self":[{"href":"https:\/\/www.jinsai.org\/pt-BR\/wp-json\/wp\/v2\/posts\/2198","targetHints":{"allow":["GET"]}}],"collection":[{"href":"https:\/\/www.jinsai.org\/pt-BR\/wp-json\/wp\/v2\/posts"}],"about":[{"href":"https:\/\/www.jinsai.org\/pt-BR\/wp-json\/wp\/v2\/types\/post"}],"author":[{"embeddable":true,"href":"https:\/\/www.jinsai.org\/pt-BR\/wp-json\/wp\/v2\/users\/1"}],"replies":[{"embeddable":true,"href":"https:\/\/www.jinsai.org\/pt-BR\/wp-json\/wp\/v2\/comments?post=2198"}],"version-history":[{"count":3,"href":"https:\/\/www.jinsai.org\/pt-BR\/wp-json\/wp\/v2\/posts\/2198\/revisions"}],"predecessor-version":[{"id":2615,"href":"https:\/\/www.jinsai.org\/pt-BR\/wp-json\/wp\/v2\/posts\/2198\/revisions\/2615"}],"wp:featuredmedia":[{"embeddable":true,"href":"https:\/\/www.jinsai.org\/pt-BR\/wp-json\/wp\/v2\/media\/2199"}],"wp:attachment":[{"href":"https:\/\/www.jinsai.org\/pt-BR\/wp-json\/wp\/v2\/media?parent=2198"}],"wp:term":[{"taxonomy":"category","embeddable":true,"href":"https:\/\/www.jinsai.org\/pt-BR\/wp-json\/wp\/v2\/categories?post=2198"},{"taxonomy":"post_tag","embeddable":true,"href":"https:\/\/www.jinsai.org\/pt-BR\/wp-json\/wp\/v2\/tags?post=2198"}],"curies":[{"name":"wp","href":"https:\/\/api.w.org\/{rel}","templated":true}]}}