{"id":2222,"date":"2018-07-03T15:59:33","date_gmt":"2018-07-03T18:59:33","guid":{"rendered":"http:\/\/www.jinsai.org\/pt-BR\/?p=2222"},"modified":"2018-07-05T17:56:13","modified_gmt":"2018-07-05T20:56:13","slug":"068-a-variacao-da-temperatura-das-aguas-subterraneas-no-verao-e-no-inverno","status":"publish","type":"post","link":"https:\/\/www.jinsai.org\/pt-BR\/ensinamentos\/coletaneas\/coletanea-de-astronomia-e-geofisica-4-planeta-terra\/068-a-variacao-da-temperatura-das-aguas-subterraneas-no-verao-e-no-inverno\/","title":{"rendered":"068 &#8211; A VARIA\u00c7\u00c3O DA TEMPERATURA DAS \u00c1GUAS SUBTERR\u00c2NEAS NO VER\u00c3O E NO INVERNO"},"content":{"rendered":"<p class=\"style53\" style=\"text-align: justify;\"><strong>Pergunta<\/strong>: O interior do solo \u00e9 frio no ver\u00e3o e quente no inverno. O mesmo acontece com a \u00e1gua dos po\u00e7os artesianos e fontes naturais. O que causa a sensa\u00e7\u00e3o dela ser fria no ver\u00e3o e morna no inverno? Por favor, transmita-nos um ensinamento a este respeito.<\/p>\n<p style=\"text-align: justify;\"><!--more--><\/p>\n<p class=\"style53\" style=\"text-align: justify;\"><strong>Meishu-Sama<\/strong>: Isto se deve ao calor do solo. \u00c9 que a temperatura do ar no inverno \u00e9 mais fria do que o calor do solo e, no ver\u00e3o, ocorre o contr\u00e1rio. A neve \u00e9 derretida de baixo para cima, e n\u00e3o de cima para baixo. Fica mais frio conforme aproximamo-nos do pico de uma montanha, pois o efeito do calor do solo \u00e9 mais forte do que o efeito do calor do Sol.<\/p>\n<p style=\"text-align: right;\">12 de agosto de 1949<\/p>\n<p style=\"text-align: right;\">Traduzido pela equipe do Jinsai.org<\/p>\n<p>&nbsp;<\/p>\n<p style=\"text-align: justify;\"><strong>NOTA: <\/strong><\/p>\n<p class=\"style53\" align=\"justify\"><strong>Pergunta: <\/strong> \u00c9 explicado no Ensinamento que o movimento de respira\u00e7\u00e3o da Terra \u00e9 o que gera as quatro esta\u00e7\u00f5es, mas tamb\u00e9m \u00e9 comum se dizer que o motivo da exist\u00eancia das quatro esta\u00e7\u00f5es \u00e9 a rota\u00e7\u00e3o da Terra enquanto translada ao redor do Sol. Por favor, qual das explica\u00e7\u00f5es \u00e9 correta?<\/p>\n<p class=\"style53\" align=\"justify\"><strong>Meishu-Sama: <\/strong> O aquecimento da Terra se deve ao calor da pr\u00f3pria Terra. N\u00e3o \u00e9 a Terra que gira em torno, mas sim o Sol. A Terra tem influ\u00eancia maior, depois o Sol e por \u00faltimo a Lua. Os picos das montanhas s\u00e3o cobertos de neve, e o derretimento desta se d\u00e1 mais na parte de baixo do que em cima, por que h\u00e1 mais calor da Terra pr\u00f3ximo ao Solo. Se [a influ\u00eancia do] Sol fosse maior [do que o calor da Terra], a neve derreteria de cima para baixo, e os picos das montanhas deveriam derreter primeiro. As quatro esta\u00e7\u00f5es do ano se devem ao calor do Solo.<\/p>\n<div align=\"justify\">\n<p class=\"style53\">\n<\/div>\n<p style=\"text-align: right;\">1\u00ba de agosto de 1949<\/p>\n<p style=\"text-align: right;\">Traduzido pela equipe do Jinsai.org<\/p>\n<p>&nbsp;<\/p>\n<p><iframe src=\"http:\/\/www.facebook.com\/plugins\/like.php?href= https:\/\/www.jinsai.org\/pt-BR\/ensinamentos\/coletaneas\/coletanea-de-astronomia-e-geofisica-4-planeta-terra\/068-a-variacao-da-temperatura-das-aguas-subterraneas-no-verao-e-no-inverno\/&#038;%0Alayout=standard&#038;show_faces=false&#038;width=380&#038;action=like&#038;colorscheme=light&#038;height=25\" style=\"border: medium none ; overflow: hidden; width: 350px; height: 25px;\" allowtransparency=\"true\" frameborder=\"0\" scrolling=\"no\"><\/iframe><\/p>\n<div id=\"fb-root\"><\/div>\n<p><script src=\"http:\/\/connect.facebook.net\/pt_BR\/all.js#appId=APP_ID&amp;xfbml=1\"><\/script><fb:comments href=\"https:\/\/www.jinsai.org\/pt-BR\/ensinamentos\/coletaneas\/coletanea-de-astronomia-e-geofisica-4-planeta-terra\/068-a-variacao-da-temperatura-das-aguas-subterraneas-no-verao-e-no-inverno\/\" num_posts=\"100\" width=\"500\"><\/fb:comments><meta property='fb:app_id' content='171964893011161'\/> <\/p>\n<div id=\"fb-root\"><\/div>\n<p><script>(function(d, s, id) {\n  var js, fjs = d.getElementsByTagName(s)[0];\n  if (d.getElementById(id)) return;\n  js = d.createElement(s); js.id = id;\n  js.src = 'https:\/\/connect.facebook.net\/pt_BR\/sdk.js#xfbml=1&version=v3.0&appId=171964893011161&autoLogAppEvents=1';\n  fjs.parentNode.insertBefore(js, fjs);\n}(document, 'script', 'facebook-jssdk'));<\/script><\/p>\n<div class=\"fb-share-button\" data-href=\"https:\/\/www.jinsai.org\/pt-BR\/ensinamentos\/coletaneas\/coletanea-de-astronomia-e-geofisica-4-planeta-terra\/068-a-variacao-da-temperatura-das-aguas-subterraneas-no-verao-e-no-inverno\/\" data-layout=\"button_count\" data-size=\"large\" data-mobile-iframe=\"true\"><a target=\"_blank\" href=\"https:\/\/www.facebook.com\/sharer\/sharer.php?u=http%3A%2F%2Fwww.jinsai.org%2Fpt-BR%2Fensinamentos%2Fcoletaneas%2Fcoletanea-de-astronomia-e-geofisica-4-planeta-terra%2F068-a-variacao-da-temperatura-das-aguas-subterraneas-no-verao-e-no-inverno%2F&amp;src=sdkpreparse\" class=\"fb-xfbml-parse-ignore\">Compartilhar<\/a><\/div>\n","protected":false},"excerpt":{"rendered":"<p>Pergunta: O interior do solo \u00e9 frio no ver\u00e3o e quente no inverno. O mesmo acontece com a \u00e1gua dos po\u00e7os artesianos e fontes naturais. O que causa a sensa\u00e7\u00e3o dela ser fria no ver\u00e3o e morna no inverno? Por favor, transmita-nos um ensinamento a este respeito.<\/p>\n","protected":false},"author":1,"featured_media":2223,"comment_status":"closed","ping_status":"closed","sticky":false,"template":"","format":"standard","meta":{"footnotes":""},"categories":[31],"tags":[],"class_list":{"0":"post-2222","1":"post","2":"type-post","3":"status-publish","4":"format-standard","5":"has-post-thumbnail","6":"hentry","7":"category-coletanea-de-astronomia-e-geofisica-4-planeta-terra","9":"post-with-thumbnail","10":"post-with-thumbnail-icon"},"_links":{"self":[{"href":"https:\/\/www.jinsai.org\/pt-BR\/wp-json\/wp\/v2\/posts\/2222","targetHints":{"allow":["GET"]}}],"collection":[{"href":"https:\/\/www.jinsai.org\/pt-BR\/wp-json\/wp\/v2\/posts"}],"about":[{"href":"https:\/\/www.jinsai.org\/pt-BR\/wp-json\/wp\/v2\/types\/post"}],"author":[{"embeddable":true,"href":"https:\/\/www.jinsai.org\/pt-BR\/wp-json\/wp\/v2\/users\/1"}],"replies":[{"embeddable":true,"href":"https:\/\/www.jinsai.org\/pt-BR\/wp-json\/wp\/v2\/comments?post=2222"}],"version-history":[{"count":3,"href":"https:\/\/www.jinsai.org\/pt-BR\/wp-json\/wp\/v2\/posts\/2222\/revisions"}],"predecessor-version":[{"id":2620,"href":"https:\/\/www.jinsai.org\/pt-BR\/wp-json\/wp\/v2\/posts\/2222\/revisions\/2620"}],"wp:featuredmedia":[{"embeddable":true,"href":"https:\/\/www.jinsai.org\/pt-BR\/wp-json\/wp\/v2\/media\/2223"}],"wp:attachment":[{"href":"https:\/\/www.jinsai.org\/pt-BR\/wp-json\/wp\/v2\/media?parent=2222"}],"wp:term":[{"taxonomy":"category","embeddable":true,"href":"https:\/\/www.jinsai.org\/pt-BR\/wp-json\/wp\/v2\/categories?post=2222"},{"taxonomy":"post_tag","embeddable":true,"href":"https:\/\/www.jinsai.org\/pt-BR\/wp-json\/wp\/v2\/tags?post=2222"}],"curies":[{"name":"wp","href":"https:\/\/api.w.org\/{rel}","templated":true}]}}