{"id":2909,"date":"2018-07-10T10:09:28","date_gmt":"2018-07-10T13:09:28","guid":{"rendered":"http:\/\/www.jinsai.org\/pt-BR\/?p=2909"},"modified":"2018-07-10T10:50:05","modified_gmt":"2018-07-10T13:50:05","slug":"056-o-periodo-de-duracao-da-era-das-divindades","status":"publish","type":"post","link":"https:\/\/www.jinsai.org\/pt-BR\/ensinamentos\/coletaneas\/coletanea-de-explicacoes-divinas-6-historia-das-divindades\/056-o-periodo-de-duracao-da-era-das-divindades\/","title":{"rendered":"056 &#8211; O PER\u00cdODO DE DURA\u00c7\u00c3O DA ERA DAS DIVINDADES"},"content":{"rendered":"<p style=\"text-align: justify;\"><strong>Pergunta<\/strong>: Por quanto tempo durou a Era das Divindades?<!--more--><\/p>\n<p style=\"text-align: justify;\"><strong>Meishu-Sama<\/strong>: Segundo os registros da Amatsu-Kyo<a href=\"#_ftn1\" name=\"_ftnref1\">[1]<\/a>, o per\u00edodo de dura\u00e7\u00e3o da Era das Divindades estendeu-se pelas 72 gera\u00e7\u00f5es que antecederam o Imperador Jinmu<a href=\"#_ftn2\" name=\"_ftnref2\">[2]<\/a>, sendo que a primeira gera\u00e7\u00e3o durou cerca de 500 anos. Isso significa que a segunda e terceira gera\u00e7\u00f5es receberam o mesmo nome.<\/p>\n<p style=\"text-align: justify;\">A primeira gera\u00e7\u00e3o foi Yoshimoto.<\/p>\n<p style=\"text-align: justify;\">Essas eras s\u00e3o denominadas Era das Divindades.<\/p>\n<p>&nbsp;<\/p>\n<p style=\"text-align: right;\">Sem data<\/p>\n<p style=\"text-align: right;\">Traduzido pela Equipe do Jinsai.org<\/p>\n<p>&nbsp;<\/p>\n<p style=\"text-align: justify;\"><a href=\"#_ftnref1\" name=\"_ftn1\">[1]<\/a> <strong>Amatsu-Kyo<\/strong>: Nova religi\u00e3o japonesa que surgiu no in\u00edcio da era Showa (1926-1989). Em 1952, ap\u00f3s a cria\u00e7\u00e3o da Lei das Novas Religi\u00f5es, passou a chamar-se Kouso Kodaijingu Amatsu-Kyo.<\/p>\n<p style=\"text-align: justify;\"><a href=\"#_ftnref2\" name=\"_ftn2\">[2]<\/a> <strong>Jinmu<\/strong>: Imperador Jinmu \u00e9 considerado o primeiro Imperador do Jap\u00e3o. N\u00e3o existem informa\u00e7\u00f5es precisas sobre a data em que viveu. Acredita-se que governou o Jap\u00e3o de 660 a.C. at\u00e9 585 a.C. e a linha de sucess\u00e3o dos imperadores japoneses baseia-se nos seus descendentes diretos.<\/p>\n<p>&nbsp;<\/p>\n<p><iframe style=\"overflow: hidden; width: 350px; height: 25px;\" src=\"http:\/\/www.facebook.com\/plugins\/like.php?href=https:\/\/www.jinsai.org\/pt-BR\/ensinamentos\/coletaneas\/coletanea-de-explicacoes-divinas-6-historia-das-divindades\/056-o-periodo-de-duracao-da-era-das-divindades\/#_ftn1&amp;%0Alayout=standard&amp;show_faces=false&amp;width=380&amp;action=like&amp;colorscheme=light&amp;height=25\" frameborder=\"0\" scrolling=\"no\"><\/iframe><\/p>\n<div id=\"fb-root\"><\/div>\n<p><script src=\"http:\/\/connect.facebook.net\/pt_BR\/all.js#appId=APP_ID&amp;xfbml=1\"><\/script><fb:comments href=\"https:\/\/www.jinsai.org\/pt-BR\/ensinamentos\/coletaneas\/coletanea-de-explicacoes-divinas-6-historia-das-divindades\/056-o-periodo-de-duracao-da-era-das-divindades\/ \" num_posts=\"100\" width=\"500\"><\/fb:comments><meta property='fb:app_id' content='171964893011161'\/> <\/p>\n<div id=\"fb-root\"><\/div>\n<p><script>(function(d, s, id) {\n  var js, fjs = d.getElementsByTagName(s)[0];\n  if (d.getElementById(id)) return;\n  js = d.createElement(s); js.id = id;\n  js.src = 'https:\/\/connect.facebook.net\/pt_BR\/sdk.js#xfbml=1&version=v3.0&appId=171964893011161&autoLogAppEvents=1';\n  fjs.parentNode.insertBefore(js, fjs);\n}(document, 'script', 'facebook-jssdk'));<\/script><\/p>\n<div class=\"fb-share-button\" data-href=\"https:\/\/www.jinsai.org\/pt-BR\/ensinamentos\/coletaneas\/coletanea-de-explicacoes-divinas-6-historia-das-divindades\/056-o-periodo-de-duracao-da-era-das-divindades\/\" data-layout=\"button_count\" data-size=\"large\" data-mobile-iframe=\"true\"><a class=\"fb-xfbml-parse-ignore\" href=\"https:\/\/www.facebook.com\/sharer\/sharer.php?u=http%3A%2F%2Fwww.jinsai.org%2Fpt-BR%2Fensinamentos%2Fcoletaneas%2Fcoletanea-de-explicacoes-divinas-6-historia-das-divindades%2F056-o-periodo-de-duracao-da-era-das-divindades%2F&amp;src=sdkpreparse\" target=\"_blank\" rel=\"noopener\">Compartilhar<\/a><\/div>\n","protected":false},"excerpt":{"rendered":"<p>Pergunta: Por quanto tempo durou a Era das Divindades?<\/p>\n","protected":false},"author":1,"featured_media":2910,"comment_status":"closed","ping_status":"closed","sticky":false,"template":"","format":"standard","meta":{"footnotes":""},"categories":[22],"tags":[],"class_list":{"0":"post-2909","1":"post","2":"type-post","3":"status-publish","4":"format-standard","5":"has-post-thumbnail","6":"hentry","7":"category-coletanea-de-explicacoes-divinas-6-historia-das-divindades","9":"post-with-thumbnail","10":"post-with-thumbnail-icon"},"_links":{"self":[{"href":"https:\/\/www.jinsai.org\/pt-BR\/wp-json\/wp\/v2\/posts\/2909","targetHints":{"allow":["GET"]}}],"collection":[{"href":"https:\/\/www.jinsai.org\/pt-BR\/wp-json\/wp\/v2\/posts"}],"about":[{"href":"https:\/\/www.jinsai.org\/pt-BR\/wp-json\/wp\/v2\/types\/post"}],"author":[{"embeddable":true,"href":"https:\/\/www.jinsai.org\/pt-BR\/wp-json\/wp\/v2\/users\/1"}],"replies":[{"embeddable":true,"href":"https:\/\/www.jinsai.org\/pt-BR\/wp-json\/wp\/v2\/comments?post=2909"}],"version-history":[{"count":10,"href":"https:\/\/www.jinsai.org\/pt-BR\/wp-json\/wp\/v2\/posts\/2909\/revisions"}],"predecessor-version":[{"id":2935,"href":"https:\/\/www.jinsai.org\/pt-BR\/wp-json\/wp\/v2\/posts\/2909\/revisions\/2935"}],"wp:featuredmedia":[{"embeddable":true,"href":"https:\/\/www.jinsai.org\/pt-BR\/wp-json\/wp\/v2\/media\/2910"}],"wp:attachment":[{"href":"https:\/\/www.jinsai.org\/pt-BR\/wp-json\/wp\/v2\/media?parent=2909"}],"wp:term":[{"taxonomy":"category","embeddable":true,"href":"https:\/\/www.jinsai.org\/pt-BR\/wp-json\/wp\/v2\/categories?post=2909"},{"taxonomy":"post_tag","embeddable":true,"href":"https:\/\/www.jinsai.org\/pt-BR\/wp-json\/wp\/v2\/tags?post=2909"}],"curies":[{"name":"wp","href":"https:\/\/api.w.org\/{rel}","templated":true}]}}