{"id":3735,"date":"2019-01-08T13:02:01","date_gmt":"2019-01-08T15:02:01","guid":{"rendered":"http:\/\/www.jinsai.org\/pt-BR\/?p=3735"},"modified":"2021-05-30T18:29:22","modified_gmt":"2021-05-30T21:29:22","slug":"henri-bergson","status":"publish","type":"post","link":"https:\/\/www.jinsai.org\/pt-BR\/meishu-sama\/autores\/henri-bergson\/","title":{"rendered":"HENRI BERGSON"},"content":{"rendered":"<p style=\"text-align: justify;\">O fil\u00f3sofo e diplomata franc\u00eas Henri Bergson nasceu em Paris, em 18 de outubro de 1859. Conhecido principalmente por Ensaios sobre os dados imediatos da consci\u00eancia, Mat\u00e9ria e Mem\u00f3ria, A evolu\u00e7\u00e3o criadora e As duas fontes da moral e da religi\u00e3o, sua obra \u00e9 de grande atualidade e tem sido estudada em diferentes disciplinas &#8211; cinema, literatura, neuropsicologia, bio\u00e9tica, entre outras. Recebeu o Nobel de Literatura de 1927. Bergson \u00e9 freq\u00fcentemente situado na hist\u00f3ria da filosofia como espiritualista evolucionista.<\/p>\n<p style=\"text-align: justify;\">A filosofia de Bergson \u00e9 a princ\u00edpio uma nega\u00e7\u00e3o, isto \u00e9, uma cr\u00edtica \u00e0s formas de determinismo e \u201ccoisifica\u00e7\u00e3o\u201d do homem. Em outras palavras, a sua pesquisa filos\u00f3fica \u00e9 uma afirma\u00e7\u00e3o da liberdade humana frente \u00e0s vertentes cient\u00edficas e filos\u00f3ficas que querem reduzir a dimens\u00e3o espiritual do homem a leis previs\u00edveis e manipul\u00e1veis, an\u00e1logas \u00e0s leis naturais e biol\u00f3gicas. Seu pensamento est\u00e1 fundamentado na afirma\u00e7\u00e3o da possibilidade do real ser compreendido pelo homem por meio da intui\u00e7\u00e3o da dura\u00e7\u00e3o \u2013 conceitos que perpassam toda sua bibliografia. O pr\u00f3prio fil\u00f3sofo chegou a dizer que para compreender a sua filosofia \u00e9 preciso partir da intui\u00e7\u00e3o da dura\u00e7\u00e3o.<\/p>\n<p>&nbsp;<\/p>\n<p style=\"text-align: justify;\"><strong>Conceitos<\/strong><\/p>\n<p style=\"text-align: justify;\"><strong>Dura\u00e7\u00e3o, <\/strong>na obra de Bergson, \u00e9 o correr do tempo uno e interpenetrado, isto \u00e9, os momentos temporais somados uns aos outros formando um todo indivis\u00edvel e coeso. Oposto ao tempo f\u00edsico ou sucess\u00e3o divis\u00edvel que \u00e9 pass\u00edvel de ser calculado e analisado pela ci\u00eancia, o tempo vivido \u00e9 incompreens\u00edvel para a intelig\u00eancia l\u00f3gica por ser qualitativo, enquanto o tempo f\u00edsico \u00e9 quantitativo.<\/p>\n<p style=\"text-align: justify;\">Tempo e espa\u00e7o n\u00e3o pertencem \u00e0 mesma natureza, tanto que podemos afirmar que a consci\u00eancia (dura\u00e7\u00e3o interna) e o \u201ctempo espacilizado\u201d se op\u00f5em. Esse \u00faltimo \u00e9 criticado pelo fil\u00f3sofo como uma das express\u00f5es da vertente determinista das ci\u00eancias e filosofias.<\/p>\n<p style=\"text-align: justify;\">J\u00e1 a <strong>Intui\u00e7\u00e3o<\/strong> significa para Bergson apreens\u00e3o imediata da realidade por coincid\u00eancia com o objeto. Em outras palavras, \u00e9 a realidade sentida e compreendida absolutamente de modo direto, sem utilizar as ferramentas l\u00f3gicas do entendimento: a an\u00e1lise e a tradu\u00e7\u00e3o. Diferencia-se da intelig\u00eancia que, apropriando-se do mundo atrav\u00e9s de ferramentas, calcula e prev\u00ea intervalos do mesmo plano espa\u00e7o-temporal; a intui\u00e7\u00e3o, ao contr\u00e1rio, penetra no interior da vida coincidindo com o real imediatamente. A intui\u00e7\u00e3o \u00e9 uma forma de conhecimento que penetra no interior do objeto de modo imediato, isto \u00e9, sem o ato de analisar e traduzir. A intui\u00e7\u00e3o pode ser entendida, portanto, como uma experi\u00eancia metaf\u00edsica.<\/p>\n<p style=\"text-align: justify;\">A partir de 1925 passou a sofrer de um reumatismo, que o deixou semi-paralisado, a ponto de impedi-lo de ir a Estocolmo para receber o Nobel de Literatura de 1927. Escreveu com grande dificuldade seu \u00faltimo livro, publicado em 1932: \u201cAs Duas Fontes da Moral e da Religi\u00e3o\u201d. Nessa \u00e9poca, aproxima-se do cristianismo, mas n\u00e3o se converte por preferir n\u00e3o abandonar seus irm\u00e3os de ra\u00e7a que ser\u00e3o perseguidos pelo regime Nazista de Hitler. Faleceu em 1941, em 4 de janeiro, aos 81 anos, em Paris.<\/p>\n<p>&nbsp;<\/p>\n<p>Leia aqui o Ensinamento do Mestre Jinsai &#8220;<a href=\"https:\/\/www.jinsai.org\/pt-BR\/ensinamentos\/sociedade\/filosofia-da-intuicao\/\">Filosofia da Intui\u00e7\u00e3o<\/a>&#8221;<\/p>\n<p>Leia aqui o Ensinamento do Mestre Jinsai &#8220;<a href=\"https:\/\/www.jinsai.org\/pt-BR\/ensinamentos\/sociedade\/novamente-a-respeito-de-bergson\/\">Novamente a respeito de Bergson<\/a>&#8221;<\/p>\n<p>&nbsp;<\/p>\n<p><iframe src=\"http:\/\/www.facebook.com\/plugins\/like.php?href=   https:\/\/www.jinsai.org\/pt-BR\/meishu-sama\/autores\/henri-bergson\/&amp;%0Alayout=standard&amp;show_faces=false&amp;width=380&amp;action=like&amp;colorscheme=light&amp;height=25\" style=\"border: medium none ; ovew: hidden; width: 350px; height: 25px;\" allowtransparencyrflo=\"true\" frameborder=\"0\" scrolling=\"no\"><\/iframe><\/p>\n<div id=\"fb-root\"><\/div>\n<p><script src=\"http:\/\/connect.facebook.net\/pt_BR\/all.js#appId=APP_ID&amp;xfbml=1\"><\/script><fb:comments href=\"  https:\/\/www.jinsai.org\/pt-BR\/meishu-sama\/autores\/henri-bergson\/\" num_posts=\"100\" width=\"500\"><\/fb:comments><meta property=\"fb:app_id\" content=\"171964893011161\"><\/p>\n<div id=\"fb-root\"><\/div>\n<p><script>(function(d, s, id) {<br \/>\n  var js, fjs = d.getElementsByTagName(s)[0];<br \/>\n  if (d.getElementById(id)) return;<br \/>\n  js = d.createElement(s); js.id = id;<br \/>\n  js.src = 'https:\/\/connect.facebook.net\/pt_BR\/sdk.js#xfbml=1&version=v3.0&appId=171964893011161&autoLogAppEvents=1';<br \/>\n  fjs.parentNode.insertBefore(js, fjs);<br \/>\n}(document, 'script', 'facebook-jssdk'));<\/script><\/p>\n<div class=\"fb-share-button\" data-href=\"  https:\/\/www.jinsai.org\/pt-BR\/meishu-sama\/autores\/henri-bergson\/\" data-layout=\"button_count\" data-size=\"large\" data-mobile-iframe=\"true\"><a target=\"_blank\" href=\"https:\/\/www.facebook.com\/sharer\/sharer.php?u=http%3A%2F%   https:\/\/www.jinsai.org\/pt-BR\/meishu-sama\/autores\/henri-bergson\/%2F&amp;src=sdkpreparse\" class=\"fb-xfbml-parse-ignore\" rel=\"noopener noreferrer\">Compartilhar<\/a><\/div>\n","protected":false},"excerpt":{"rendered":"<p>O fil\u00f3sofo e diplomata franc\u00eas Henri Bergson nasceu em Paris, em 18 de outubro de 1859. Conhecido principalmente por Ensaios sobre os dados imediatos da consci\u00eancia, Mat\u00e9ria e Mem\u00f3ria, A evolu\u00e7\u00e3o criadora e As duas fontes da moral e da religi\u00e3o, sua obra \u00e9 de grande atualidade e tem sido estudada em diferentes disciplinas &#8211; [&hellip;]<\/p>\n","protected":false},"author":1,"featured_media":3737,"comment_status":"open","ping_status":"closed","sticky":false,"template":"","format":"standard","meta":{"footnotes":""},"categories":[38],"tags":[],"class_list":{"0":"post-3735","1":"post","2":"type-post","3":"status-publish","4":"format-standard","5":"has-post-thumbnail","6":"hentry","7":"category-autores","9":"post-with-thumbnail","10":"post-with-thumbnail-icon"},"_links":{"self":[{"href":"https:\/\/www.jinsai.org\/pt-BR\/wp-json\/wp\/v2\/posts\/3735","targetHints":{"allow":["GET"]}}],"collection":[{"href":"https:\/\/www.jinsai.org\/pt-BR\/wp-json\/wp\/v2\/posts"}],"about":[{"href":"https:\/\/www.jinsai.org\/pt-BR\/wp-json\/wp\/v2\/types\/post"}],"author":[{"embeddable":true,"href":"https:\/\/www.jinsai.org\/pt-BR\/wp-json\/wp\/v2\/users\/1"}],"replies":[{"embeddable":true,"href":"https:\/\/www.jinsai.org\/pt-BR\/wp-json\/wp\/v2\/comments?post=3735"}],"version-history":[{"count":5,"href":"https:\/\/www.jinsai.org\/pt-BR\/wp-json\/wp\/v2\/posts\/3735\/revisions"}],"predecessor-version":[{"id":9322,"href":"https:\/\/www.jinsai.org\/pt-BR\/wp-json\/wp\/v2\/posts\/3735\/revisions\/9322"}],"wp:featuredmedia":[{"embeddable":true,"href":"https:\/\/www.jinsai.org\/pt-BR\/wp-json\/wp\/v2\/media\/3737"}],"wp:attachment":[{"href":"https:\/\/www.jinsai.org\/pt-BR\/wp-json\/wp\/v2\/media?parent=3735"}],"wp:term":[{"taxonomy":"category","embeddable":true,"href":"https:\/\/www.jinsai.org\/pt-BR\/wp-json\/wp\/v2\/categories?post=3735"},{"taxonomy":"post_tag","embeddable":true,"href":"https:\/\/www.jinsai.org\/pt-BR\/wp-json\/wp\/v2\/tags?post=3735"}],"curies":[{"name":"wp","href":"https:\/\/api.w.org\/{rel}","templated":true}]}}