{"id":4085,"date":"2019-04-03T08:10:44","date_gmt":"2019-04-03T11:10:44","guid":{"rendered":"http:\/\/www.jinsai.org\/pt-BR\/?p=4085"},"modified":"2019-04-03T08:39:11","modified_gmt":"2019-04-03T11:39:11","slug":"capitulo-20-a-primazia-do-espirito-sobre-a-materia","status":"publish","type":"post","link":"https:\/\/www.jinsai.org\/pt-BR\/ensinamentos\/criacao-da-civilizacao\/volume-2-medicina-divina\/capitulo-20-a-primazia-do-espirito-sobre-a-materia\/","title":{"rendered":"CAP\u00cdTULO 20 &#8211; A PRIMAZIA DO ESP\u00cdRITO SOBRE A MAT\u00c9RIA"},"content":{"rendered":"<p style=\"text-align: justify;\">No cap\u00edtulo anterior, vimos a rela\u00e7\u00e3o entre o Mundo Imaterial e as doen\u00e7as humanas. Chamamos esse Mundo Imaterial de Mundo Espiritual. Agora examinaremos a rela\u00e7\u00e3o entre o Mundo Espiritual e o ser humano.<\/p>\n<p style=\"text-align: justify;\">O homem \u00e9 constitu\u00eddo de dois principais elementos, inseparavelmente unidos: corpo e esp\u00edrito. O corpo \u00e9 vis\u00edvel por ser material. Mas o esp\u00edrito, por ser invis\u00edvel, n\u00e3o tem sido geralmente compreendido. Sua exist\u00eancia, por\u00e9m, \u00e9 igualmente certa. Trata-se de uma esp\u00e9cie de corpo et\u00e9reo e existem meios para perceb\u00ea-lo. Assim como o corpo f\u00edsico est\u00e1 dentro do ar, o esp\u00edrito do homem est\u00e1 dentro do Mundo Espiritual. O Mundo Espiritual \u00e9 um corpo transparente muito mais rarefeito do que o ar, com o qual n\u00e3o pode ser comparado. Por isso, \u00e9 compreens\u00edvel que tenha sido considerado como nada. E, no entanto, esse mundo \u00e9 antes a fonte de onde se originam todas as coisas. Nele est\u00e1 armazenada uma energia absoluta e infinita que gera e desenvolve tudo o que existe.<\/p>\n<p style=\"text-align: justify;\">A ess\u00eancia do Mundo Espiritual \u00e9 formada por uma fus\u00e3o perfeitamente integrada dos esp\u00edritos <em>(sei)<\/em> do Sol, da Lua e da Terra. \u00c9 um mundo misterioso, que est\u00e1 al\u00e9m da imagina\u00e7\u00e3o. A quest\u00e3o \u00e9 que o ser humano, quando desempenha as suas fun\u00e7\u00f5es individuais, acumula nuvens no esp\u00edrito da mesma maneira como acumula sujidades no corpo f\u00edsico. Assim como o banho lava as sujidades acumuladas no corpo f\u00edsico, uma a\u00e7\u00e3o purificadora natural surgir\u00e1 para limpar as impurezas do corpo espiritual. Isto ocorre n\u00e3o somente com o homem, mas tamb\u00e9m com todas as outras coisas do C\u00e9u e da Terra. Quando, por exemplo, impurezas se acumulam no corpo espiritual da Terra, a Natureza as concentra num determinado lugar para limp\u00e1-las mediante a baixa press\u00e3o atmosf\u00e9rica, que \u00e9 uma atividade purificadora.<\/p>\n<p style=\"text-align: justify;\">As tempestades, enchentes e inc\u00eandios, seja os deflagrados por raios ou provocados pelo homem, tamb\u00e9m constituem atividades purificadoras. De modo an\u00e1logo, processa-se a\u00e7\u00e3o purificadora no ser humano. As impurezas que se acumulam no esp\u00edrito do homem s\u00e3o uma esp\u00e9cie de nuvens. Essas nuvens formam a parte opaca do esp\u00edrito que, originalmente, \u00e9 um corpo transparente.<\/p>\n<p style=\"text-align: justify;\">As nuvens s\u00e3o criadas de duas maneiras: 1) podem surgir no pr\u00f3prio esp\u00edrito; 2) podem refletir-se do corpo para o esp\u00edrito.<\/p>\n<p style=\"text-align: justify;\">Explicarei, primeiramente, a parte espiritual. Verticalmente, o homem \u00e9 constitu\u00eddo de tr\u00eas n\u00edveis conc\u00eantricos. Horizontalmente, temos tr\u00eas camadas conc\u00eantricas, que podem ser imaginadas desta forma:<\/p>\n<p style=\"text-align: justify;\"><img loading=\"lazy\" decoding=\"async\" class=\"aligncenter wp-image-4086 size-full\" src=\"https:\/\/www.jinsai.org\/pt-BR\/wp-content\/uploads\/2019\/04\/Doc3-page-001.jpg\" alt=\"\" width=\"976\" height=\"400\" srcset=\"https:\/\/www.jinsai.org\/pt-BR\/wp-content\/uploads\/2019\/04\/Doc3-page-001.jpg 976w, https:\/\/www.jinsai.org\/pt-BR\/wp-content\/uploads\/2019\/04\/Doc3-page-001-300x123.jpg 300w, https:\/\/www.jinsai.org\/pt-BR\/wp-content\/uploads\/2019\/04\/Doc3-page-001-768x315.jpg 768w\" sizes=\"auto, (max-width: 976px) 100vw, 976px\" \/><\/p>\n<p style=\"text-align: justify;\">A alma, naturalmente, \u00e9 o centro do c\u00edrculo. Pela Lei da Natureza, quando um ser humano \u00e9 concebido neste mundo, a alma, procedente do homem, \u00e9 instalada no ventre da mulher. A alma em si, como se sabe, \u00e9 um pontinho infinitesimal. Cada alma tem a sua individualidade e exerce absoluto controle sobre o indiv\u00edduo enquanto este tiver vida.<\/p>\n<p style=\"text-align: justify;\">A alma \u00e9 envolta e protegida pela mente. A mente \u00e9 envolta pelo esp\u00edrito. O esp\u00edrito enche o corpo inteiro e por isso tem a mesma forma do corpo f\u00edsico. Como o esp\u00edrito e o corpo est\u00e3o unidos, o estado da alma reflete no esp\u00edrito atrav\u00e9s da mente. Ao mesmo tempo, o estado do esp\u00edrito tamb\u00e9m reflete na alma atrav\u00e9s da mente. A alma, a mente e o esp\u00edrito est\u00e3o inter-relacionados, podendo ser considerados uma trindade.<\/p>\n<p style=\"text-align: justify;\">O homem, durante a sua exist\u00eancia, pratica tanto o Bem quanto o Mal. Quando o Mal \u00e9 maior do que o Bem praticado, transforma-se em pecados e m\u00e1culas que anuviam a alma. Estas nuvens toldam a mente e, a seguir, tamb\u00e9m o esp\u00edrito. Quando a acumula\u00e7\u00e3o de nuvens ultrapassa um certo limite, surge uma a\u00e7\u00e3o purificadora espont\u00e2nea para dissolv\u00ea-las e elimin\u00e1-las. Antes de iniciar-se esse processo, as nuvens esparsas se acumulam pouco a pouco em um ou mais pontos, onde se adensam e diminuem de volume, at\u00e9 se solidificarem.<\/p>\n<p style=\"text-align: justify;\">O interessante \u00e9 que as \u00e1reas onde ocorre a condensa\u00e7\u00e3o correspondem ao pecado cometido. Assim, por exemplo, as nuvens se condensar\u00e3o nos olhos de quem pecou com os olhos, na cabe\u00e7a ou no peito de quem pecou com a cabe\u00e7a ou com o peito.<\/p>\n<p style=\"text-align: justify;\">Esclarecerei, agora, a segunda parte. Aqui, ao contr\u00e1rio do que ocorre na primeira, as nuvens refletem do corpo para o esp\u00edrito. Neste caso surgem, inicialmente, impurezas no sangue, ou seja, sangue impuro. Isto reflete no esp\u00edrito sob forma de nuvens. Como no caso anterior, tamb\u00e9m estas se concentram em um ou mais pontos, onde se adensam.<\/p>\n<p style=\"text-align: justify;\">O sangue \u00e9 a materializa\u00e7\u00e3o do esp\u00edrito e o esp\u00edrito \u00e9 a espiritualiza\u00e7\u00e3o do sangue. Pode-se dizer, portanto, que o esp\u00edrito \u00e9 igual ao corpo. S\u00f3 que, pela Lei, o esp\u00edrito \u00e9 o principal e o corpo \u00e9 secund\u00e1rio. De qualquer maneira, por essa raz\u00e3o, h\u00e1 uma incessante acumula\u00e7\u00e3o e solidifica\u00e7\u00e3o de toxinas no corpo f\u00edsico. Estas s\u00e3o dissolvidas pela a\u00e7\u00e3o purificadora e eliminadas sob forma liquefeita por uma parte qualquer do corpo. A dor e o desconforto decorrentes desse processo \u00e9 que s\u00e3o considerados doen\u00e7as.<\/p>\n<p style=\"text-align: justify;\">Mas o que produz sangue impuro no organismo? Por mais surpreendente que possa parecer, s\u00e3o os pr\u00f3prios medicamentos, que ocupam o lugar de honra nos tratamentos m\u00e9dicos. Contudo, n\u00e3o existe neste mundo algo a que se possa chamar de rem\u00e9dio. Tudo o que \u00e9 hoje considerado como rem\u00e9dio, \u00e9 na verdade um veneno. Isto \u00e9 bem comprovado pelos fatos. Quando um doente come\u00e7a a receber tratamento m\u00e9dico, os pr\u00f3prios rem\u00e9dios prolongam ou agravam a enfermidade, muitas vezes produzindo complica\u00e7\u00f5es. O sangue impuro produzido pelos rem\u00e9dios reflete no esp\u00edrito sob forma de nuvens, que passam a ser a causa das doen\u00e7as. Conseq\u00fcentemente, s\u00e3o os pr\u00f3prios m\u00e9todos de cura empregados pela medicina atual que geram enfermidades.<\/p>\n<p style=\"text-align: justify;\">J\u00e1 vimos que, pela Lei Universal, o esp\u00edrito \u00e9 o principal e o corpo \u00e9 secund\u00e1rio. Conseq\u00fcentemente, quando as nuvens do esp\u00edrito s\u00e3o eliminadas, o sangue impuro se torna puro e as enfermidades s\u00e3o perfeitamente curadas.<\/p>\n<p style=\"text-align: justify;\">O meu m\u00e9todo de cura consiste na aplica\u00e7\u00e3o deste princ\u00edpio. Chama-se Johrei e tem por objetivo purificar o esp\u00edrito. Por isso, cura radicalmente as doen\u00e7as. Mas a medicina progrediu ignorando totalmente o esp\u00edrito e tendo somente o corpo por objeto. Em \u00faltima an\u00e1lise, resultou num m\u00e9todo de cura tempor\u00e1ria. Os tratamentos m\u00e9dicos, na verdade, n\u00e3o produzem uma cura radical.<\/p>\n<p style=\"text-align: justify;\">Um paciente que se submeteu a uma cirurgia pode parecer plenamente curado. Contudo, ainda que n\u00e3o haja recorr\u00eancia da enfermidade original, uma outra mol\u00e9stia surgir\u00e1 inevitavelmente. A apendicite, por exemplo, n\u00e3o ressurge depois que se remove a parte afetada. Mas o paciente estar\u00e1 facilmente propenso a uma adenite ou a alguma outra mol\u00e9stia, nos rins ou nas \u00e1reas adjacentes. Isto porque, a despeito da remo\u00e7\u00e3o do ap\u00eandice, as nuvens permaneceram. Al\u00e9m do mais, a introdu\u00e7\u00e3o de novos medicamentos aumenta as impurezas do sangue, produzindo novas nuvens. Estas, acrescentadas \u00e0s nuvens anteriormente existentes, mudam de lugar, ocasionando doen\u00e7as em outras \u00e1reas.<\/p>\n<p style=\"text-align: justify;\">Vejamos, agora, as altera\u00e7\u00f5es sofridas pelo sangue impuro. Por meio da purifica\u00e7\u00e3o incessante, o sangue impuro se torna cada vez mais denso, at\u00e9 produzir-se uma altera\u00e7\u00e3o nas c\u00e9lulas sangu\u00edneas que, ao se transformarem em c\u00e9lulas brancas, dar\u00e3o origem ao pus. Quando h\u00e1 uma mistura de pus e sangue, ainda estamos a meio caminho do processo de transforma\u00e7\u00e3o. Numa etapa mais avan\u00e7ada, elas j\u00e1 se ter\u00e3o convertido totalmente em pus. Por isso, o catarro do tuberculoso, por exemplo, vem freq\u00fcentemente misturado com sangue. A este processo a medicina chamou de fagocitose.<\/p>\n<p>&nbsp;<br \/>\n<iframe src=\"http:\/\/www.facebook.com\/plugins\/like.php?href=  https:\/\/www.jinsai.org\/pt-BR\/ensinamentos\/criacao-da-civilizacao\/volume-2-medicina-divina\/capitulo-20-a-primazia-do-espirito-sobre-a-materia   &#038;%0Alayout=standard&#038;show_faces=false&#038;width=380&#038;action=like&#038;colorscheme=light&#038;height=25\" style=\"border: medium none ; ovew: hidden; width: 350px; height: 25px;\" allowtransparencyrflo =\"true\" frameborder=\"0\" scrolling=\"no\"><\/iframe><\/p>\n<div id=\"fb-root\"><\/div>\n<p><script src=\"http:\/\/connect.facebook.net\/pt_BR\/all.js#appId=APP_ID&amp;xfbml=1\"><\/script><fb:comments href=\" https:\/\/www.jinsai.org\/pt-BR\/ensinamentos\/criacao-da-civilizacao\/volume-2-medicina-divina\/capitulo-20-a-primazia-do-espirito-sobre-a-materia  \" num_posts=\"100\" width=\"500\"><\/fb:comments><meta property='fb:app_id' content='171964893011161'\/> <\/p>\n<div id=\"fb-root\"><\/div>\n<p><script>(function(d, s, id) {\n  var js, fjs = d.getElementsByTagName(s)[0];\n  if (d.getElementById(id)) return;\n  js = d.createElement(s); js.id = id;\n  js.src = 'https:\/\/connect.facebook.net\/pt_BR\/sdk.js#xfbml=1&version=v3.0&appId=171964893011161&autoLogAppEvents=1';\n  fjs.parentNode.insertBefore(js, fjs);\n}(document, 'script', 'facebook-jssdk'));<\/script><\/p>\n<div class=\"fb-share-button\" data-href=\" https:\/\/www.jinsai.org\/pt-BR\/ensinamentos\/criacao-da-civilizacao\/volume-2-medicina-divina\/capitulo-20-a-primazia-do-espirito-sobre-a-materia  \" data-layout=\"button_count\" data-size=\"large\" data-mobile-iframe=\"true\"><a target=\"_blank\" href=\"https:\/\/www.facebook.com\/sharer\/sharer.php?u=http%3A%2F%  https:\/\/www.jinsai.org\/pt-BR\/ensinamentos\/criacao-da-civilizacao\/volume-2-medicina-divina\/capitulo-20-a-primazia-do-espirito-sobre-a-materia  %2F&amp;src=sdkpreparse\" class=\"fb-xfbml-parse-ignore\">Compartilhar<\/a><\/div>\n","protected":false},"excerpt":{"rendered":"<p>No cap\u00edtulo anterior, vimos a rela\u00e7\u00e3o entre o Mundo Imaterial e as doen\u00e7as humanas. Chamamos esse Mundo Imaterial de Mundo Espiritual. Agora examinaremos a rela\u00e7\u00e3o entre o Mundo Espiritual e o ser humano. O homem \u00e9 constitu\u00eddo de dois principais elementos, inseparavelmente unidos: corpo e esp\u00edrito. O corpo \u00e9 vis\u00edvel por ser material. Mas o [&hellip;]<\/p>\n","protected":false},"author":1,"featured_media":3649,"comment_status":"closed","ping_status":"closed","sticky":false,"template":"","format":"standard","meta":{"footnotes":""},"categories":[39],"tags":[],"class_list":{"0":"post-4085","1":"post","2":"type-post","3":"status-publish","4":"format-standard","5":"has-post-thumbnail","6":"hentry","7":"category-volume-2-medicina-divina","9":"post-with-thumbnail","10":"post-with-thumbnail-icon"},"_links":{"self":[{"href":"https:\/\/www.jinsai.org\/pt-BR\/wp-json\/wp\/v2\/posts\/4085","targetHints":{"allow":["GET"]}}],"collection":[{"href":"https:\/\/www.jinsai.org\/pt-BR\/wp-json\/wp\/v2\/posts"}],"about":[{"href":"https:\/\/www.jinsai.org\/pt-BR\/wp-json\/wp\/v2\/types\/post"}],"author":[{"embeddable":true,"href":"https:\/\/www.jinsai.org\/pt-BR\/wp-json\/wp\/v2\/users\/1"}],"replies":[{"embeddable":true,"href":"https:\/\/www.jinsai.org\/pt-BR\/wp-json\/wp\/v2\/comments?post=4085"}],"version-history":[{"count":3,"href":"https:\/\/www.jinsai.org\/pt-BR\/wp-json\/wp\/v2\/posts\/4085\/revisions"}],"predecessor-version":[{"id":4089,"href":"https:\/\/www.jinsai.org\/pt-BR\/wp-json\/wp\/v2\/posts\/4085\/revisions\/4089"}],"wp:featuredmedia":[{"embeddable":true,"href":"https:\/\/www.jinsai.org\/pt-BR\/wp-json\/wp\/v2\/media\/3649"}],"wp:attachment":[{"href":"https:\/\/www.jinsai.org\/pt-BR\/wp-json\/wp\/v2\/media?parent=4085"}],"wp:term":[{"taxonomy":"category","embeddable":true,"href":"https:\/\/www.jinsai.org\/pt-BR\/wp-json\/wp\/v2\/categories?post=4085"},{"taxonomy":"post_tag","embeddable":true,"href":"https:\/\/www.jinsai.org\/pt-BR\/wp-json\/wp\/v2\/tags?post=4085"}],"curies":[{"name":"wp","href":"https:\/\/api.w.org\/{rel}","templated":true}]}}