{"id":4237,"date":"2019-05-16T07:27:21","date_gmt":"2019-05-16T10:27:21","guid":{"rendered":"http:\/\/www.jinsai.org\/pt-BR\/?p=4237"},"modified":"2020-02-13T23:09:38","modified_gmt":"2020-02-14T02:09:38","slug":"uma-licao-a-dois-dirigentes","status":"publish","type":"post","link":"https:\/\/www.jinsai.org\/pt-BR\/meishu-sama\/memorias\/okaniwa-shinjiro\/uma-licao-a-dois-dirigentes\/","title":{"rendered":"UMA LI\u00c7\u00c3O A DOIS DIRIGENTES"},"content":{"rendered":"<p style=\"text-align: justify;\">Em 17 de janeiro, quando me apresentei, Meishu-Sama estava come\u00e7ando a dar uma li\u00e7\u00e3o a dois dirigentes, pelo que me permiti ouvi-Io. Dizia: &#8220;<em>A Deusa Kannon Se dedica a criar um mundo sem doen\u00e7as, pobreza e nem conflitos; portanto, aqueles que falam e agem de tal maneira que gerem problemas e provoquem desgostos s\u00e3o os que fazem o contr\u00e1rio. Ademais, est\u00e1 fora de toda quest\u00e3o promover ditas condutas. N\u00e3o ajam de acordo com as palavras das pessoas. Est\u00e1 absolutamente proibido reunir-se na casa de algu\u00e9m depois das doze da noite. Daqui em diante, se surgir a necessidade de conversar, organizem uma reuni\u00e3o de ch\u00e1, na Sede Geral<\/em>&#8220;.<\/p>\n<p style=\"text-align: justify;\">Isto foi o que ele disse. Tais palavras se devem a um modelo transcendental do que ocorreria mais adiante, mas se tratava de algo que nos faria agir sem que nos d\u00e9ssemos conta. A prop\u00f3sito deste acontecimento, dois dias depois, ou seja, no dia 19, o chefe da Sede regional de Omiya, o Sr. Yoshihide Takei, se dignou visitar-me em Oomori. Nessa ocasi\u00e3o, se enfureceu tanto que me vi obrigado a acalm\u00e1-lo e depois fiz com que fosse embora. Posteriormente, informei a Meishu-Sama. Ent\u00e3o me disse: &#8220;<em>Aquele senhor \u00e9 uma pessoa importante da Showa Shinsei Kai, e por outro lado, os senhores Takei e Masaki s\u00e3o pessoas importantes do nosso grupo. Assim, \u00e9 um problema que n\u00e3o poderemos evitar no futuro<\/em>&#8220;. Este modelo voltou a ocorrer posteriormente, dentro do mesmo ano, e sucedeu de maneira evidente, mas sobre isto escreverei mais tarde.<\/p>\n<p style=\"text-align: justify;\">Neste dia se colocou um marco novo da Luz do Oriente, na Sede Provis\u00f3ria. Enfim, iniciou a desdobrar-se com grande atividade a Luz do Oriente. Nesta noite, o Sr. Shimizu retirou a caligrafia <em>Sangodo,<\/em> feita por Meishu-Sama, j\u00e1 que havia estado pendurada ali por muito tempo, e a substituiu por outra caligrafia <em>A Luz do Oriente<\/em>, tamb\u00e9m elaborada pelas m\u00e3os de Meishu-Sama. Finalmente, incinerou o marco da primeira obra, <em>Sangodo<\/em>, \u00e0s onze da noite. Exatamente a essa hora iniciou o eclipse lunar. O que sucedeu \u00e9 que, sem que ele se desse conta, Deus fez com que fosse queimada, posto que acabara de surgir a Luz do Oriente; assim, a caligrafia <em>Sangodo<\/em>, que significa &#8220;<em>A Lua Cheia<\/em>\u201d, teve que ser queimada, e assim iniciou o eclipse lunar. Precisamente este fato de que brilhar\u00e1 o Sol e se escurece a Lua foi uma maravilhosa dedica\u00e7\u00e3o a Deus.<\/p>\n<p style=\"text-align: justify;\">O Sr. Kawabata, que se graduou na universidade e estudou na Alemanha e na \u00cdndia, fazia tempo que me procurava, e dizia que queria ouvir acerca da Deusa Kannon. No dia 21, inteirado da confer\u00eancia que haveria na madrugada, solicitou-me que o levasse junto. Acompanhou-me e ficou muito impressionado com o discurso; assim, prop\u00f4s efetuar sua dedica\u00e7\u00e3o a Deus e deixar os estudos que havia feito at\u00e9 ent\u00e3o. No dia 22, tamb\u00e9m, teve uma entrevista com Meishu-Sama e ouviu sua fala. Esta noite assistimos juntos \u00e0 cerim\u00f4nia mensal da edi\u00e7\u00e3o da &#8220;A Luz do Oriente&#8221;. O Sr. Kawabata se comoveu tanto que expressou o seu desejo de falar ele mesmo e, ao obter a permiss\u00e3o, fez um discurso acerca de seu estado emocional. Enquanto o Sr. Kawabata ia a Ojindo para ouvir as palavras de Meishu-Sama, se sentiu muito feliz por haver visto tr\u00eas vezes uma Luz espiritual, como a de um arco-\u00edris, sair do corpo de Meishu-Sama e se deslocar at\u00e9 o &#8220;rolo pendente&#8221; da Deusa Kannon, ponto em que a Luz desaparecia. Estava cheio de ardor e dizia que no futuro iria propagar as palavras de Meishu-Sama em diferentes partes da Alemanha e \u00cdndia, traduzidas aos seus respectivos idiomas.<\/p>\n<p style=\"text-align: justify;\">Infelizmente, esta pessoa j\u00e1 n\u00e3o p\u00f4de vir devido a um incidente.<\/p>\n<p style=\"text-align: right;\">Shinjiro Okaniwa &#8211; Conselheiro<\/p>\n<p>&nbsp;<br \/>\n<iframe src=\"http:\/\/www.facebook.com\/plugins\/like.php?href=  https:\/\/www.jinsai.org\/pt-BR\/meishu-sama\/memorias\/okaniwa-shinjiro\/uma-licao-a-dois-dirigentes \u200e &amp;%0Alayout=standard&amp;show_faces=false&amp;width=380&amp;action=like&amp;colorscheme=light&amp;height=25\" style=\"border: medium none ; ovew: hidden; width: 350px; height: 25px;\" allowtransparencyrflo=\"true\" scrolling=\"no\" frameborder=\"0\"><\/iframe><\/p>\n<div id=\"fb-root\"><\/div>\n<p><script src=\"http:\/\/connect.facebook.net\/pt_BR\/all.js#appId=APP_ID&amp;xfbml=1\"><\/script><fb:comments href=\" https:\/\/www.jinsai.org\/pt-BR\/meishu-sama\/memorias\/okaniwa-shinjiro\/uma-licao-a-dois-dirigentes \u200e\" num_posts=\"100\" width=\"500\"><\/fb:comments><meta property=\"fb:app_id\" content=\"171964893011161\"><\/p>\n<div id=\"fb-root\"><\/div>\n<p><script>(function(d, s, id) {<br \/>\n  var js, fjs = d.getElementsByTagName(s)[0];<br \/>\n  if (d.getElementById(id)) return;<br \/>\n  js = d.createElement(s); js.id = id;<br \/>\n  js.src = 'https:\/\/connect.facebook.net\/pt_BR\/sdk.js#xfbml=1&version=v3.0&appId=171964893011161&autoLogAppEvents=1';<br \/>\n  fjs.parentNode.insertBefore(js, fjs);<br \/>\n}(document, 'script', 'facebook-jssdk'));<\/script><\/p>\n<div class=\"fb-share-button\" data-href=\" https:\/\/www.jinsai.org\/pt-BR\/meishu-sama\/memorias\/okaniwa-shinjiro\/uma-licao-a-dois-dirigentes \u200e\" data-layout=\"button_count\" data-size=\"large\" data-mobile-iframe=\"true\"><a target=\"_blank\" href=\"https:\/\/www.facebook.com\/sharer\/sharer.php?u=http%3A%2F%  https:\/\/www.jinsai.org\/pt-BR\/meishu-sama\/memorias\/okaniwa-shinjiro\/uma-licao-a-dois-dirigentes \u200e%2F&amp;src=sdkpreparse\" class=\"fb-xfbml-parse-ignore\" rel=\"noopener noreferrer\">Compartilhar<\/a><\/div>\n","protected":false},"excerpt":{"rendered":"<p>Em 17 de janeiro, quando me apresentei, Meishu-Sama estava come\u00e7ando a dar uma li\u00e7\u00e3o a dois dirigentes, pelo que me permiti ouvi-Io. Dizia: &#8220;A Deusa Kannon Se dedica a criar um mundo sem doen\u00e7as, pobreza e nem conflitos; portanto, aqueles que falam e agem de tal maneira que gerem problemas e provoquem desgostos s\u00e3o os [&hellip;]<\/p>\n","protected":false},"author":1,"featured_media":6450,"comment_status":"open","ping_status":"closed","sticky":false,"template":"","format":"standard","meta":{"footnotes":""},"categories":[46],"tags":[],"class_list":{"0":"post-4237","1":"post","2":"type-post","3":"status-publish","4":"format-standard","5":"has-post-thumbnail","6":"hentry","7":"category-okaniwa-shinjiro","9":"post-with-thumbnail","10":"post-with-thumbnail-icon"},"_links":{"self":[{"href":"https:\/\/www.jinsai.org\/pt-BR\/wp-json\/wp\/v2\/posts\/4237","targetHints":{"allow":["GET"]}}],"collection":[{"href":"https:\/\/www.jinsai.org\/pt-BR\/wp-json\/wp\/v2\/posts"}],"about":[{"href":"https:\/\/www.jinsai.org\/pt-BR\/wp-json\/wp\/v2\/types\/post"}],"author":[{"embeddable":true,"href":"https:\/\/www.jinsai.org\/pt-BR\/wp-json\/wp\/v2\/users\/1"}],"replies":[{"embeddable":true,"href":"https:\/\/www.jinsai.org\/pt-BR\/wp-json\/wp\/v2\/comments?post=4237"}],"version-history":[{"count":4,"href":"https:\/\/www.jinsai.org\/pt-BR\/wp-json\/wp\/v2\/posts\/4237\/revisions"}],"predecessor-version":[{"id":6547,"href":"https:\/\/www.jinsai.org\/pt-BR\/wp-json\/wp\/v2\/posts\/4237\/revisions\/6547"}],"wp:featuredmedia":[{"embeddable":true,"href":"https:\/\/www.jinsai.org\/pt-BR\/wp-json\/wp\/v2\/media\/6450"}],"wp:attachment":[{"href":"https:\/\/www.jinsai.org\/pt-BR\/wp-json\/wp\/v2\/media?parent=4237"}],"wp:term":[{"taxonomy":"category","embeddable":true,"href":"https:\/\/www.jinsai.org\/pt-BR\/wp-json\/wp\/v2\/categories?post=4237"},{"taxonomy":"post_tag","embeddable":true,"href":"https:\/\/www.jinsai.org\/pt-BR\/wp-json\/wp\/v2\/tags?post=4237"}],"curies":[{"name":"wp","href":"https:\/\/api.w.org\/{rel}","templated":true}]}}