{"id":4648,"date":"2019-08-05T19:13:52","date_gmt":"2019-08-05T22:13:52","guid":{"rendered":"http:\/\/www.jinsai.org\/pt-BR\/?p=4648"},"modified":"2019-08-05T19:13:52","modified_gmt":"2019-08-05T22:13:52","slug":"retrato-de-saigyo","status":"publish","type":"post","link":"https:\/\/www.jinsai.org\/pt-BR\/mundo-do-belo\/obras-de-arte\/retrato-de-saigyo\/","title":{"rendered":"RETRATO DE SAIGYO"},"content":{"rendered":"<p style=\"text-align: justify;\">Per\u00edodo Kamakura (1185 &#8211; 1333) \u2013 Jap\u00e3o<\/p>\n<p style=\"text-align: justify;\">Dim. 78,5 x 39,0 cm.<\/p>\n<p style=\"text-align: justify;\">Obra que se acredita ser um retrato de Saigyo, pois na parte superior direita do desenho h\u00e1 um poema de sua autoria.<\/p>\n<p style=\"text-align: justify;\">Os tra\u00e7os do rosto s\u00e3o compostos de linhas sens\u00edveis, dando a apar\u00eancia de pessoa idosa, raz\u00e3o pela qual considera-se que o trabalho tenha sido executado na sua velhice. Com o juzu na m\u00e3o esquerda e um livro na direita, na altura do peito, \u00e9 a imagem perfeita do velho poeta que dedicou toda a vida \u00e0 poesia, abrindo m\u00e3o, na juventude, da carreira de samurai ou guarda-m\u00f3r do pal\u00e1cio do imperador Goshirakawa, para ser apenas bonzo.<\/p>\n<p>&nbsp;<br \/>\n<iframe src=\"http:\/\/www.facebook.com\/plugins\/like.php?href=  https:\/\/www.jinsai.org\/pt-BR\/mundo-do-belo\/obras-de-arte\/retrato-de-saigyo&#038;%0Alayout=standard&#038;show_faces=false&#038;width=380&#038;action=like&#038;colorscheme=light&#038;height=25\" style=\"border: medium none ; ovew: hidden; width: 350px; height: 25px;\" allowtransparencyrflo =\"true\" frameborder=\"0\" scrolling=\"no\"><\/iframe><\/p>\n<div id=\"fb-root\"><\/div>\n<p><script src=\"http:\/\/connect.facebook.net\/pt_BR\/all.js#appId=APP_ID&amp;xfbml=1\"><\/script><fb:comments href=\"https:\/\/www.jinsai.org\/pt-BR\/mundo-do-belo\/obras-de-arte\/retrato-de-saigyo\" num_posts=\"100\" width=\"500\"><\/fb:comments><meta property='fb:app_id' content='171964893011161'\/> <\/p>\n<div id=\"fb-root\"><\/div>\n<p><script>(function(d, s, id) {\n  var js, fjs = d.getElementsByTagName(s)[0];\n  if (d.getElementById(id)) return;\n  js = d.createElement(s); js.id = id;\n  js.src = 'https:\/\/connect.facebook.net\/pt_BR\/sdk.js#xfbml=1&version=v3.0&appId=171964893011161&autoLogAppEvents=1';\n  fjs.parentNode.insertBefore(js, fjs);\n}(document, 'script', 'facebook-jssdk'));<\/script><\/p>\n<div class=\"fb-share-button\" data-href=\"https:\/\/www.jinsai.org\/pt-BR\/mundo-do-belo\/obras-de-arte\/retrato-de-saigyo\" data-layout=\"button_count\" data-size=\"large\" data-mobile-iframe=\"true\"><a target=\"_blank\" href=\"https:\/\/www.facebook.com\/sharer\/sharer.php?u=http%3A%2F% https:\/\/www.jinsai.org\/pt-BR\/mundo-do-belo\/obras-de-arte\/retrato-de-saigyo%2F&amp;src=sdkpreparse\" class=\"fb-xfbml-parse-ignore\">Compartilhar<\/a><\/div>\n","protected":false},"excerpt":{"rendered":"<p>Per\u00edodo Kamakura (1185 &#8211; 1333) \u2013 Jap\u00e3o Dim. 78,5 x 39,0 cm. Obra que se acredita ser um retrato de Saigyo, pois na parte superior direita do desenho h\u00e1 um poema de sua autoria. Os tra\u00e7os do rosto s\u00e3o compostos de linhas sens\u00edveis, dando a apar\u00eancia de pessoa idosa, raz\u00e3o pela qual considera-se que o [&hellip;]<\/p>\n","protected":false},"author":1,"featured_media":4649,"comment_status":"closed","ping_status":"closed","sticky":false,"template":"","format":"standard","meta":{"footnotes":""},"categories":[13],"tags":[],"class_list":{"0":"post-4648","1":"post","2":"type-post","3":"status-publish","4":"format-standard","5":"has-post-thumbnail","6":"hentry","7":"category-obras-de-arte","9":"post-with-thumbnail","10":"post-with-thumbnail-icon"},"_links":{"self":[{"href":"https:\/\/www.jinsai.org\/pt-BR\/wp-json\/wp\/v2\/posts\/4648","targetHints":{"allow":["GET"]}}],"collection":[{"href":"https:\/\/www.jinsai.org\/pt-BR\/wp-json\/wp\/v2\/posts"}],"about":[{"href":"https:\/\/www.jinsai.org\/pt-BR\/wp-json\/wp\/v2\/types\/post"}],"author":[{"embeddable":true,"href":"https:\/\/www.jinsai.org\/pt-BR\/wp-json\/wp\/v2\/users\/1"}],"replies":[{"embeddable":true,"href":"https:\/\/www.jinsai.org\/pt-BR\/wp-json\/wp\/v2\/comments?post=4648"}],"version-history":[{"count":2,"href":"https:\/\/www.jinsai.org\/pt-BR\/wp-json\/wp\/v2\/posts\/4648\/revisions"}],"predecessor-version":[{"id":4651,"href":"https:\/\/www.jinsai.org\/pt-BR\/wp-json\/wp\/v2\/posts\/4648\/revisions\/4651"}],"wp:featuredmedia":[{"embeddable":true,"href":"https:\/\/www.jinsai.org\/pt-BR\/wp-json\/wp\/v2\/media\/4649"}],"wp:attachment":[{"href":"https:\/\/www.jinsai.org\/pt-BR\/wp-json\/wp\/v2\/media?parent=4648"}],"wp:term":[{"taxonomy":"category","embeddable":true,"href":"https:\/\/www.jinsai.org\/pt-BR\/wp-json\/wp\/v2\/categories?post=4648"},{"taxonomy":"post_tag","embeddable":true,"href":"https:\/\/www.jinsai.org\/pt-BR\/wp-json\/wp\/v2\/tags?post=4648"}],"curies":[{"name":"wp","href":"https:\/\/api.w.org\/{rel}","templated":true}]}}