{"id":5684,"date":"2019-10-31T07:30:53","date_gmt":"2019-10-31T10:30:53","guid":{"rendered":"http:\/\/www.jinsai.org\/pt-BR\/?p=5684"},"modified":"2019-10-31T07:32:07","modified_gmt":"2019-10-31T10:32:07","slug":"19-os-povos-tenson-e-izumo","status":"publish","type":"post","link":"https:\/\/www.jinsai.org\/pt-BR\/ensinamentos\/a-formacao-espiritual-do-povo-japones\/terceira-parte\/19-os-povos-tenson-e-izumo\/","title":{"rendered":"19 &#8211; OS POVOS TENSON E IZUMO"},"content":{"rendered":"<div id=\"pl-5684\"  class=\"panel-layout\" ><div id=\"pg-5684-0\"  class=\"panel-grid panel-no-style\" ><div id=\"pgc-5684-0-0\"  class=\"panel-grid-cell\" ><div id=\"panel-5684-0-0-0\" class=\"so-panel widget_sow-editor panel-first-child\" data-index=\"0\" ><div\n\t\t\t\n\t\t\tclass=\"so-widget-sow-editor so-widget-sow-editor-base\"\n\t\t\t\n\t\t>\n<div class=\"siteorigin-widget-tinymce textwidget\">\n\t<p style=\"text-align: justify;\">A seguir, eu deveria tamb\u00e9m falar sobre o povo Tenson e Izumo, mas os omiti porque s\u00e3o fatos muito conhecidos atrav\u00e9s da Hist\u00f3ria. N\u00e3o preciso, pois, dizer que os militares e os generais famosos originaram-se, quase todos, desses dois povos.<\/p>\n<p style=\"text-align: justify;\">Na linha Tenson, entretanto, surgiram tamb\u00e9m alguns eruditos e escritores, mas, de modo especial, ligados \u00e0 cultura chinesa. \u00c9 interessante notar a exist\u00eancia, entre os seguidores do imperador, de v\u00e1rios intelectuais que contribu\u00edram grandemente para o fortalecimento do reinado. Tal fato ajudou muito na salva\u00e7\u00e3o do povo Tenson, que vivia sob a press\u00e3o do grupo Izumo.<\/p>\n<p style=\"text-align: justify;\">Numa atitude oposta aos estudiosos da cultura chinesa, o povo Yamato seguiu uma tend\u00eancia art\u00edstica pr\u00f3pria, peculiar, mais voltada para a literatura. Como resultado, deixaram uma contribui\u00e7\u00e3o marcante, especialmente com poemas em estilo <em>waka<\/em> e outras obras em <em>hiragana<\/em>, uma escrita caracteristicamente japonesa, criada por eles. Despertaram, contudo, pouca aten\u00e7\u00e3o, porque n\u00e3o constitu\u00edram presen\u00e7a marcante na guerra \u00e0 qual mantinham total avers\u00e3o. Deve, entretanto, ficar bem claro que, apesar de n\u00e3o serem pessoas voltadas a lutas, os \u00faltimos governantes desta fase, o Imperador Nintoku, Imperatriz Komyo e o Imperador Komyo, pertenceram \u00e0 linha Yamato.<\/p>\n<\/div>\n<\/div><\/div><div id=\"panel-5684-0-0-1\" class=\"widget_text so-panel widget_custom_html panel-last-child\" data-index=\"1\" ><div class=\"textwidget custom-html-widget\">\n\n\n&nbsp;\n\n\n<iframe\nsrc=\"http:\/\/www.facebook.com\/plugins\/like.php?href=\u00a0 http:\/\/www.jinsai.org\/pt-BR\/ensinamentos\/a-formacao-espiritual-do-povo-japones\/terceira-parte\/19-os-povos-tenson-e-izumo\n&amp;%0Alayout=standard&amp;show_faces=false&amp;width=380&amp;action=like&amp;colorscheme=light&amp;height=25\"\nstyle=\"border: medium none ; ovew: hidden; width: 350px; height:\n25px;\" allowtransparencyrflo=\"true\" scrolling=\"no\"\nframeborder=\"0\"><\/iframe>\n\n\n<div\nid=\"fb-root\"><\/div>\n\n\n<script\nsrc=\"http:\/\/connect.facebook.net\/pt_BR\/all.js#appId=APP_ID&amp;xfbml=1\"><\/script><fb:comments\nhref=\" http:\/\/www.jinsai.org\/pt-BR\/ensinamentos\/a-formacao-espiritual-do-povo-japones\/terceira-parte\/19-os-povos-tenson-e-izumo\"\nnum_posts=\"100\" width=\"500\"><\/fb:comments><meta\nproperty=\"fb:app_id\" content=\"171964893011161\">\n\n\n\u00a0\n\n\n<div\nid=\"fb-root\"><\/div>\n\n\n<script>(function(d,\ns, id) {<br \/>\n\n\n\u00a0 var js, fjs =\nd.getElementsByTagName(s)[0];<br \/>\n\n\n\u00a0 if (d.getElementById(id)) return;<br \/>\n\n\n\u00a0 js = d.createElement(s); js.id = id;<br\n\/>\n\n\n\u00a0 js.src =\n'https:\/\/connect.facebook.net\/pt_BR\/sdk.js#xfbml=1&version=v3.0&appId=171964893011161&autoLogAppEvents=1';<br\n\/>\n\n\n\u00a0 fjs.parentNode.insertBefore(js, fjs);<br\n\/>\n\n\n}(document,\n'script', 'facebook-jssdk'));<\/script>\n\n\n<div\nclass=\"fb-share-button\" data-href=\" http:\/\/www.jinsai.org\/pt-BR\/ensinamentos\/a-formacao-espiritual-do-povo-japones\/terceira-parte\/19-os-povos-tenson-e-izumo\"\ndata-layout=\"button_count\" data-size=\"large\"\ndata-mobile-iframe=\"true\"><a target=\"_blank\"\nhref=\"https:\/\/www.facebook.com\/sharer\/sharer.php?u=http%3A%2F%\u00a0 http:\/\/www.jinsai.org\/pt-BR\/ensinamentos\/a-formacao-espiritual-do-povo-japones\/terceira-parte\/19-os-povos-tenson-e-izumo%2F&amp;src=sdkpreparse\"\nclass=\"fb-xfbml-parse-ignore\">Compartilhar<\/a><\/div>\n\n\n<\/div><\/div><\/div><\/div><\/div>","protected":false},"excerpt":{"rendered":"<p>A seguir, eu deveria tamb\u00e9m falar sobre o povo Tenson e Izumo, mas os omiti porque s\u00e3o fatos muito conhecidos atrav\u00e9s da Hist\u00f3ria. N\u00e3o preciso, pois, dizer que os militares e os generais famosos originaram-se, quase todos, desses dois povos. Na linha Tenson, entretanto, surgiram tamb\u00e9m alguns eruditos e escritores, mas, de modo especial, ligados [&hellip;]<\/p>\n","protected":false},"author":1,"featured_media":5685,"comment_status":"closed","ping_status":"closed","sticky":false,"template":"","format":"standard","meta":{"footnotes":""},"categories":[52],"tags":[],"class_list":{"0":"post-5684","1":"post","2":"type-post","3":"status-publish","4":"format-standard","5":"has-post-thumbnail","6":"hentry","7":"category-terceira-parte","9":"post-with-thumbnail","10":"post-with-thumbnail-icon"},"_links":{"self":[{"href":"https:\/\/www.jinsai.org\/pt-BR\/wp-json\/wp\/v2\/posts\/5684","targetHints":{"allow":["GET"]}}],"collection":[{"href":"https:\/\/www.jinsai.org\/pt-BR\/wp-json\/wp\/v2\/posts"}],"about":[{"href":"https:\/\/www.jinsai.org\/pt-BR\/wp-json\/wp\/v2\/types\/post"}],"author":[{"embeddable":true,"href":"https:\/\/www.jinsai.org\/pt-BR\/wp-json\/wp\/v2\/users\/1"}],"replies":[{"embeddable":true,"href":"https:\/\/www.jinsai.org\/pt-BR\/wp-json\/wp\/v2\/comments?post=5684"}],"version-history":[{"count":8,"href":"https:\/\/www.jinsai.org\/pt-BR\/wp-json\/wp\/v2\/posts\/5684\/revisions"}],"predecessor-version":[{"id":5693,"href":"https:\/\/www.jinsai.org\/pt-BR\/wp-json\/wp\/v2\/posts\/5684\/revisions\/5693"}],"wp:featuredmedia":[{"embeddable":true,"href":"https:\/\/www.jinsai.org\/pt-BR\/wp-json\/wp\/v2\/media\/5685"}],"wp:attachment":[{"href":"https:\/\/www.jinsai.org\/pt-BR\/wp-json\/wp\/v2\/media?parent=5684"}],"wp:term":[{"taxonomy":"category","embeddable":true,"href":"https:\/\/www.jinsai.org\/pt-BR\/wp-json\/wp\/v2\/categories?post=5684"},{"taxonomy":"post_tag","embeddable":true,"href":"https:\/\/www.jinsai.org\/pt-BR\/wp-json\/wp\/v2\/tags?post=5684"}],"curies":[{"name":"wp","href":"https:\/\/api.w.org\/{rel}","templated":true}]}}