{"id":575,"date":"2018-06-20T23:26:17","date_gmt":"2018-06-21T02:26:17","guid":{"rendered":"http:\/\/www.jinsai.org\/pt-BR\/?p=575"},"modified":"2018-07-08T19:32:46","modified_gmt":"2018-07-08T22:32:46","slug":"irradiacao-da-luz-divina-especial-goshoten","status":"publish","type":"post","link":"https:\/\/www.jinsai.org\/pt-BR\/ensinamentos\/religiao\/irradiacao-da-luz-divina-especial-goshoten\/","title":{"rendered":"IRRADIA\u00c7\u00c3O DA LUZ DIVINA (ESPECIAL GOSHOTEN)"},"content":{"rendered":"<p class=\"style3 style48\" style=\"text-align: justify;\">No &#8220;Culto do In\u00edcio da Primavera&#8221;, realizado no dia 4 de fevereiro de 1955, vestindo um &#8220;hoo&#8221; (vestimenta cerimonial utilizada pelos aristocratas) dourado, Meishu-Sama dirigiu-se at\u00e9 o centro do estrado do Templo Messi\u00e2nico e proferiu vigorosas palavras, apesar de curtas. Ao ouvi-Lo, os fi\u00e9is ali reunidos acharam que Ele estaria restabelecido em breve. Mas, alguns dias depois, no dia 10 de fevereiro, Ele ascendeu ao C\u00e9u. <a href=\"https:\/\/www.jinsai.org\/pt-BR\/ensinamentos\/religiao\/flutuacao-atmosferica-no-oeste-japones\/\">(leia aqui a mat\u00e9ria especial publicada no Jornal Assahi em 11 de fevereiro de 1955 sobre os estrondos misteriosos ocorridos com a Ascens\u00e3o de Meishu-Sama<\/a>)<\/p>\n<p class=\"style3 style48\" style=\"text-align: justify;\">Em 1952, dois anos antes, sendo entrevistado por um certo jornalista, Ele respondeu \u00e0s perguntas:<\/p>\n<p class=\"style3 style48\" style=\"text-align: justify;\">&#8211; \u00c9 apenas o Senhor que possui essa &#8220;Bola de Luz&#8221;?<\/p>\n<p class=\"style3 style48\" style=\"text-align: justify;\">&#8211; Certo.<\/p>\n<p class=\"style3 style48\" style=\"text-align: justify;\">&#8211; Vamos supor, ent\u00e3o, que, daqui a cem anos, o Senhor v\u00e1 para o outro mundo. Ela (a &#8220;Bola de Luz&#8221;) desaparecer\u00e1?<\/p>\n<p class=\"style3 style48\" style=\"text-align: justify;\">&#8211; N\u00e3o. Como emitirei a Luz do Mundo Espiritual, ela ser\u00e1 id\u00eantica. Ou melhor, ser\u00e1 mais intensa, porque o corpo f\u00edsico causa obst\u00e1culo.<\/p>\n<p class=\"style3 style48\" style=\"text-align: justify;\">As Suas palavras, nesta entrevista, querem dizer que Meishu-Sama, em estado de perfeita uni\u00e3o Deus-Homem, unificado com o Criador &#8211; na qualidade de Meishu-no-Oomikami &#8211; ao libertar-Se do corpo f\u00edsico, transformar-Se-\u00e1 em &#8220;Luz&#8221;, e continuar\u00e1 a desenvolver Seu Divino Programa.<\/p>\n<p class=\"style3 style48\" style=\"text-align: justify;\">Conforme tal entrevista, o &#8220;Esp\u00edrito Divino&#8221; do Deus do mais alto n\u00edvel &#8220;nasceu&#8221; na &#8216;Bola de Luz&#8217; alojada no ventre de Meishu-Sama e, ao libertar-Se do corpo f\u00edsico, cresce dia ap\u00f3s dia. De acordo com Suas palavras sobre o Koomyo-Dai de Hakone: &#8221; Significa que apareceu o &#8216;Koomyo&#8217; (&#8216;Luz Divina&#8217;) bem no centro do mundo &#8220;, isto \u00e9, ao cabo da passagem dos anos, determinados por Deus dentro do Seu Divino Programa, em 23 de dezembro de 1993, o Meishu-no-Oomikami veio neste mundo como Messias, no &#8220;Koomyo-dai&#8221; de Hakone, que \u00e9 o Centro Espiritual do Mundo.<\/p>\n<p class=\"style3 style48\" align=\"center\">&#8220;No momento em que a minha Luz<\/p>\n<p class=\"style3 style48\" align=\"center\">Iluminar todos os povos do mundo,<\/p>\n<p class=\"style3 style48\" align=\"center\">Reverberar\u00e3o, no solo, vozes de alegria.&#8221;<\/p>\n<p class=\"style3 style48\" align=\"center\">&#8220;Vozes mudas de alegria ecoam no mundo<\/p>\n<p class=\"style3 style48\" align=\"center\">Pelo surgimento do Messias,<\/p>\n<p class=\"style3 style48\" align=\"center\">Nos tr\u00eas Mundos: Divino, Espiritual e Material.&#8221;<\/p>\n<p class=\"style3 style48\" style=\"text-align: justify;\">O Culto da Vinda do Messias foi realizado, solenemente, pelos fi\u00e9is, os quais se reuniram, vindos do mundo inteiro, durante tr\u00eas dias (23, 24 e 25 de dezembro), a fim de divulgar essa Verdade \u00e0 humanidade.<\/p>\n<p>&nbsp;<\/p>\n<p><iframe style=\"overflow: hidden; width: 350px; height: 25px;\" src=\"http:\/\/www.facebook.com\/plugins\/like.php?href=https:\/\/www.jinsai.org\/pt-BR\/ensinamentos\/religiao\/irradiacao-da-luz-divina-especial-goshoten\/&amp;%0Alayout=standard&amp;show_faces=false&amp;width=380&amp;action=like&amp;colorscheme=light&amp;height=25\" frameborder=\"0\" scrolling=\"no\"><\/iframe><\/p>\n<div id=\"fb-root\"><\/div>\n<p><script src=\"http:\/\/connect.facebook.net\/pt_BR\/all.js#appId=APP_ID&amp;xfbml=1\"><\/script><fb:comments href=\" https:\/\/www.jinsai.org\/pt-BR\/ensinamentos\/religiao\/irradiacao-da-luz-divina-especial-goshoten\/\u201dnum_posts=\"100\" width=\"500\"><\/fb:comments><meta property='fb:app_id' content='171964893011161'\/> <\/p>\n<div id=\"fb-root\"><\/div>\n<p><script>(function(d, s, id) {\n  var js, fjs = d.getElementsByTagName(s)[0];\n  if (d.getElementById(id)) return;\n  js = d.createElement(s); js.id = id;\n  js.src = 'https:\/\/connect.facebook.net\/pt_BR\/sdk.js#xfbml=1&version=v3.0&appId=171964893011161&autoLogAppEvents=1';\n  fjs.parentNode.insertBefore(js, fjs);\n}(document, 'script', 'facebook-jssdk'));<\/script><\/p>\n<div class=\"fb-share-button\" data-href=\"https:\/\/www.jinsai.org\/pt-BR\/ensinamentos\/religiao\/irradiacao-da-luz-divina-especial-goshoten\/\" data-layout=\"button_count\" data-size=\"large\" data-mobile-iframe=\"true\"><a class=\"fb-xfbml-parse-ignore\" href=\"https:\/\/www.facebook.com\/sharer\/sharer.php?u=http%3A%2F%2Fwww.jinsai.org%2Fpt-BR%2Fensinamentos%2Freligiao%2Firradiacao-da-luz-divina-especial-goshoten%2F&amp;src=sdkpreparse\" target=\"_blank\" rel=\"noopener\">Compartilhar<\/a><\/div>\n","protected":false},"excerpt":{"rendered":"<p>No &#8220;Culto do In\u00edcio da Primavera&#8221;, realizado no dia 4 de fevereiro de 1955, vestindo um &#8220;hoo&#8221; (vestimenta cerimonial utilizada pelos aristocratas) dourado, Meishu-Sama dirigiu-se at\u00e9 o centro do estrado do Templo Messi\u00e2nico e proferiu vigorosas palavras, apesar de curtas. Ao ouvi-Lo, os fi\u00e9is ali reunidos acharam que Ele estaria restabelecido em breve. Mas, alguns [&hellip;]<\/p>\n","protected":false},"author":1,"featured_media":618,"comment_status":"closed","ping_status":"closed","sticky":false,"template":"","format":"standard","meta":{"footnotes":""},"categories":[5],"tags":[],"class_list":{"0":"post-575","1":"post","2":"type-post","3":"status-publish","4":"format-standard","5":"has-post-thumbnail","6":"hentry","7":"category-religiao","9":"post-with-thumbnail","10":"post-with-thumbnail-icon"},"_links":{"self":[{"href":"https:\/\/www.jinsai.org\/pt-BR\/wp-json\/wp\/v2\/posts\/575","targetHints":{"allow":["GET"]}}],"collection":[{"href":"https:\/\/www.jinsai.org\/pt-BR\/wp-json\/wp\/v2\/posts"}],"about":[{"href":"https:\/\/www.jinsai.org\/pt-BR\/wp-json\/wp\/v2\/types\/post"}],"author":[{"embeddable":true,"href":"https:\/\/www.jinsai.org\/pt-BR\/wp-json\/wp\/v2\/users\/1"}],"replies":[{"embeddable":true,"href":"https:\/\/www.jinsai.org\/pt-BR\/wp-json\/wp\/v2\/comments?post=575"}],"version-history":[{"count":5,"href":"https:\/\/www.jinsai.org\/pt-BR\/wp-json\/wp\/v2\/posts\/575\/revisions"}],"predecessor-version":[{"id":2853,"href":"https:\/\/www.jinsai.org\/pt-BR\/wp-json\/wp\/v2\/posts\/575\/revisions\/2853"}],"wp:featuredmedia":[{"embeddable":true,"href":"https:\/\/www.jinsai.org\/pt-BR\/wp-json\/wp\/v2\/media\/618"}],"wp:attachment":[{"href":"https:\/\/www.jinsai.org\/pt-BR\/wp-json\/wp\/v2\/media?parent=575"}],"wp:term":[{"taxonomy":"category","embeddable":true,"href":"https:\/\/www.jinsai.org\/pt-BR\/wp-json\/wp\/v2\/categories?post=575"},{"taxonomy":"post_tag","embeddable":true,"href":"https:\/\/www.jinsai.org\/pt-BR\/wp-json\/wp\/v2\/tags?post=575"}],"curies":[{"name":"wp","href":"https:\/\/api.w.org\/{rel}","templated":true}]}}