{"id":6156,"date":"2019-12-05T07:04:22","date_gmt":"2019-12-05T10:04:22","guid":{"rendered":"http:\/\/www.jinsai.org\/pt-BR\/?p=6156"},"modified":"2020-02-13T23:08:06","modified_gmt":"2020-02-14T02:08:06","slug":"preparacao-para-a-cerimonia-inaugural-da-dai-nippon-kannon-kai","status":"publish","type":"post","link":"https:\/\/www.jinsai.org\/pt-BR\/meishu-sama\/memorias\/okaniwa-shinjiro\/preparacao-para-a-cerimonia-inaugural-da-dai-nippon-kannon-kai\/","title":{"rendered":"PREPARA\u00c7\u00c3O PARA A CERIM\u00d4NIA INAUGURAL DA DAI NIPPON KANNON KAI"},"content":{"rendered":"<div id=\"pl-6156\"  class=\"panel-layout\" ><div id=\"pg-6156-0\"  class=\"panel-grid panel-no-style\" ><div id=\"pgc-6156-0-0\"  class=\"panel-grid-cell\" ><div id=\"panel-6156-0-0-0\" class=\"so-panel widget_sow-editor panel-first-child\" data-index=\"0\" ><div\n\t\t\t\n\t\t\tclass=\"so-widget-sow-editor so-widget-sow-editor-base\"\n\t\t\t\n\t\t>\n<div class=\"siteorigin-widget-tinymce textwidget\">\n\t<p style=\"text-align: justify;\">Em 18 de dezembro realizou-se a cerim\u00f4nia mensal no Ojindo e, por fim, o Deus Kannon Branco, que at\u00e9 ent\u00e3o havia sido a imagem divina, foi mudado ao t\u00e9rmino da cerim\u00f4nia. Em seu lugar, colocou-se o rolo pendente do Deus Senju Kannon, com o seu adorno maravilhosamente preparado para o evento.<\/p>\n<p style=\"text-align: justify;\">No dia seguinte, 19, celebramos \u00e0 noite a reuni\u00e3o da Sociedade Miroku, nas instala\u00e7\u00f5es da Editora Tookousha (Luz do Oriente). Esta reuni\u00e3o era muito efetiva para o treinamento, naquele tempo. Os presentes naquela noite eram doze pessoas, e ao centro do c\u00edrculo de doze pessoas que estavam sentadas, surgiu claramente sobre a esteira uma sombra redonda e grande, de cor parda, que desapareceu pouco a pouco depois de um certo tempo. Quando terminou a reuni\u00e3o, fui ao Ojindo e, em seguida, perguntei a Meishu-Sama sobre o acontecido. Imediatamente me respondeu: \"A cor parda \u00e9 a cor da terra. Por isso significa a grande Terra; e o fato de estarem em doze ao redor dela \u00e9 um aviso de que o mundo ser\u00e1 de doze pa\u00edses\".<\/p>\n<p style=\"text-align: justify;\">De acordo com as suas palavras, um prot\u00f3tipo t\u00e3o pequeno como este previa o futuro, pelo qual unicamente esta religi\u00e3o tem verdadeiramente algo digno de agradecer.<\/p>\n<p style=\"text-align: right;\">Okaniwa Shinjiro<\/p>\n<p style=\"text-align: right;\">Conselheiro<\/p>\n<\/div>\n<\/div><\/div><div id=\"panel-6156-0-0-1\" class=\"widget_text so-panel widget_custom_html panel-last-child\" data-index=\"1\" ><div class=\"textwidget custom-html-widget\">\n\n\n&nbsp;\n\n\n<iframe\nsrc=\"http:\/\/www.facebook.com\/plugins\/like.php?href=http:\/\/www.jinsai.org\/pt-BR\/meishu-sama\/memorias\/okaniwa-shinjiro\/preparacao-para-a-cerimonia-inaugural-da-dai-nippon-kannon-kai\n&amp;%0Alayout=standard&amp;show_faces=false&amp;width=380&amp;action=like&amp;colorscheme=light&amp;height=25\"\nstyle=\"border: medium none ; ovew: hidden; width: 350px; height:\n25px;\" allowtransparencyrflo=\"true\" scrolling=\"no\"\nframeborder=\"0\"><\/iframe>\n\n\n<div\nid=\"fb-root\"><\/div>\n\n\n<script\nsrc=\"http:\/\/connect.facebook.net\/pt_BR\/all.js#appId=APP_ID&amp;xfbml=1\"><\/script><fb:comments\nhref=\"http:\/\/www.jinsai.org\/pt-BR\/meishu-sama\/memorias\/okaniwa-shinjiro\/preparacao-para-a-cerimonia-inaugural-da-dai-nippon-kannon-kai\"\nnum_posts=\"100\" width=\"500\"><\/fb:comments><meta\nproperty=\"fb:app_id\" content=\"171964893011161\">\n\n\n\u00a0\n\n\n<div id=\"fb-root\"><\/div>\n\n\n<script>(function(d,\ns, id) {<br \/>\n\n\n\u00a0 var js, fjs =\nd.getElementsByTagName(s)[0];<br \/>\n\n\n\u00a0 if (d.getElementById(id)) return;<br \/>\n\n\n\u00a0 js = d.createElement(s); js.id = id;<br\n\/>\n\n\n\u00a0 js.src =\n'https:\/\/connect.facebook.net\/pt_BR\/sdk.js#xfbml=1&version=v3.0&appId=171964893011161&autoLogAppEvents=1';<br\n\/>\n\n\n\u00a0 fjs.parentNode.insertBefore(js, fjs);<br\n\/>\n\n\n}(document,\n'script', 'facebook-jssdk'));<\/script>\n\n\n<div\nclass=\"fb-share-button\" data-href=\"http:\/\/www.jinsai.org\/pt-BR\/meishu-sama\/memorias\/okaniwa-shinjiro\/preparacao-para-a-cerimonia-inaugural-da-dai-nippon-kannon-kai\"\ndata-layout=\"button_count\" data-size=\"large\"\ndata-mobile-iframe=\"true\"><a target=\"_blank\"\nhref=\"https:\/\/www.facebook.com\/sharer\/sharer.php?u=http%3A%2F%http:\/\/www.jinsai.org\/pt-BR\/meishu-sama\/memorias\/okaniwa-shinjiro\/preparacao-para-a-cerimonia-inaugural-da-dai-nippon-kannon-kai%2F&amp;src=sdkpreparse\"\nclass=\"fb-xfbml-parse-ignore\">Compartilhar<\/a><\/div>\n\n\n<\/div><\/div><\/div><\/div><\/div>","protected":false},"excerpt":{"rendered":"<p>Em 18 de dezembro realizou-se a cerim\u00f4nia mensal no Ojindo e, por fim, o Deus Kannon Branco, que at\u00e9 ent\u00e3o havia sido a imagem divina, foi mudado ao t\u00e9rmino da cerim\u00f4nia. Em seu lugar, colocou-se o rolo pendente do Deus Senju Kannon, com o seu adorno maravilhosamente preparado para o evento. No dia seguinte, 19, [&hellip;]<\/p>\n","protected":false},"author":1,"featured_media":6450,"comment_status":"closed","ping_status":"closed","sticky":false,"template":"","format":"standard","meta":{"footnotes":""},"categories":[46],"tags":[],"class_list":{"0":"post-6156","1":"post","2":"type-post","3":"status-publish","4":"format-standard","5":"has-post-thumbnail","6":"hentry","7":"category-okaniwa-shinjiro","9":"post-with-thumbnail","10":"post-with-thumbnail-icon"},"_links":{"self":[{"href":"https:\/\/www.jinsai.org\/pt-BR\/wp-json\/wp\/v2\/posts\/6156","targetHints":{"allow":["GET"]}}],"collection":[{"href":"https:\/\/www.jinsai.org\/pt-BR\/wp-json\/wp\/v2\/posts"}],"about":[{"href":"https:\/\/www.jinsai.org\/pt-BR\/wp-json\/wp\/v2\/types\/post"}],"author":[{"embeddable":true,"href":"https:\/\/www.jinsai.org\/pt-BR\/wp-json\/wp\/v2\/users\/1"}],"replies":[{"embeddable":true,"href":"https:\/\/www.jinsai.org\/pt-BR\/wp-json\/wp\/v2\/comments?post=6156"}],"version-history":[{"count":8,"href":"https:\/\/www.jinsai.org\/pt-BR\/wp-json\/wp\/v2\/posts\/6156\/revisions"}],"predecessor-version":[{"id":6165,"href":"https:\/\/www.jinsai.org\/pt-BR\/wp-json\/wp\/v2\/posts\/6156\/revisions\/6165"}],"wp:featuredmedia":[{"embeddable":true,"href":"https:\/\/www.jinsai.org\/pt-BR\/wp-json\/wp\/v2\/media\/6450"}],"wp:attachment":[{"href":"https:\/\/www.jinsai.org\/pt-BR\/wp-json\/wp\/v2\/media?parent=6156"}],"wp:term":[{"taxonomy":"category","embeddable":true,"href":"https:\/\/www.jinsai.org\/pt-BR\/wp-json\/wp\/v2\/categories?post=6156"},{"taxonomy":"post_tag","embeddable":true,"href":"https:\/\/www.jinsai.org\/pt-BR\/wp-json\/wp\/v2\/tags?post=6156"}],"curies":[{"name":"wp","href":"https:\/\/api.w.org\/{rel}","templated":true}]}}