{"id":6778,"date":"2020-04-01T20:16:21","date_gmt":"2020-04-01T23:16:21","guid":{"rendered":"http:\/\/www.jinsai.org\/pt-BR\/?p=6778"},"modified":"2020-04-02T19:34:47","modified_gmt":"2020-04-02T22:34:47","slug":"as-sete-racas-da-humanidade","status":"publish","type":"post","link":"https:\/\/www.jinsai.org\/pt-BR\/ensinamentos\/curiosidades\/as-sete-racas-da-humanidade\/","title":{"rendered":"AS SETE RA\u00c7AS DA HUMANIDADE"},"content":{"rendered":"<div id=\"pl-6778\"  class=\"panel-layout\" ><div id=\"pg-6778-0\"  class=\"panel-grid panel-no-style\" ><div id=\"pgc-6778-0-0\"  class=\"panel-grid-cell\" ><div id=\"panel-6778-0-0-0\" class=\"so-panel widget_sow-editor panel-first-child\" data-index=\"0\" ><div\n\t\t\t\n\t\t\tclass=\"so-widget-sow-editor so-widget-sow-editor-base\"\n\t\t\t\n\t\t>\n<div class=\"siteorigin-widget-tinymce textwidget\">\n\t<div class=\"powerpress_player\" id=\"powerpress_player_4008\"><audio class=\"wp-audio-shortcode\" id=\"audio-6778-1\" preload=\"none\" style=\"width: 100%;\" controls=\"controls\"><source type=\"audio\/mpeg\" src=\"http:\/\/www.jinsai.org\/pt-BR\/wp-content\/uploads\/2020\/04\/As-Sete-Racas-da-Humanidade-Editado.mp3?_=1\" \/><a href=\"http:\/\/www.jinsai.org\/pt-BR\/wp-content\/uploads\/2020\/04\/As-Sete-Racas-da-Humanidade-Editado.mp3\">http:\/\/www.jinsai.org\/pt-BR\/wp-content\/uploads\/2020\/04\/As-Sete-Racas-da-Humanidade-Editado.mp3<\/a><\/audio><\/div>\n<\/div>\n<\/div><\/div><div id=\"panel-6778-0-0-1\" class=\"so-panel widget_sow-editor\" data-index=\"1\" ><div\n\t\t\t\n\t\t\tclass=\"so-widget-sow-editor so-widget-sow-editor-base\"\n\t\t\t\n\t\t>\n<div class=\"siteorigin-widget-tinymce textwidget\">\n\t<p class=\"style3 style48\" style=\"text-align: justify;\"><strong>Pergunta:<\/strong> Ontem assisti a um semin\u00e1rio da Sociedade Teos\u00f3fica (Mirokulogia) Foi falado que na hist\u00f3ria do mundo h\u00e1 uma sucess\u00e3o de sete tipos de ra\u00e7as humanas. No fim da primeira houve grande guerra seguida por calamidades naturais e ent\u00e3o surgiu a segunda ra\u00e7a. A quarta ra\u00e7a, que submergiu no Oceano Pac\u00edfico, eram os atlantes, e foi dito que tinham avi\u00f5es melhores que os atuais. Foi dito tamb\u00e9m que existe sangue atlante misturado no sangue do japon\u00eas. Atualmente \u00e9 a era da quinta ra\u00e7a e viria ainda uma sexta ra\u00e7a. Eles disseram que a forma do rosto da sexta ra\u00e7a seria semelhante aos indianos e que teriam capacidade de compreender o Mundo Espiritual. Eu disse ao moderador, Sr. Miura, que a atua\u00e7\u00e3o de Miroku \u00e9, por assim dizer, a nossa atua\u00e7\u00e3o (atua\u00e7\u00e3o da Igreja Messi\u00e2nica); e ele ficou muito feliz.<\/p>\n<p class=\"style3 style48\" style=\"text-align: justify;\"><strong>Meishu-Sama:<\/strong>&nbsp;Isto \u00e9 sem d\u00favida \"sabedoria divina\". Aquilo que se sabe ao estudar \u00e9 \"sabedoria humana\". Aquilo que se sabe sem estudar \u00e9 \"sabedoria divina\". Com a chegada do tempo, muito em breve, aqui e ali isso come\u00e7ar\u00e1 a se manifestar. Curar com a imposi\u00e7\u00e3o das m\u00e3os \u00e9 algo que, numa \u00e9poca muito antiga, h\u00e1 milhares de anos atr\u00e1s, tamb\u00e9m se fazia.<\/p>\n<p class=\"style3 style48\" style=\"text-align: justify;\"><strong>Pergunta:<\/strong> Imagino que os documentos paleogr\u00e1ficos do Jap\u00e3o tamb\u00e9m ser\u00e3o revelados...<\/p>\n<p class=\"style3 style48\" style=\"text-align: justify;\"><strong>Meishu-Sama:&nbsp;<\/strong>A imprensa deve falar sobre isso logo.<\/p>\n<p class=\"style3 style48\" style=\"text-align: right;\">Registro de Conversas Iluminadas, 18 de abril de 1948<\/p>\n<p class=\"style3 style48\" style=\"text-align: right;\">Traduzido pela Equipe Jinsai<\/p>\n<\/div>\n<\/div><\/div><div id=\"panel-6778-0-0-2\" class=\"widget_text so-panel widget_custom_html panel-last-child\" data-index=\"2\" ><div class=\"textwidget custom-html-widget\">\n\n\n&nbsp;\n\n\n<iframe src=\"http:\/\/www.facebook.com\/plugins\/like.php?href= http:\/\/www.jinsai.org\/pt-BR\/ensinamentos\/curiosidades\/as-sete-racas-da-humanidade\/&amp;%0Alayout=standard&amp;show_faces=false&amp;width=380&amp;action=like&amp;colorscheme=light&amp;height=25\"\nstyle=\"border: medium none ; ovew: hidden; width: 350px; height:\n25px;\" allowtransparencyrflo=\"true\" scrolling=\"no\"\nframeborder=\"0\"><\/iframe>\n\n\n<div id=\"fb-root\"><\/div>\n\n\n<script\nsrc=\"http:\/\/connect.facebook.net\/pt_BR\/all.js#appId=APP_ID&amp;xfbml=1\"><\/script><fb:comments\nhref=\"http:\/\/www.jinsai.org\/pt-BR\/ensinamentos\/curiosidades\/as-sete-racas-da-humanidade\/\"\nnum_posts=\"100\" width=\"500\"><\/fb:comments><meta\nproperty=\"fb:app_id\" content=\"171964893011161\">\n\n\n\u00a0\n\n\n<div id=\"fb-root\"><\/div>\n\n\n<script>(function(d, s, id) {<br \/>\n\n\n\u00a0 var js, fjs =\nd.getElementsByTagName(s)[0];<br \/>\n\n\n\u00a0 if (d.getElementById(id))\nreturn;<br \/>\n\n\n\u00a0 js = d.createElement(s); js.id =\nid;<br \/>\n\n\n\u00a0 js.src =\n'https:\/\/connect.facebook.net\/pt_BR\/sdk.js#xfbml=1&version=v3.0&appId=171964893011161&autoLogAppEvents=1';<br\n\/>\n\n\n\u00a0 fjs.parentNode.insertBefore(js,\nfjs);<br \/>\n\n\n}(document, 'script', 'facebook-jssdk'));<\/script>\n\n\n<div class=\"fb-share-button\" data-href=\"http:\/\/www.jinsai.org\/pt-BR\/ensinamentos\/curiosidades\/as-sete-racas-da-humanidade\/\"\ndata-layout=\"button_count\" data-size=\"large\" data-mobile-iframe=\"true\"><a\ntarget=\"_blank\"\nhref=\"https:\/\/www.facebook.com\/sharer\/sharer.php?u=http%3A%2F%http:\/\/www.jinsai.org\/pt-BR\/ensinamentos\/curiosidades\/as-sete-racas-da-humanidade\/%2F&amp;src=sdkpreparse\"\nclass=\"fb-xfbml-parse-ignore\">Compartilhar<\/a><\/div>\n\n\n<\/div><\/div><\/div><\/div><\/div>","protected":false},"excerpt":{"rendered":"<p>Pergunta: Ontem assisti a um semin\u00e1rio da Sociedade Teos\u00f3fica (Mirokulogia) Foi falado que na hist\u00f3ria do mundo h\u00e1 uma sucess\u00e3o de sete tipos de ra\u00e7as humanas. No fim da primeira houve grande guerra seguida por calamidades naturais e ent\u00e3o surgiu a segunda ra\u00e7a. A quarta ra\u00e7a, que submergiu no Oceano Pac\u00edfico, eram os atlantes, e [&hellip;]<\/p>\n","protected":false},"author":1,"featured_media":1118,"comment_status":"open","ping_status":"closed","sticky":false,"template":"","format":"standard","meta":{"footnotes":""},"categories":[3],"tags":[],"class_list":{"0":"post-6778","1":"post","2":"type-post","3":"status-publish","4":"format-standard","5":"has-post-thumbnail","6":"hentry","7":"category-curiosidades","9":"post-with-thumbnail","10":"post-with-thumbnail-icon"},"_links":{"self":[{"href":"https:\/\/www.jinsai.org\/pt-BR\/wp-json\/wp\/v2\/posts\/6778","targetHints":{"allow":["GET"]}}],"collection":[{"href":"https:\/\/www.jinsai.org\/pt-BR\/wp-json\/wp\/v2\/posts"}],"about":[{"href":"https:\/\/www.jinsai.org\/pt-BR\/wp-json\/wp\/v2\/types\/post"}],"author":[{"embeddable":true,"href":"https:\/\/www.jinsai.org\/pt-BR\/wp-json\/wp\/v2\/users\/1"}],"replies":[{"embeddable":true,"href":"https:\/\/www.jinsai.org\/pt-BR\/wp-json\/wp\/v2\/comments?post=6778"}],"version-history":[{"count":7,"href":"https:\/\/www.jinsai.org\/pt-BR\/wp-json\/wp\/v2\/posts\/6778\/revisions"}],"predecessor-version":[{"id":6891,"href":"https:\/\/www.jinsai.org\/pt-BR\/wp-json\/wp\/v2\/posts\/6778\/revisions\/6891"}],"wp:featuredmedia":[{"embeddable":true,"href":"https:\/\/www.jinsai.org\/pt-BR\/wp-json\/wp\/v2\/media\/1118"}],"wp:attachment":[{"href":"https:\/\/www.jinsai.org\/pt-BR\/wp-json\/wp\/v2\/media?parent=6778"}],"wp:term":[{"taxonomy":"category","embeddable":true,"href":"https:\/\/www.jinsai.org\/pt-BR\/wp-json\/wp\/v2\/categories?post=6778"},{"taxonomy":"post_tag","embeddable":true,"href":"https:\/\/www.jinsai.org\/pt-BR\/wp-json\/wp\/v2\/tags?post=6778"}],"curies":[{"name":"wp","href":"https:\/\/api.w.org\/{rel}","templated":true}]}}