{"id":7153,"date":"2020-04-26T16:58:29","date_gmt":"2020-04-26T19:58:29","guid":{"rendered":"http:\/\/www.jinsai.org\/pt-BR\/?p=7153"},"modified":"2020-04-27T09:11:05","modified_gmt":"2020-04-27T12:11:05","slug":"comunicando-o-perdao-de-meishu-sama","status":"publish","type":"post","link":"https:\/\/www.jinsai.org\/pt-BR\/ensinamentos\/religiao\/comunicando-o-perdao-de-meishu-sama\/","title":{"rendered":"COMUNICANDO O PERD\u00c3O DE MEISHU-SAMA"},"content":{"rendered":"<div id=\"pl-7153\"  class=\"panel-layout\"><div id=\"pg-7153-0\"  class=\"panel-grid panel-no-style\"><div id=\"pgc-7153-0-0\"  class=\"panel-grid-cell\"><div id=\"panel-7153-0-0-0\" class=\"so-panel widget_sow-editor panel-first-child\" data-index=\"0\"><div\n\t\t\t\n\t\t\tclass=\"so-widget-sow-editor so-widget-sow-editor-base\">\n<div class=\"siteorigin-widget-tinymce textwidget\">\n\t<div class=\"powerpress_player\" id=\"powerpress_player_1031\"><audio class=\"wp-audio-shortcode\" id=\"audio-7153-1\" preload=\"none\" style=\"width: 100%;\" controls=\"controls\"><source type=\"audio\/mpeg\" src=\"http:\/\/www.jinsai.org\/pt-BR\/wp-content\/uploads\/2020\/04\/Comunicando-o-perdao-de-Meishu-Sama.mp3?_=1\" \/><a href=\"http:\/\/www.jinsai.org\/pt-BR\/wp-content\/uploads\/2020\/04\/Comunicando-o-perdao-de-Meishu-Sama.mp3\">http:\/\/www.jinsai.org\/pt-BR\/wp-content\/uploads\/2020\/04\/Comunicando-o-perdao-de-Meishu-Sama.mp3<\/a><\/audio><\/div>\n<\/div>\n<\/div><\/div><div id=\"panel-7153-0-0-1\" class=\"so-panel widget_sow-editor\" data-index=\"1\"><div\n\t\t\t\n\t\t\tclass=\"so-widget-sow-editor so-widget-sow-editor-base\">\n<div class=\"siteorigin-widget-tinymce textwidget\">\n\t<p style=\"text-align: justify;\"><strong>Pergunta:<\/strong> Um rapaz de 32 anos que ingressou na f\u00e9 em 1944 passou a ficar em transe a partir do dia 15 de junho. E, no retorno do \u00faltimo Culto Mensal realizado na unidade religiosa, disse as seguintes palavras, como se fosse <a href=\"http:\/\/www.jinsai.org\/pt-BR\/meishu-sama\/autores\/nitiren\/\">Nichiren<\/a><a href=\"#_ftn1\" name=\"_ftnref1\">[1]<\/a>: \u201cEu fui salvo por Meishu-Sama e levado ao Para\u00edso. Agrade\u00e7a a ele, por favor.\u201d \u201cEu fui salvo. No entanto, como n\u00e3o recebi o perd\u00e3o de Meishu-Sama, ainda n\u00e3o consigo trabalhar no Mundo Espiritual. Pe\u00e7o que ele me perdoe o quanto antes.\u201d<\/p>\n<p><\/p><\/div><\/div><\/div><\/div><\/div><\/div><p><a class=\"more-link\" href=\"https:\/\/www.jinsai.org\/pt-BR\/ensinamentos\/religiao\/comunicando-o-perdao-de-meishu-sama\/\">Continue lendo<span class=\"meta-nav\">&rarr;<\/span><\/a><\/p>","protected":false},"excerpt":{"rendered":"<p>Pergunta: Um rapaz de 32 anos que ingressou na f\u00e9 em 1944 passou a ficar em transe a partir do dia 15 de junho. E, no retorno do \u00faltimo Culto Mensal realizado na unidade religiosa, disse as seguintes palavras, como se fosse Nichiren[1]: \u201cEu fui salvo por Meishu-Sama e levado ao Para\u00edso. Agrade\u00e7a a ele, [&hellip;]<\/p>\n","protected":false},"author":1,"featured_media":618,"comment_status":"open","ping_status":"closed","sticky":false,"template":"","format":"standard","meta":{"footnotes":""},"categories":[5],"tags":[],"class_list":{"0":"post-7153","1":"post","2":"type-post","3":"status-publish","4":"format-standard","5":"has-post-thumbnail","6":"hentry","7":"category-religiao","9":"post-with-thumbnail","10":"post-with-thumbnail-icon"},"_links":{"self":[{"href":"https:\/\/www.jinsai.org\/pt-BR\/wp-json\/wp\/v2\/posts\/7153","targetHints":{"allow":["GET"]}}],"collection":[{"href":"https:\/\/www.jinsai.org\/pt-BR\/wp-json\/wp\/v2\/posts"}],"about":[{"href":"https:\/\/www.jinsai.org\/pt-BR\/wp-json\/wp\/v2\/types\/post"}],"author":[{"embeddable":true,"href":"https:\/\/www.jinsai.org\/pt-BR\/wp-json\/wp\/v2\/users\/1"}],"replies":[{"embeddable":true,"href":"https:\/\/www.jinsai.org\/pt-BR\/wp-json\/wp\/v2\/comments?post=7153"}],"version-history":[{"count":9,"href":"https:\/\/www.jinsai.org\/pt-BR\/wp-json\/wp\/v2\/posts\/7153\/revisions"}],"predecessor-version":[{"id":7183,"href":"https:\/\/www.jinsai.org\/pt-BR\/wp-json\/wp\/v2\/posts\/7153\/revisions\/7183"}],"wp:featuredmedia":[{"embeddable":true,"href":"https:\/\/www.jinsai.org\/pt-BR\/wp-json\/wp\/v2\/media\/618"}],"wp:attachment":[{"href":"https:\/\/www.jinsai.org\/pt-BR\/wp-json\/wp\/v2\/media?parent=7153"}],"wp:term":[{"taxonomy":"category","embeddable":true,"href":"https:\/\/www.jinsai.org\/pt-BR\/wp-json\/wp\/v2\/categories?post=7153"},{"taxonomy":"post_tag","embeddable":true,"href":"https:\/\/www.jinsai.org\/pt-BR\/wp-json\/wp\/v2\/tags?post=7153"}],"curies":[{"name":"wp","href":"https:\/\/api.w.org\/{rel}","templated":true}]}}