{"id":7170,"date":"2020-04-26T22:01:27","date_gmt":"2020-04-27T01:01:27","guid":{"rendered":"http:\/\/www.jinsai.org\/pt-BR\/?p=7170"},"modified":"2020-04-28T08:56:39","modified_gmt":"2020-04-28T11:56:39","slug":"a-desintegracao-do-fundo-do-inferno","status":"publish","type":"post","link":"https:\/\/www.jinsai.org\/pt-BR\/ensinamentos\/religiao\/a-desintegracao-do-fundo-do-inferno\/","title":{"rendered":"A DESINTEGRA\u00c7\u00c3O DO FUNDO DO INFERNO"},"content":{"rendered":"<div id=\"pl-7170\"  class=\"panel-layout\"><div id=\"pg-7170-0\"  class=\"panel-grid panel-no-style\"><div id=\"pgc-7170-0-0\"  class=\"panel-grid-cell\"><div id=\"panel-7170-0-0-0\" class=\"so-panel widget_sow-editor panel-first-child\" data-index=\"0\"><div\n\t\t\t\n\t\t\tclass=\"so-widget-sow-editor so-widget-sow-editor-base\">\n<div class=\"siteorigin-widget-tinymce textwidget\">\n\t<div class=\"powerpress_player\" id=\"powerpress_player_4028\"><audio class=\"wp-audio-shortcode\" id=\"audio-7170-1\" preload=\"none\" style=\"width: 100%;\" controls=\"controls\"><source type=\"audio\/mpeg\" src=\"http:\/\/www.jinsai.org\/pt-BR\/wp-content\/uploads\/2020\/04\/A-desintegracao-do-fundo-do-Inferno.mp3?_=1\" \/><a href=\"http:\/\/www.jinsai.org\/pt-BR\/wp-content\/uploads\/2020\/04\/A-desintegracao-do-fundo-do-Inferno.mp3\">http:\/\/www.jinsai.org\/pt-BR\/wp-content\/uploads\/2020\/04\/A-desintegracao-do-fundo-do-Inferno.mp3<\/a><\/audio><\/div>\n<\/div>\n<\/div><\/div><div id=\"panel-7170-0-0-1\" class=\"so-panel widget_sow-editor\" data-index=\"1\"><div\n\t\t\t\n\t\t\tclass=\"so-widget-sow-editor so-widget-sow-editor-base\">\n<div class=\"siteorigin-widget-tinymce textwidget\">\n\t<p style=\"text-align: justify;\"><strong>Pergunta:<\/strong> Com a mudan\u00e7a para o Dia, como se apresentar\u00e1 o aspecto do Inferno?<\/p>\n<p><\/p><\/div><\/div><\/div><\/div><\/div><\/div><p><a class=\"more-link\" href=\"https:\/\/www.jinsai.org\/pt-BR\/ensinamentos\/religiao\/a-desintegracao-do-fundo-do-inferno\/\">Continue lendo<span class=\"meta-nav\">&rarr;<\/span><\/a><\/p>","protected":false},"excerpt":{"rendered":"<p>Pergunta: Com a mudan\u00e7a para o Dia, como se apresentar\u00e1 o aspecto do Inferno?Meishu-Sama: O Inferno mudar\u00e1 muito. Por um tempo a purifica\u00e7\u00e3o se intensificar\u00e1 e aqueles que n\u00e3o tiverem a m\u00ednima esperan\u00e7a de arrependimento ser\u00e3o confinados, e os que ainda tiverem alguma chance ser\u00e3o puxados para cima. Isto \u00e9 algo realmente temeroso. Com o [&hellip;]<\/p>\n","protected":false},"author":1,"featured_media":618,"comment_status":"open","ping_status":"closed","sticky":false,"template":"","format":"standard","meta":{"footnotes":""},"categories":[5],"tags":[],"class_list":{"0":"post-7170","1":"post","2":"type-post","3":"status-publish","4":"format-standard","5":"has-post-thumbnail","6":"hentry","7":"category-religiao","9":"post-with-thumbnail","10":"post-with-thumbnail-icon"},"_links":{"self":[{"href":"https:\/\/www.jinsai.org\/pt-BR\/wp-json\/wp\/v2\/posts\/7170","targetHints":{"allow":["GET"]}}],"collection":[{"href":"https:\/\/www.jinsai.org\/pt-BR\/wp-json\/wp\/v2\/posts"}],"about":[{"href":"https:\/\/www.jinsai.org\/pt-BR\/wp-json\/wp\/v2\/types\/post"}],"author":[{"embeddable":true,"href":"https:\/\/www.jinsai.org\/pt-BR\/wp-json\/wp\/v2\/users\/1"}],"replies":[{"embeddable":true,"href":"https:\/\/www.jinsai.org\/pt-BR\/wp-json\/wp\/v2\/comments?post=7170"}],"version-history":[{"count":7,"href":"https:\/\/www.jinsai.org\/pt-BR\/wp-json\/wp\/v2\/posts\/7170\/revisions"}],"predecessor-version":[{"id":7195,"href":"https:\/\/www.jinsai.org\/pt-BR\/wp-json\/wp\/v2\/posts\/7170\/revisions\/7195"}],"wp:featuredmedia":[{"embeddable":true,"href":"https:\/\/www.jinsai.org\/pt-BR\/wp-json\/wp\/v2\/media\/618"}],"wp:attachment":[{"href":"https:\/\/www.jinsai.org\/pt-BR\/wp-json\/wp\/v2\/media?parent=7170"}],"wp:term":[{"taxonomy":"category","embeddable":true,"href":"https:\/\/www.jinsai.org\/pt-BR\/wp-json\/wp\/v2\/categories?post=7170"},{"taxonomy":"post_tag","embeddable":true,"href":"https:\/\/www.jinsai.org\/pt-BR\/wp-json\/wp\/v2\/tags?post=7170"}],"curies":[{"name":"wp","href":"https:\/\/api.w.org\/{rel}","templated":true}]}}