{"id":7202,"date":"2020-04-28T18:37:22","date_gmt":"2020-04-28T21:37:22","guid":{"rendered":"http:\/\/www.jinsai.org\/pt-BR\/?p=7202"},"modified":"2023-01-01T22:30:17","modified_gmt":"2023-01-02T01:30:17","slug":"nasce-o-sol","status":"publish","type":"post","link":"https:\/\/www.jinsai.org\/pt-BR\/ensinamentos\/religiao\/nasce-o-sol\/","title":{"rendered":"NASCE O SOL"},"content":{"rendered":"<div id=\"pl-7202\"  class=\"panel-layout\" ><div id=\"pg-7202-0\"  class=\"panel-grid panel-no-style\" ><div id=\"pgc-7202-0-0\"  class=\"panel-grid-cell\" ><div id=\"panel-7202-0-0-0\" class=\"so-panel widget_sow-editor panel-first-child\" data-index=\"0\" ><div\n\t\t\t\n\t\t\tclass=\"so-widget-sow-editor so-widget-sow-editor-base\"\n\t\t\t\n\t\t>\n<div class=\"siteorigin-widget-tinymce textwidget\">\n\t<div class=\"powerpress_player\" id=\"powerpress_player_1440\"><audio class=\"wp-audio-shortcode\" id=\"audio-7202-1\" preload=\"none\" style=\"width: 100%;\" controls=\"controls\"><source type=\"audio\/mpeg\" src=\"http:\/\/www.jinsai.org\/pt-BR\/wp-content\/uploads\/2020\/04\/Nasce-o-Sol.mp3?_=1\" \/><a href=\"http:\/\/www.jinsai.org\/pt-BR\/wp-content\/uploads\/2020\/04\/Nasce-o-Sol.mp3\">http:\/\/www.jinsai.org\/pt-BR\/wp-content\/uploads\/2020\/04\/Nasce-o-Sol.mp3<\/a><\/audio><\/div>\n<\/div>\n<\/div><\/div><div id=\"panel-7202-0-0-1\" class=\"so-panel widget_sow-editor\" data-index=\"1\" ><div\n\t\t\t\n\t\t\tclass=\"so-widget-sow-editor so-widget-sow-editor-base\"\n\t\t\t\n\t\t>\n<div class=\"siteorigin-widget-tinymce textwidget\">\n\t<p style=\"text-align: justify;\">Por isso, entre os fundadores do budismo de at\u00e9 agora, <a href=\"http:\/\/www.jinsai.org\/pt-BR\/meishu-sama\/autores\/nitiren\/\">Nitiren Shonin<\/a> foi o primeiro a adotar o m\u00e9todo do Sol e, por causa disso, se chama <em>Nitiren<\/em> (<em>niti<\/em> - Sol, dia). At\u00e9 ent\u00e3o, todos pertenciam \u00e0 linhagem da Lua. Ent\u00e3o, Nitiren Shonin foi o primeiro de m\u00e9todos do Sol no budismo. O Sol est\u00e1 inclu\u00eddo na Lua. Por isso, na letra Lua, extraindo-se a parte de baixo, fica. Dessa forma, o in\u00edcio da religi\u00e3o foi h\u00e1 700 anos. O fato de Nitiren Shonin ter surgido h\u00e1 700 anos significa que surgiu o Sol no mundo B\u00fadico. O Mundo Espiritual \u00e9 constitu\u00eddo de diversos n\u00edveis e o Sol surgiu no n\u00edvel acima de todos e, a partir da Era Meiji, o Sol finalmente come\u00e7a a surgir.<\/p>\n<p style=\"text-align: justify;\">J\u00e1 escrevi que Tokugawa era da linhagem de Sussanoo-no-Mikoto e ele \u00e9 da linhagem da Lua.<\/p>\n<p style=\"text-align: justify;\">Por isso, o fato de se ter entrado na Era Meiji significa que o mundo come\u00e7ou a clarear. Depois, vem a Era Taisho e, chegando na Era Showa, finalmente surge o Sol no Mundo Material.<\/p>\n<p style=\"text-align: justify;\">Surgir o Sol significa nascer o Sol. E nascer o Sol significa frutificar. Nasce o fruto.<\/p>\n<p style=\"text-align: justify;\">Por isso, podemos entender muito bem que tudo tende a correr exatamente de acordo com o programa de Deus.<\/p>\n<p style=\"text-align: right;\">Mioshie-shu N\u00ba14<\/p>\n<p style=\"text-align: right;\">25 de setembro de 1952<\/p>\n<\/div>\n<\/div><\/div><div id=\"panel-7202-0-0-2\" class=\"widget_text so-panel widget_custom_html panel-last-child\" data-index=\"2\" ><div class=\"textwidget custom-html-widget\">\n\n\n&nbsp;\n\n\n<iframe src=\"http:\/\/www.facebook.com\/plugins\/like.php?href= \u00a0http:\/\/www.jinsai.org\/pt-BR\/ensinamentos\/religiao\/nasce-o-sol\/&amp;%0Alayout=standard&amp;show_faces=false&amp;width=380&amp;action=like&amp;colorscheme=light&amp;height=25\"\nstyle=\"border: medium none ; ovew: hidden; width: 350px; height:\n25px;\" allowtransparencyrflo=\"true\" scrolling=\"no\"\nframeborder=\"0\"><\/iframe>\n\n\n<div id=\"fb-root\"><\/div>\n\n\n<script\nsrc=\"http:\/\/connect.facebook.net\/pt_BR\/all.js#appId=APP_ID&amp;xfbml=1\"><\/script><fb:comments\nhref=\" http:\/\/www.jinsai.org\/pt-BR\/ensinamentos\/religiao\/nasce-o-sol\/\"\nnum_posts=\"100\" width=\"500\"><\/fb:comments><meta\nproperty=\"fb:app_id\" content=\"171964893011161\">\n\n\n\u00a0\n\n\n<div id=\"fb-root\"><\/div>\n\n\n<script>(function(d, s, id) {<br \/>\n\n\n\u00a0 var js, fjs =\nd.getElementsByTagName(s)[0];<br \/>\n\n\n\u00a0 if (d.getElementById(id))\nreturn;<br \/>\n\n\n\u00a0 js = d.createElement(s); js.id =\nid;<br \/>\n\n\n\u00a0 js.src =\n'https:\/\/connect.facebook.net\/pt_BR\/sdk.js#xfbml=1&version=v3.0&appId=171964893011161&autoLogAppEvents=1';<br\n\/>\n\n\n\u00a0 fjs.parentNode.insertBefore(js,\nfjs);<br \/>\n\n\n}(document, 'script', 'facebook-jssdk'));<\/script>\n\n\n<div class=\"fb-share-button\" data-href=\" http:\/\/www.jinsai.org\/pt-BR\/ensinamentos\/religiao\/nasce-o-sol\/\"\ndata-layout=\"button_count\" data-size=\"large\" data-mobile-iframe=\"true\"><a\ntarget=\"_blank\"\nhref=\"https:\/\/www.facebook.com\/sharer\/sharer.php?u=http%3A%2F% http:\/\/www.jinsai.org\/pt-BR\/ensinamentos\/religiao\/nasce-o-sol\/%2F&amp;src=sdkpreparse\"\nclass=\"fb-xfbml-parse-ignore\">Compartilhar<\/a><\/div>\n\n\n<\/div><\/div><\/div><\/div><\/div>","protected":false},"excerpt":{"rendered":"<p>Por isso, entre os fundadores do budismo de at\u00e9 agora, Nitiren Shonin foi o primeiro a adotar o m\u00e9todo do Sol e, por causa disso, se chama Nitiren (niti &#8211; Sol, dia). At\u00e9 ent\u00e3o, todos pertenciam \u00e0 linhagem da Lua. Ent\u00e3o, Nitiren Shonin foi o primeiro de m\u00e9todos do Sol no budismo. O Sol est\u00e1 [&hellip;]<\/p>\n","protected":false},"author":1,"featured_media":618,"comment_status":"open","ping_status":"closed","sticky":false,"template":"","format":"standard","meta":{"footnotes":""},"categories":[5],"tags":[],"class_list":{"0":"post-7202","1":"post","2":"type-post","3":"status-publish","4":"format-standard","5":"has-post-thumbnail","6":"hentry","7":"category-religiao","9":"post-with-thumbnail","10":"post-with-thumbnail-icon"},"_links":{"self":[{"href":"https:\/\/www.jinsai.org\/pt-BR\/wp-json\/wp\/v2\/posts\/7202","targetHints":{"allow":["GET"]}}],"collection":[{"href":"https:\/\/www.jinsai.org\/pt-BR\/wp-json\/wp\/v2\/posts"}],"about":[{"href":"https:\/\/www.jinsai.org\/pt-BR\/wp-json\/wp\/v2\/types\/post"}],"author":[{"embeddable":true,"href":"https:\/\/www.jinsai.org\/pt-BR\/wp-json\/wp\/v2\/users\/1"}],"replies":[{"embeddable":true,"href":"https:\/\/www.jinsai.org\/pt-BR\/wp-json\/wp\/v2\/comments?post=7202"}],"version-history":[{"count":9,"href":"https:\/\/www.jinsai.org\/pt-BR\/wp-json\/wp\/v2\/posts\/7202\/revisions"}],"predecessor-version":[{"id":11243,"href":"https:\/\/www.jinsai.org\/pt-BR\/wp-json\/wp\/v2\/posts\/7202\/revisions\/11243"}],"wp:featuredmedia":[{"embeddable":true,"href":"https:\/\/www.jinsai.org\/pt-BR\/wp-json\/wp\/v2\/media\/618"}],"wp:attachment":[{"href":"https:\/\/www.jinsai.org\/pt-BR\/wp-json\/wp\/v2\/media?parent=7202"}],"wp:term":[{"taxonomy":"category","embeddable":true,"href":"https:\/\/www.jinsai.org\/pt-BR\/wp-json\/wp\/v2\/categories?post=7202"},{"taxonomy":"post_tag","embeddable":true,"href":"https:\/\/www.jinsai.org\/pt-BR\/wp-json\/wp\/v2\/tags?post=7202"}],"curies":[{"name":"wp","href":"https:\/\/api.w.org\/{rel}","templated":true}]}}