{"id":725,"date":"2018-06-21T22:35:09","date_gmt":"2018-06-22T01:35:09","guid":{"rendered":"http:\/\/www.jinsai.org\/pt-BR\/?p=725"},"modified":"2018-07-05T14:08:56","modified_gmt":"2018-07-05T17:08:56","slug":"o-mal-social-e-ou-nao-e-causado-pelo-meio-ambiente","status":"publish","type":"post","link":"https:\/\/www.jinsai.org\/pt-BR\/ensinamentos\/sociedade\/o-mal-social-e-ou-nao-e-causado-pelo-meio-ambiente\/","title":{"rendered":"O MAL SOCIAL \u00c9 OU N\u00c3O \u00c9 CAUSADO PELO MEIO AMBIENTE?"},"content":{"rendered":"<p class=\"style3 style48\" style=\"text-align: justify;\">Desde os tempos mais remotos \u00e9 costume dizer: &#8220;<em>Se tiveres riqueza consolidada, ter\u00e1s esp\u00edrito correto<\/em>&#8220;. Isso significa que, quando o homem deixa de passar por dificuldades materiais, suas palavras e atitudes tamb\u00e9m melhoram. Assim, muitos intelectuais interpretam que a car\u00eancia material \u00e9 a causa dos males sociais que infestam o mundo atualmente. Em parte isto \u00e9 verdade, mas n\u00e3o \u00e9 o ponto vital do problema. Se essa fosse a verdadeira causa dos males sociais, as pessoas aben\u00e7oadas materialmente deveriam ser corretas; todavia, a realidade nos mostra que nem todas o s\u00e3o. Existem muitas pessoas ricas que praticam atos il\u00edcitos e \u00e0s vezes perturbam e prejudicam a sociedade muito mais do que os pobres. Atrav\u00e9s do poder do dinheiro, apoderam-se de muitas resid\u00eancias e deixam-nas desabitadas, numa \u00e9poca em que estamos passando por s\u00e9ria crise habitacional; alvoro\u00e7am a moral; tiram a liberdade dos fracos e indefesos, impedindo-os de subir na vida; corrompem o mundo pol\u00edtico; e tantas outras coisas, que chega a ser imposs\u00edvel enumer\u00e1-las.<\/p>\n<p class=\"style3 style48\" style=\"text-align: justify;\">Por esses fatos, fica evidente que o aumento dos males sociais n\u00e3o \u00e9 causado unicamente pela car\u00eancia material. Conclui-se, da\u00ed, que eles prov\u00eam da falta de f\u00e9, como sempre costumamos dizer. Esta \u00e9 a sua verdadeira causa. Enquanto n\u00e3o solucionarmos essa quest\u00e3o, ser\u00e1 imposs\u00edvel pensarmos na erradica\u00e7\u00e3o dos males sociais. A solu\u00e7\u00e3o b\u00e1sica e incontest\u00e1vel do problema est\u00e1 no aparecimento de uma religi\u00e3o poderosa.<\/p>\n<p class=\"style3 style48\" style=\"text-align: justify;\">O maior erro que existe no pensamento dos homens civilizados da atualidade \u00e9 a mania de atribuir ou transferir todas as culpas para terceiros. Creio que a influ\u00eancia do marxismo constitui o centro desse modo de pensar, pois, segundo sua teoria socialista, a infelicidade do homem \u00e9 causada unicamente pelo p\u00e9ssimo mecanismo da organiza\u00e7\u00e3o social. De fato, torna-se necess\u00e1rio melhorar cada vez mais esse mecanismo, mas \u00e9 um grande equ\u00edvoco determinar que esta seja a causa \u00fanica da infelicidade do homem. Mesmo que se chegue a uma organiza\u00e7\u00e3o ideal, se o modo de pensar e agir de cada indiv\u00edduo estiver errado, essa organiza\u00e7\u00e3o n\u00e3o poder\u00e1 ser administrada com efici\u00eancia, e o resultado, infalivelmente, ser\u00e1 a bancarrota. Portanto, a \u00fanica forma de solucionar o problema \u00e9 melhorar a natureza espiritual de cada indiv\u00edduo. Ou seja, deve-se considerar que o homem \u00e9 o ponto principal, e a organiza\u00e7\u00e3o social, um ponto secund\u00e1rio.<\/p>\n<p class=\"style3 style48\" style=\"text-align: justify;\">\u00c9 evidente que esse pensamento errado surgiu das teorias materialistas, que n\u00e3o reconhecem a natureza espiritual do homem. Tenta-se solucionar todos os problemas atrav\u00e9s dessas teorias e nisso est\u00e1 o grande erro. Como resultado, os homens da \u00e9poca atual julgam que suas pr\u00f3prias palavras e a\u00e7\u00f5es s\u00e3o corretas e procuram atribuir a culpa dos males sociais a terceiros. Na realidade, por\u00e9m, a causa de quase todos esses males est\u00e1 no pr\u00f3prio indiv\u00edduo. Se os homens estiverem profundamente conscientizados disso, a humildade e o esp\u00edrito filantr\u00f3pico surgir\u00e3o por si mesmos, nascendo uma sociedade feliz e pac\u00edfica. Jamais se conseguir\u00e1 tal coisa por outro caminho que n\u00e3o seja a f\u00e9.<\/p>\n<p class=\"style3 style48\" style=\"text-align: justify;\">O pensamento de que a culpa dos males sociais est\u00e1 em terceiros &#8211; princ\u00edpio da revolu\u00e7\u00e3o socialista &#8211; baseado no qual se pretende destruir a organiza\u00e7\u00e3o social, faz com que o povo se rebele, transferindo a culpa \u00e0 organiza\u00e7\u00e3o, ao inv\u00e9s de assumi-la. Gostar\u00edamos, portanto, que os homens da atualidade, plenamente conscientizados do que estamos dizendo, reconsiderassem os erros cometidos at\u00e9 o presente e come\u00e7assem tudo de novo.<\/p>\n<p class=\"style3 style48\" style=\"text-align: right;\">25 de maio de 1949<\/p>\n<p>&nbsp;<\/p>\n<p><iframe src=\"http:\/\/www.facebook.com\/plugins\/like.php?href=https:\/\/www.jinsai.org\/pt-BR\/ensinamentos\/sociedade\/o-mal-social-e-ou-nao-e-causado-pelo-meio-ambiente\/&#038;%0Alayout=standard&#038;show_faces=false&#038;width=380&#038;action=like&#038;colorscheme=light&#038;height=25\" style=\"border: medium none ; overflow: hidden; width: 350px; height: 25px;\" allowtransparency=\"true\" frameborder=\"0\" scrolling=\"no\"><\/iframe><\/p>\n<div id=\"fb-root\"><\/div>\n<p><script src=\"http:\/\/connect.facebook.net\/pt_BR\/all.js#appId=APP_ID&amp;xfbml=1\"><\/script><fb:comments href=\" https:\/\/www.jinsai.org\/pt-BR\/ensinamentos\/sociedade\/o-mal-social-e-ou-nao-e-causado-pelo-meio-ambiente\/\" num_posts=\"100\" width=\"500\"><\/fb:comments><meta property='fb:app_id' content='171964893011161'\/> <\/p>\n<div id=\"fb-root\"><\/div>\n<p><script>(function(d, s, id) {\n  var js, fjs = d.getElementsByTagName(s)[0];\n  if (d.getElementById(id)) return;\n  js = d.createElement(s); js.id = id;\n  js.src = 'https:\/\/connect.facebook.net\/pt_BR\/sdk.js#xfbml=1&version=v3.0&appId=171964893011161&autoLogAppEvents=1';\n  fjs.parentNode.insertBefore(js, fjs);\n}(document, 'script', 'facebook-jssdk'));<\/script><\/p>\n<div class=\"fb-share-button\" data-href=\"https:\/\/www.jinsai.org\/pt-BR\/ensinamentos\/sociedade\/o-mal-social-e-ou-nao-e-causado-pelo-meio-ambiente\/\" data-layout=\"button_count\" data-size=\"large\" data-mobile-iframe=\"true\"><a target=\"_blank\" href=\"https:\/\/www.facebook.com\/sharer\/sharer.php?u=http%3A%2F%2Fwww.jinsai.org%2Fpt-BR%2Fensinamentos%2Fsociedade%2Fo-mal-social-e-ou-nao-e-causado-pelo-meio-ambiente%2F&amp;src=sdkpreparse\" class=\"fb-xfbml-parse-ignore\">Compartilhar<\/a><\/div>\n","protected":false},"excerpt":{"rendered":"<p>Desde os tempos mais remotos \u00e9 costume dizer: &#8220;Se tiveres riqueza consolidada, ter\u00e1s esp\u00edrito correto&#8220;. Isso significa que, quando o homem deixa de passar por dificuldades materiais, suas palavras e atitudes tamb\u00e9m melhoram. Assim, muitos intelectuais interpretam que a car\u00eancia material \u00e9 a causa dos males sociais que infestam o mundo atualmente. Em parte isto [&hellip;]<\/p>\n","protected":false},"author":1,"featured_media":1459,"comment_status":"closed","ping_status":"closed","sticky":false,"template":"","format":"standard","meta":{"footnotes":""},"categories":[7],"tags":[],"class_list":{"0":"post-725","1":"post","2":"type-post","3":"status-publish","4":"format-standard","5":"has-post-thumbnail","6":"hentry","7":"category-sociedade","9":"post-with-thumbnail","10":"post-with-thumbnail-icon"},"_links":{"self":[{"href":"https:\/\/www.jinsai.org\/pt-BR\/wp-json\/wp\/v2\/posts\/725","targetHints":{"allow":["GET"]}}],"collection":[{"href":"https:\/\/www.jinsai.org\/pt-BR\/wp-json\/wp\/v2\/posts"}],"about":[{"href":"https:\/\/www.jinsai.org\/pt-BR\/wp-json\/wp\/v2\/types\/post"}],"author":[{"embeddable":true,"href":"https:\/\/www.jinsai.org\/pt-BR\/wp-json\/wp\/v2\/users\/1"}],"replies":[{"embeddable":true,"href":"https:\/\/www.jinsai.org\/pt-BR\/wp-json\/wp\/v2\/comments?post=725"}],"version-history":[{"count":3,"href":"https:\/\/www.jinsai.org\/pt-BR\/wp-json\/wp\/v2\/posts\/725\/revisions"}],"predecessor-version":[{"id":2476,"href":"https:\/\/www.jinsai.org\/pt-BR\/wp-json\/wp\/v2\/posts\/725\/revisions\/2476"}],"wp:featuredmedia":[{"embeddable":true,"href":"https:\/\/www.jinsai.org\/pt-BR\/wp-json\/wp\/v2\/media\/1459"}],"wp:attachment":[{"href":"https:\/\/www.jinsai.org\/pt-BR\/wp-json\/wp\/v2\/media?parent=725"}],"wp:term":[{"taxonomy":"category","embeddable":true,"href":"https:\/\/www.jinsai.org\/pt-BR\/wp-json\/wp\/v2\/categories?post=725"},{"taxonomy":"post_tag","embeddable":true,"href":"https:\/\/www.jinsai.org\/pt-BR\/wp-json\/wp\/v2\/tags?post=725"}],"curies":[{"name":"wp","href":"https:\/\/api.w.org\/{rel}","templated":true}]}}