{"id":7496,"date":"2020-05-20T09:34:33","date_gmt":"2020-05-20T12:34:33","guid":{"rendered":"http:\/\/www.jinsai.org\/pt-BR\/?p=7496"},"modified":"2020-05-20T09:34:33","modified_gmt":"2020-05-20T12:34:33","slug":"solar-kansetsu-hashimoto","status":"publish","type":"post","link":"https:\/\/www.jinsai.org\/pt-BR\/sagrado\/viagem-a-kyoto-e-nara\/viagem-a-kyoto\/solar-kansetsu-hashimoto\/","title":{"rendered":"SOLAR KANSETSU HASHIMOTO"},"content":{"rendered":"<div id=\"pl-7496\"  class=\"panel-layout\" ><div id=\"pg-7496-0\"  class=\"panel-grid panel-no-style\" ><div id=\"pgc-7496-0-0\"  class=\"panel-grid-cell\" ><div id=\"panel-7496-0-0-0\" class=\"so-panel widget_sow-editor panel-first-child\" data-index=\"0\" ><div\n\t\t\t\n\t\t\tclass=\"so-widget-sow-editor so-widget-sow-editor-base\"\n\t\t\t\n\t\t>\n<div class=\"siteorigin-widget-tinymce textwidget\">\n\t<p>Jardim do Solar Kansetsu Hashimoto<\/p>\n<p style=\"text-align: justify;\">A partir de 1916, o pintor Kansetsu Hashimoto (1883 -1945) passou a residir no Solar Hakusa-son, pr\u00f3ximo ao Templo budista Kinkakuji, que, atualmente, funciona como Memorial Kansetsu Hashimoto. Meishu-Sama visitou, al\u00e9m do ateli\u00ea de Kansetsu, o tranquilo jardim do solar e apreciou a paisagem composta por lagos, esculturas, torres de pedra e pela Montanha Dai-Monji, ao fundo. V\u00e1rios quadros de Kansetsu fazem parte do acervo do Museu MOA.<\/p>\n<p><img loading=\"lazy\" decoding=\"async\" class=\"aligncenter wp-image-7500 size-full\" src=\"http:\/\/www.jinsai.org\/pt-BR\/wp-content\/uploads\/2020\/05\/Digitalizar0028-A.jpg\" alt=\"\" width=\"1492\" height=\"1268\" srcset=\"https:\/\/www.jinsai.org\/pt-BR\/wp-content\/uploads\/2020\/05\/Digitalizar0028-A.jpg 1492w, https:\/\/www.jinsai.org\/pt-BR\/wp-content\/uploads\/2020\/05\/Digitalizar0028-A-300x255.jpg 300w, https:\/\/www.jinsai.org\/pt-BR\/wp-content\/uploads\/2020\/05\/Digitalizar0028-A-768x653.jpg 768w, https:\/\/www.jinsai.org\/pt-BR\/wp-content\/uploads\/2020\/05\/Digitalizar0028-A-1024x870.jpg 1024w\" sizes=\"auto, (max-width: 1492px) 100vw, 1492px\" \/><\/p>\n<p style=\"text-align: center;\">Meishu-Sama passeando pelo jardim do Solar Kansetsu Hashiinoto, em 12 de abril de 1953<\/p>\n<p style=\"text-align: justify;\">\u201cEm se tratando do pintor Kansetsu, realmente foi uma grande pena, pois ele partiu deste mundo justamente no momento em que come\u00e7ava o seu sucesso. Em suas obras de estilo sulista chin\u00eas, oculta-se, de forma surpreendente, sua transbordante ambi\u00e7\u00e3o. Suas pinceladas s\u00e3o vigorosas e sublimes e, sem vulgaridade, expressam um sabor um tanto melanc\u00f3lico.\u201d<\/p>\n<p style=\"text-align: right;\">Meishu-Sama - em 30 de agosto de 1949<\/p>\n<p><img loading=\"lazy\" decoding=\"async\" class=\"aligncenter wp-image-7501 size-full\" src=\"http:\/\/www.jinsai.org\/pt-BR\/wp-content\/uploads\/2020\/05\/Digitalizar0029-A.jpg\" alt=\"\" width=\"573\" height=\"2576\" srcset=\"https:\/\/www.jinsai.org\/pt-BR\/wp-content\/uploads\/2020\/05\/Digitalizar0029-A.jpg 573w, https:\/\/www.jinsai.org\/pt-BR\/wp-content\/uploads\/2020\/05\/Digitalizar0029-A-67x300.jpg 67w, https:\/\/www.jinsai.org\/pt-BR\/wp-content\/uploads\/2020\/05\/Digitalizar0029-A-228x1024.jpg 228w\" sizes=\"auto, (max-width: 573px) 100vw, 573px\" \/><\/p>\n<p style=\"text-align: center;\">Yaten Shunshaku\u201d de Kansetsu Hashimoto (N.T.: 1883 - 1945) (Acervo da Sekai Meshiya Kyo)<\/p>\n<p><img loading=\"lazy\" decoding=\"async\" class=\"aligncenter wp-image-7502 size-full\" src=\"http:\/\/www.jinsai.org\/pt-BR\/wp-content\/uploads\/2020\/05\/Digitalizar0029-B.jpg\" alt=\"\" width=\"549\" height=\"2588\" srcset=\"https:\/\/www.jinsai.org\/pt-BR\/wp-content\/uploads\/2020\/05\/Digitalizar0029-B.jpg 549w, https:\/\/www.jinsai.org\/pt-BR\/wp-content\/uploads\/2020\/05\/Digitalizar0029-B-217x1024.jpg 217w\" sizes=\"auto, (max-width: 549px) 100vw, 549px\" \/><\/p>\n<p style=\"text-align: center;\">Rankyo En-u\u201d de Kansetsu Hashimoto, por volta de 1940 (Acervo da Sekai Meshiya Kyo)<\/p>\n<p><img loading=\"lazy\" decoding=\"async\" class=\"aligncenter wp-image-7503 size-full\" src=\"http:\/\/www.jinsai.org\/pt-BR\/wp-content\/uploads\/2020\/05\/Digitalizar0030.jpg\" alt=\"\" width=\"1929\" height=\"2519\" srcset=\"https:\/\/www.jinsai.org\/pt-BR\/wp-content\/uploads\/2020\/05\/Digitalizar0030.jpg 1929w, https:\/\/www.jinsai.org\/pt-BR\/wp-content\/uploads\/2020\/05\/Digitalizar0030-230x300.jpg 230w, https:\/\/www.jinsai.org\/pt-BR\/wp-content\/uploads\/2020\/05\/Digitalizar0030-768x1003.jpg 768w, https:\/\/www.jinsai.org\/pt-BR\/wp-content\/uploads\/2020\/05\/Digitalizar0030-784x1024.jpg 784w\" sizes=\"auto, (max-width: 1929px) 100vw, 1929px\" \/><\/p>\n<p style=\"text-align: center;\">Meishu-Sama e Nidai-Sama em Yase, em 12 de abril de 1953<\/p>\n<p style=\"text-align: justify;\">N\u00e3o h\u00e1 registro algum no Jornal Eiko (N.T.: \u00f3rg\u00e3o oficial da Igreja) sobre a viagem da comitiva de Meishu-Sama \u00e0 regi\u00e3o de Yase, situada no curso superior do Rio Takano. Contudo, gra\u00e7as \u00e0 exist\u00eancia de algumas fotografias, \u00e9 poss\u00edvel afirmar que Ele visitou esse local.<\/p>\n<p style=\"text-align: justify;\">Meishu-Sama e Seus familiares descansaram na casa de veraneio em Yase durante algumas horas. Acredita-se que o ent\u00e3o respons\u00e1vel da Igreja de Kyoto tenha preparado esse local de descanso, preocupado com a intensa programa\u00e7\u00e3o de Meishu-Sama.<\/p>\n<p><img loading=\"lazy\" decoding=\"async\" class=\"aligncenter wp-image-7498 size-full\" src=\"http:\/\/www.jinsai.org\/pt-BR\/wp-content\/uploads\/2020\/05\/Digitalizar0031-A.jpg\" alt=\"\" width=\"1076\" height=\"1436\" srcset=\"https:\/\/www.jinsai.org\/pt-BR\/wp-content\/uploads\/2020\/05\/Digitalizar0031-A.jpg 1076w, https:\/\/www.jinsai.org\/pt-BR\/wp-content\/uploads\/2020\/05\/Digitalizar0031-A-225x300.jpg 225w, https:\/\/www.jinsai.org\/pt-BR\/wp-content\/uploads\/2020\/05\/Digitalizar0031-A-768x1025.jpg 768w, https:\/\/www.jinsai.org\/pt-BR\/wp-content\/uploads\/2020\/05\/Digitalizar0031-A-767x1024.jpg 767w\" sizes=\"auto, (max-width: 1076px) 100vw, 1076px\" \/><\/p>\n<p style=\"text-align: center;\">Meishu-Sama e Sua comitiva dirigindo-se \u00e0 casa de veraneio em 12 de abril de 1953<\/p>\n<p><img loading=\"lazy\" decoding=\"async\" class=\"aligncenter wp-image-7499 size-full\" src=\"http:\/\/www.jinsai.org\/pt-BR\/wp-content\/uploads\/2020\/05\/Digitalizar0031-B.jpg\" alt=\"\" width=\"1013\" height=\"1683\" srcset=\"https:\/\/www.jinsai.org\/pt-BR\/wp-content\/uploads\/2020\/05\/Digitalizar0031-B.jpg 1013w, https:\/\/www.jinsai.org\/pt-BR\/wp-content\/uploads\/2020\/05\/Digitalizar0031-B-181x300.jpg 181w, https:\/\/www.jinsai.org\/pt-BR\/wp-content\/uploads\/2020\/05\/Digitalizar0031-B-768x1276.jpg 768w, https:\/\/www.jinsai.org\/pt-BR\/wp-content\/uploads\/2020\/05\/Digitalizar0031-B-616x1024.jpg 616w\" sizes=\"auto, (max-width: 1013px) 100vw, 1013px\" \/><\/p>\n<p style=\"text-align: center;\">A casa de veraneio onde Meishu-Sama descansou. Atualmente \u00e9 uma hospedaria em estilo japon\u00eas<\/p>\n<\/div>\n<\/div><\/div><div id=\"panel-7496-0-0-1\" class=\"widget_text so-panel widget_custom_html panel-last-child\" data-index=\"1\" ><div class=\"textwidget custom-html-widget\">&nbsp;\n<iframe src=\"http:\/\/www.facebook.com\/plugins\/like.php?href=   http:\/\/www.jinsai.org\/pt-BR\/sagrado\/viagem-a-kyoto-e-nara\/viagem-a-kyoto\/solar-kansetsu-hashimoto&amp;%0Alayout=standard&amp;show_faces=false&amp;width=380&amp;action=like&amp;colorscheme=light&amp;height=25\" style=\"border: medium none ; ovew: hidden; width: 350px; height: 25px;\" allowtransparencyrflo=\"true\" scrolling=\"no\" frameborder=\"0\"><\/iframe><div id=\"fb-root\"><\/div>\n<script src=\"http:\/\/connect.facebook.net\/pt_BR\/all.js#appId=APP_ID&amp;xfbml=1\"><\/script><fb:comments href=\" http:\/\/www.jinsai.org\/pt-BR\/sagrado\/viagem-a-kyoto-e-nara\/viagem-a-kyoto\/solar-kansetsu-hashimoto\" num_posts=\"100\" width=\"500\"><\/fb:comments><meta property=\"fb:app_id\" content=\"171964893011161\">\n\n<div id=\"fb-root\"><\/div>\n<script>(function(d, s, id) {<br \/>\n  var js, fjs = d.getElementsByTagName(s)[0];<br \/>\n  if (d.getElementById(id)) return;<br \/>\n  js = d.createElement(s); js.id = id;<br \/>\n  js.src = 'https:\/\/connect.facebook.net\/pt_BR\/sdk.js#xfbml=1&version=v3.0&appId=171964893011161&autoLogAppEvents=1';<br \/>\n  fjs.parentNode.insertBefore(js, fjs);<br \/>\n}(document, 'script', 'facebook-jssdk'));<\/script>\n<div class=\"fb-share-button\" data-href=\" http:\/\/www.jinsai.org\/pt-BR\/sagrado\/viagem-a-kyoto-e-nara\/viagem-a-kyoto\/solar-kansetsu-hashimoto\" data-layout=\"button_count\" data-size=\"large\" data-mobile-iframe=\"true\"><a target=\"_blank\" href=\"https:\/\/www.facebook.com\/sharer\/sharer.php?u=http%3A%2F% http:\/\/www.jinsai.org\/pt-BR\/sagrado\/viagem-a-kyoto-e-nara\/viagem-a-kyoto\/solar-kansetsu-hashimoto%2F&amp;src=sdkpreparse\" class=\"fb-xfbml-parse-ignore\">Compartilhar<\/a><\/div>\n<\/div><\/div><\/div><\/div><\/div>","protected":false},"excerpt":{"rendered":"<p>Jardim do Solar Kansetsu HashimotoA partir de 1916, o pintor Kansetsu Hashimoto (1883 -1945) passou a residir no Solar Hakusa-son, pr\u00f3ximo ao Templo budista Kinkakuji, que, atualmente, funciona como Memorial Kansetsu Hashimoto. Meishu-Sama visitou, al\u00e9m do ateli\u00ea de Kansetsu, o tranquilo jardim do solar e apreciou a paisagem composta por lagos, esculturas, torres de pedra [&hellip;]<\/p>\n","protected":false},"author":1,"featured_media":7497,"comment_status":"open","ping_status":"closed","sticky":false,"template":"","format":"standard","meta":{"footnotes":""},"categories":[60],"tags":[],"class_list":{"0":"post-7496","1":"post","2":"type-post","3":"status-publish","4":"format-standard","5":"has-post-thumbnail","6":"hentry","7":"category-viagem-a-kyoto","9":"post-with-thumbnail","10":"post-with-thumbnail-icon"},"_links":{"self":[{"href":"https:\/\/www.jinsai.org\/pt-BR\/wp-json\/wp\/v2\/posts\/7496","targetHints":{"allow":["GET"]}}],"collection":[{"href":"https:\/\/www.jinsai.org\/pt-BR\/wp-json\/wp\/v2\/posts"}],"about":[{"href":"https:\/\/www.jinsai.org\/pt-BR\/wp-json\/wp\/v2\/types\/post"}],"author":[{"embeddable":true,"href":"https:\/\/www.jinsai.org\/pt-BR\/wp-json\/wp\/v2\/users\/1"}],"replies":[{"embeddable":true,"href":"https:\/\/www.jinsai.org\/pt-BR\/wp-json\/wp\/v2\/comments?post=7496"}],"version-history":[{"count":4,"href":"https:\/\/www.jinsai.org\/pt-BR\/wp-json\/wp\/v2\/posts\/7496\/revisions"}],"predecessor-version":[{"id":7507,"href":"https:\/\/www.jinsai.org\/pt-BR\/wp-json\/wp\/v2\/posts\/7496\/revisions\/7507"}],"wp:featuredmedia":[{"embeddable":true,"href":"https:\/\/www.jinsai.org\/pt-BR\/wp-json\/wp\/v2\/media\/7497"}],"wp:attachment":[{"href":"https:\/\/www.jinsai.org\/pt-BR\/wp-json\/wp\/v2\/media?parent=7496"}],"wp:term":[{"taxonomy":"category","embeddable":true,"href":"https:\/\/www.jinsai.org\/pt-BR\/wp-json\/wp\/v2\/categories?post=7496"},{"taxonomy":"post_tag","embeddable":true,"href":"https:\/\/www.jinsai.org\/pt-BR\/wp-json\/wp\/v2\/tags?post=7496"}],"curies":[{"name":"wp","href":"https:\/\/api.w.org\/{rel}","templated":true}]}}