{"id":7567,"date":"2020-05-26T09:35:33","date_gmt":"2020-05-26T12:35:33","guid":{"rendered":"http:\/\/www.jinsai.org\/pt-BR\/?p=7567"},"modified":"2020-05-26T09:35:33","modified_gmt":"2020-05-26T12:35:33","slug":"templo-budista-sanzen-in","status":"publish","type":"post","link":"https:\/\/www.jinsai.org\/pt-BR\/sagrado\/viagem-a-kyoto-e-nara\/viagem-a-kyoto\/templo-budista-sanzen-in\/","title":{"rendered":"TEMPLO BUDISTA SANZEN-IN"},"content":{"rendered":"<div id=\"pl-7567\"  class=\"panel-layout\" ><div id=\"pg-7567-0\"  class=\"panel-grid panel-no-style\" ><div id=\"pgc-7567-0-0\"  class=\"panel-grid-cell\" ><div id=\"panel-7567-0-0-0\" class=\"so-panel widget_sow-editor panel-first-child\" data-index=\"0\" ><div\n\t\t\t\n\t\t\tclass=\"so-widget-sow-editor so-widget-sow-editor-base\"\n\t\t\t\n\t\t>\n<div class=\"siteorigin-widget-tinymce textwidget\">\n\t<p style=\"text-align: justify;\">Jardim e lago de \u00e1guas cristalinas do Templo Sanzen-in<\/p>\n<p style=\"text-align: justify;\">A regi\u00e3o de Ohara floresceu como local de pr\u00e1tica e aprimoramento de m\u00fasica budista e convergiu a cren\u00e7a daqueles que rogavam pela morte suave e pela ida ao para\u00edso.<\/p>\n<p style=\"text-align: justify;\">No Templo Ojyo Gokuraku-in, \u00e9 poss\u00edvel conhecer a cren\u00e7a da religi\u00e3o Jyodo. Meishu-Sama esteve durante alguns instantes diante das imagens cheias de movimento de \u201cAmida e dois Kanzeon Bosatsu \u00e0 espera dos seus fi\u00e9is\u201d.<\/p>\n<p><img loading=\"lazy\" decoding=\"async\" class=\"aligncenter wp-image-7569 size-full\" src=\"http:\/\/www.jinsai.org\/pt-BR\/wp-content\/uploads\/2020\/05\/Digitalizar0034-0035.jpg\" alt=\"\" width=\"1920\" height=\"1176\" srcset=\"https:\/\/www.jinsai.org\/pt-BR\/wp-content\/uploads\/2020\/05\/Digitalizar0034-0035.jpg 1920w, https:\/\/www.jinsai.org\/pt-BR\/wp-content\/uploads\/2020\/05\/Digitalizar0034-0035-300x184.jpg 300w, https:\/\/www.jinsai.org\/pt-BR\/wp-content\/uploads\/2020\/05\/Digitalizar0034-0035-768x470.jpg 768w, https:\/\/www.jinsai.org\/pt-BR\/wp-content\/uploads\/2020\/05\/Digitalizar0034-0035-1024x627.jpg 1024w\" sizes=\"auto, (max-width: 1920px) 100vw, 1920px\" \/><\/p>\n<p style=\"text-align: center;\">Ojyo Gokuraku-in, no Templo Sanzen-in. \u201cAmida e dois Kanzeon Bosatsu \u00e0 espera de seus fi\u00e9is\u201d (Per\u00edodo Heian: 794 -1185)<\/p>\n<\/div>\n<\/div><\/div><div id=\"panel-7567-0-0-1\" class=\"widget_text so-panel widget_custom_html panel-last-child\" data-index=\"1\" ><div class=\"textwidget custom-html-widget\">&nbsp;\n<iframe src=\"http:\/\/www.facebook.com\/plugins\/like.php?href=   http:\/\/www.jinsai.org\/pt-BR\/sagrado\/viagem-a-kyoto-e-nara\/viagem-a-kyoto\/templo-budista-sanzen-in&amp;%0Alayout=standard&amp;show_faces=false&amp;width=380&amp;action=like&amp;colorscheme=light&amp;height=25\" style=\"border: medium none ; ovew: hidden; width: 350px; height: 25px;\" allowtransparencyrflo=\"true\" scrolling=\"no\" frameborder=\"0\"><\/iframe><div id=\"fb-root\"><\/div>\n<script src=\"http:\/\/connect.facebook.net\/pt_BR\/all.js#appId=APP_ID&amp;xfbml=1\"><\/script><fb:comments href=\" http:\/\/www.jinsai.org\/pt-BR\/sagrado\/viagem-a-kyoto-e-nara\/viagem-a-kyoto\/templo-budista-sanzen-in\" num_posts=\"100\" width=\"500\"><\/fb:comments><meta property=\"fb:app_id\" content=\"171964893011161\">\n\n<div id=\"fb-root\"><\/div>\n<script>(function(d, s, id) {<br \/>\n  var js, fjs = d.getElementsByTagName(s)[0];<br \/>\n  if (d.getElementById(id)) return;<br \/>\n  js = d.createElement(s); js.id = id;<br \/>\n  js.src = 'https:\/\/connect.facebook.net\/pt_BR\/sdk.js#xfbml=1&version=v3.0&appId=171964893011161&autoLogAppEvents=1';<br \/>\n  fjs.parentNode.insertBefore(js, fjs);<br \/>\n}(document, 'script', 'facebook-jssdk'));<\/script>\n<div class=\"fb-share-button\" data-href=\" http:\/\/www.jinsai.org\/pt-BR\/sagrado\/viagem-a-kyoto-e-nara\/viagem-a-kyoto\/templo-budista-sanzen-in\" data-layout=\"button_count\" data-size=\"large\" data-mobile-iframe=\"true\"><a target=\"_blank\" href=\"https:\/\/www.facebook.com\/sharer\/sharer.php?u=http%3A%2F% http:\/\/www.jinsai.org\/pt-BR\/sagrado\/viagem-a-kyoto-e-nara\/viagem-a-kyoto\/templo-budista-sanzen-in%2F&amp;src=sdkpreparse\" class=\"fb-xfbml-parse-ignore\">Compartilhar<\/a><\/div>\n<\/div><\/div><\/div><\/div><\/div>","protected":false},"excerpt":{"rendered":"<p>Jardim e lago de \u00e1guas cristalinas do Templo Sanzen-inA regi\u00e3o de Ohara floresceu como local de pr\u00e1tica e aprimoramento de m\u00fasica budista e convergiu a cren\u00e7a daqueles que rogavam pela morte suave e pela ida ao para\u00edso.No Templo Ojyo Gokuraku-in, \u00e9 poss\u00edvel conhecer a cren\u00e7a da religi\u00e3o Jyodo. Meishu-Sama esteve durante alguns instantes diante das [&hellip;]<\/p>\n","protected":false},"author":1,"featured_media":7568,"comment_status":"open","ping_status":"closed","sticky":false,"template":"","format":"standard","meta":{"footnotes":""},"categories":[60],"tags":[],"class_list":{"0":"post-7567","1":"post","2":"type-post","3":"status-publish","4":"format-standard","5":"has-post-thumbnail","6":"hentry","7":"category-viagem-a-kyoto","9":"post-with-thumbnail","10":"post-with-thumbnail-icon"},"_links":{"self":[{"href":"https:\/\/www.jinsai.org\/pt-BR\/wp-json\/wp\/v2\/posts\/7567","targetHints":{"allow":["GET"]}}],"collection":[{"href":"https:\/\/www.jinsai.org\/pt-BR\/wp-json\/wp\/v2\/posts"}],"about":[{"href":"https:\/\/www.jinsai.org\/pt-BR\/wp-json\/wp\/v2\/types\/post"}],"author":[{"embeddable":true,"href":"https:\/\/www.jinsai.org\/pt-BR\/wp-json\/wp\/v2\/users\/1"}],"replies":[{"embeddable":true,"href":"https:\/\/www.jinsai.org\/pt-BR\/wp-json\/wp\/v2\/comments?post=7567"}],"version-history":[{"count":3,"href":"https:\/\/www.jinsai.org\/pt-BR\/wp-json\/wp\/v2\/posts\/7567\/revisions"}],"predecessor-version":[{"id":7572,"href":"https:\/\/www.jinsai.org\/pt-BR\/wp-json\/wp\/v2\/posts\/7567\/revisions\/7572"}],"wp:featuredmedia":[{"embeddable":true,"href":"https:\/\/www.jinsai.org\/pt-BR\/wp-json\/wp\/v2\/media\/7568"}],"wp:attachment":[{"href":"https:\/\/www.jinsai.org\/pt-BR\/wp-json\/wp\/v2\/media?parent=7567"}],"wp:term":[{"taxonomy":"category","embeddable":true,"href":"https:\/\/www.jinsai.org\/pt-BR\/wp-json\/wp\/v2\/categories?post=7567"},{"taxonomy":"post_tag","embeddable":true,"href":"https:\/\/www.jinsai.org\/pt-BR\/wp-json\/wp\/v2\/tags?post=7567"}],"curies":[{"name":"wp","href":"https:\/\/api.w.org\/{rel}","templated":true}]}}