{"id":7586,"date":"2020-05-28T09:02:59","date_gmt":"2020-05-28T12:02:59","guid":{"rendered":"http:\/\/www.jinsai.org\/pt-BR\/?p=7586"},"modified":"2020-05-28T09:02:59","modified_gmt":"2020-05-28T12:02:59","slug":"templo-budista-daisen-in","status":"publish","type":"post","link":"https:\/\/www.jinsai.org\/pt-BR\/sagrado\/viagem-a-kyoto-e-nara\/viagem-a-kyoto\/templo-budista-daisen-in\/","title":{"rendered":"TEMPLO BUDISTA DAISEN-IN"},"content":{"rendered":"<div id=\"pl-7586\"  class=\"panel-layout\" ><div id=\"pg-7586-0\"  class=\"panel-grid panel-no-style\" ><div id=\"pgc-7586-0-0\"  class=\"panel-grid-cell\" ><div id=\"panel-7586-0-0-0\" class=\"so-panel widget_sow-editor panel-first-child\" data-index=\"0\" ><div\n\t\t\t\n\t\t\tclass=\"so-widget-sow-editor so-widget-sow-editor-base\"\n\t\t\t\n\t\t>\n<div class=\"siteorigin-widget-tinymce textwidget\">\n\t<p style=\"text-align: justify;\">Jardim \u201cKare-sansui\u201d, do Templo Daisen-in<\/p>\n<p style=\"text-align: justify;\">Dentre os in\u00fameros templos menores ligados ao Templo Daitoku-ji que foram erigidos em 1509, o Templo Daisen-in \u00e9 um dos mais tradicionais, possuindo elementos representativos do per\u00edodo Muromachi (1337 \u2013 1573): jardim tipicamente japon\u00eas (Kare-sansui) e arquitetura de abadia. O jardim Kare-sansui \u00e9 formado somente por pedras, areia branca e arbustos que, numa pequena \u00e1rea de 100 m<sup>2<\/sup>, comp\u00f5em uma grandiosa paisagem.<\/p>\n<p style=\"text-align: justify;\">Atualmente, o Templo Daisen-in \u00e9 um local famoso e visitado por um grande n\u00famero de fieis, por\u00e9m, no passado, era um templo abandonado e poucas pessoas o visitavam. O bonzo respons\u00e1vel, Ozeki Eikyo (1904 - 1988) empenhou-se na restaura\u00e7\u00e3o dos jardins e da arquitetura do Templo Daisen-in, al\u00e9m de divulg\u00e1-lo no Jap\u00e3o e no exterior como um local de paisagem pitoresca. O bonzo Ozeki Eikyo deu explica\u00e7\u00f5es a Meishu-Sama sobre o jardim.<\/p>\n<p><img loading=\"lazy\" decoding=\"async\" class=\"aligncenter wp-image-7588 size-full\" src=\"http:\/\/www.jinsai.org\/pt-BR\/wp-content\/uploads\/2020\/05\/Digitalizar0037-A.jpg\" alt=\"\" width=\"1576\" height=\"1108\" srcset=\"https:\/\/www.jinsai.org\/pt-BR\/wp-content\/uploads\/2020\/05\/Digitalizar0037-A.jpg 1576w, https:\/\/www.jinsai.org\/pt-BR\/wp-content\/uploads\/2020\/05\/Digitalizar0037-A-300x211.jpg 300w, https:\/\/www.jinsai.org\/pt-BR\/wp-content\/uploads\/2020\/05\/Digitalizar0037-A-768x540.jpg 768w, https:\/\/www.jinsai.org\/pt-BR\/wp-content\/uploads\/2020\/05\/Digitalizar0037-A-1024x720.jpg 1024w\" sizes=\"auto, (max-width: 1576px) 100vw, 1576px\" \/><\/p>\n<p style=\"text-align: center;\">Meishu-Sama e comitiva apreciando o jardim \u201cKare-sansui\u201d, em 9 de novembro de 1953<\/p>\n<\/div>\n<\/div><\/div><div id=\"panel-7586-0-0-1\" class=\"widget_text so-panel widget_custom_html panel-last-child\" data-index=\"1\" ><div class=\"textwidget custom-html-widget\">&nbsp;\n<iframe src=\"http:\/\/www.facebook.com\/plugins\/like.php?href=   http:\/\/www.jinsai.org\/pt-BR\/sagrado\/viagem-a-kyoto-e-nara\/viagem-a-kyoto\/templo-budista-daisen-in&amp;%0Alayout=standard&amp;show_faces=false&amp;width=380&amp;action=like&amp;colorscheme=light&amp;height=25\" style=\"border: medium none ; ovew: hidden; width: 350px; height: 25px;\" allowtransparencyrflo=\"true\" scrolling=\"no\" frameborder=\"0\"><\/iframe><div id=\"fb-root\"><\/div>\n<script src=\"http:\/\/connect.facebook.net\/pt_BR\/all.js#appId=APP_ID&amp;xfbml=1\"><\/script><fb:comments href=\" http:\/\/www.jinsai.org\/pt-BR\/sagrado\/viagem-a-kyoto-e-nara\/viagem-a-kyoto\/templo-budista-daisen-in\" num_posts=\"100\" width=\"500\"><\/fb:comments><meta property=\"fb:app_id\" content=\"171964893011161\">\n\n<div id=\"fb-root\"><\/div>\n<script>(function(d, s, id) {<br \/>\n  var js, fjs = d.getElementsByTagName(s)[0];<br \/>\n  if (d.getElementById(id)) return;<br \/>\n  js = d.createElement(s); js.id = id;<br \/>\n  js.src = 'https:\/\/connect.facebook.net\/pt_BR\/sdk.js#xfbml=1&version=v3.0&appId=171964893011161&autoLogAppEvents=1';<br \/>\n  fjs.parentNode.insertBefore(js, fjs);<br \/>\n}(document, 'script', 'facebook-jssdk'));<\/script>\n<div class=\"fb-share-button\" data-href=\" http:\/\/www.jinsai.org\/pt-BR\/sagrado\/viagem-a-kyoto-e-nara\/viagem-a-kyoto\/templo-budista-daisen-in\" data-layout=\"button_count\" data-size=\"large\" data-mobile-iframe=\"true\"><a target=\"_blank\" href=\"https:\/\/www.facebook.com\/sharer\/sharer.php?u=http%3A%2F% http:\/\/www.jinsai.org\/pt-BR\/sagrado\/viagem-a-kyoto-e-nara\/viagem-a-kyoto\/templo-budista-daisen-in%2F&amp;src=sdkpreparse\" class=\"fb-xfbml-parse-ignore\">Compartilhar<\/a><\/div>\n<\/div><\/div><\/div><\/div><\/div>","protected":false},"excerpt":{"rendered":"<p>Jardim \u201cKare-sansui\u201d, do Templo Daisen-inDentre os in\u00fameros templos menores ligados ao Templo Daitoku-ji que foram erigidos em 1509, o Templo Daisen-in \u00e9 um dos mais tradicionais, possuindo elementos representativos do per\u00edodo Muromachi (1337 \u2013 1573): jardim tipicamente japon\u00eas (Kare-sansui) e arquitetura de abadia. O jardim Kare-sansui \u00e9 formado somente por pedras, areia branca e arbustos [&hellip;]<\/p>\n","protected":false},"author":1,"featured_media":7587,"comment_status":"open","ping_status":"closed","sticky":false,"template":"","format":"standard","meta":{"footnotes":""},"categories":[60],"tags":[],"class_list":{"0":"post-7586","1":"post","2":"type-post","3":"status-publish","4":"format-standard","5":"has-post-thumbnail","6":"hentry","7":"category-viagem-a-kyoto","9":"post-with-thumbnail","10":"post-with-thumbnail-icon"},"_links":{"self":[{"href":"https:\/\/www.jinsai.org\/pt-BR\/wp-json\/wp\/v2\/posts\/7586","targetHints":{"allow":["GET"]}}],"collection":[{"href":"https:\/\/www.jinsai.org\/pt-BR\/wp-json\/wp\/v2\/posts"}],"about":[{"href":"https:\/\/www.jinsai.org\/pt-BR\/wp-json\/wp\/v2\/types\/post"}],"author":[{"embeddable":true,"href":"https:\/\/www.jinsai.org\/pt-BR\/wp-json\/wp\/v2\/users\/1"}],"replies":[{"embeddable":true,"href":"https:\/\/www.jinsai.org\/pt-BR\/wp-json\/wp\/v2\/comments?post=7586"}],"version-history":[{"count":3,"href":"https:\/\/www.jinsai.org\/pt-BR\/wp-json\/wp\/v2\/posts\/7586\/revisions"}],"predecessor-version":[{"id":7591,"href":"https:\/\/www.jinsai.org\/pt-BR\/wp-json\/wp\/v2\/posts\/7586\/revisions\/7591"}],"wp:featuredmedia":[{"embeddable":true,"href":"https:\/\/www.jinsai.org\/pt-BR\/wp-json\/wp\/v2\/media\/7587"}],"wp:attachment":[{"href":"https:\/\/www.jinsai.org\/pt-BR\/wp-json\/wp\/v2\/media?parent=7586"}],"wp:term":[{"taxonomy":"category","embeddable":true,"href":"https:\/\/www.jinsai.org\/pt-BR\/wp-json\/wp\/v2\/categories?post=7586"},{"taxonomy":"post_tag","embeddable":true,"href":"https:\/\/www.jinsai.org\/pt-BR\/wp-json\/wp\/v2\/tags?post=7586"}],"curies":[{"name":"wp","href":"https:\/\/api.w.org\/{rel}","templated":true}]}}