{"id":7796,"date":"2020-06-30T09:01:39","date_gmt":"2020-06-30T12:01:39","guid":{"rendered":"http:\/\/www.jinsai.org\/pt-BR\/?p=7796"},"modified":"2020-06-30T09:02:27","modified_gmt":"2020-06-30T12:02:27","slug":"templo-budista-hokke-do","status":"publish","type":"post","link":"https:\/\/www.jinsai.org\/pt-BR\/sagrado\/viagem-a-kyoto-e-nara\/viagem-a-nara\/templo-budista-hokke-do\/","title":{"rendered":"TEMPLO BUDISTA HOKKE-DO"},"content":{"rendered":"<div id=\"pl-7796\"  class=\"panel-layout\" ><div id=\"pg-7796-0\"  class=\"panel-grid panel-no-style\" ><div id=\"pgc-7796-0-0\"  class=\"panel-grid-cell\" ><div id=\"panel-7796-0-0-0\" class=\"so-panel widget_sow-editor panel-first-child\" data-index=\"0\" ><div\n\t\t\t\n\t\t\tclass=\"so-widget-sow-editor so-widget-sow-editor-base\"\n\t\t\t\n\t\t>\n<div class=\"siteorigin-widget-tinymce textwidget\">\n\t<p>Meishu-Sama em frente ao Templo Hokke-do, em 29 de abril de 1952<\/p>\n<p style=\"text-align: justify;\">Meishu-Sama visitou duas vezes o Templo Hokke-do (Sangatsu-do), a mais antiga constru\u00e7\u00e3o do Templo Todai-ji, em 29 de abril e 19 de outubro de 1952. Em outubro, a visita foi feita sob o sol de outono, ap\u00f3s um passeio na cidade de Nara. Justamente nessa \u00e9poca, acontecia a amostra especial da imagem do deus Shukongo, que \u00e9 exposta \u00e0 aprecia\u00e7\u00e3o p\u00fablica somente uma vez por ano. Por um momento, Meishu-Sama deleitou-Se com o solene Mundo B\u00fadico, representado por dezesseis imagens enfileiradas, dentre as quais a Kannon Fuku- genjyaku, do Per\u00edodo Tenpyo (710 - 794).<\/p>\n<p style=\"text-align: center;\"><img loading=\"lazy\" decoding=\"async\" class=\"aligncenter wp-image-7798 size-full\" src=\"http:\/\/www.jinsai.org\/pt-BR\/wp-content\/uploads\/2020\/06\/Digitalizar0072-BA.jpg\" alt=\"\" width=\"1920\" height=\"1225\" srcset=\"https:\/\/www.jinsai.org\/pt-BR\/wp-content\/uploads\/2020\/06\/Digitalizar0072-BA.jpg 1920w, https:\/\/www.jinsai.org\/pt-BR\/wp-content\/uploads\/2020\/06\/Digitalizar0072-BA-300x191.jpg 300w, https:\/\/www.jinsai.org\/pt-BR\/wp-content\/uploads\/2020\/06\/Digitalizar0072-BA-768x490.jpg 768w, https:\/\/www.jinsai.org\/pt-BR\/wp-content\/uploads\/2020\/06\/Digitalizar0072-BA-1024x653.jpg 1024w\" sizes=\"auto, (max-width: 1920px) 100vw, 1920px\" \/><br \/>\nTemplo Hokke-do<\/p>\n<p style=\"text-align: center;\"><img loading=\"lazy\" decoding=\"async\" class=\"aligncenter wp-image-7799 size-full\" src=\"http:\/\/www.jinsai.org\/pt-BR\/wp-content\/uploads\/2020\/06\/Digitalizar0073.jpg\" alt=\"\" width=\"1920\" height=\"2297\" srcset=\"https:\/\/www.jinsai.org\/pt-BR\/wp-content\/uploads\/2020\/06\/Digitalizar0073.jpg 1920w, https:\/\/www.jinsai.org\/pt-BR\/wp-content\/uploads\/2020\/06\/Digitalizar0073-251x300.jpg 251w, https:\/\/www.jinsai.org\/pt-BR\/wp-content\/uploads\/2020\/06\/Digitalizar0073-768x919.jpg 768w, https:\/\/www.jinsai.org\/pt-BR\/wp-content\/uploads\/2020\/06\/Digitalizar0073-856x1024.jpg 856w\" sizes=\"auto, (max-width: 1920px) 100vw, 1920px\" \/><br \/>\nKannon Fuku-genjyaku (Per\u00edodo Tenpyo) no Templo Hokke-do<\/p>\n<p style=\"text-align: left;\"><strong>Kaidan-in - Local para Pr\u00e1tica de Ascese<\/strong><\/p>\n<p style=\"text-align: center;\"><img loading=\"lazy\" decoding=\"async\" class=\"aligncenter wp-image-7800 size-full\" src=\"http:\/\/www.jinsai.org\/pt-BR\/wp-content\/uploads\/2020\/06\/Digitalizar0074.jpg\" alt=\"\" width=\"1920\" height=\"1202\" srcset=\"https:\/\/www.jinsai.org\/pt-BR\/wp-content\/uploads\/2020\/06\/Digitalizar0074.jpg 1920w, https:\/\/www.jinsai.org\/pt-BR\/wp-content\/uploads\/2020\/06\/Digitalizar0074-300x188.jpg 300w, https:\/\/www.jinsai.org\/pt-BR\/wp-content\/uploads\/2020\/06\/Digitalizar0074-768x481.jpg 768w, https:\/\/www.jinsai.org\/pt-BR\/wp-content\/uploads\/2020\/06\/Digitalizar0074-1024x641.jpg 1024w, https:\/\/www.jinsai.org\/pt-BR\/wp-content\/uploads\/2020\/06\/Digitalizar0074-436x272.jpg 436w\" sizes=\"auto, (max-width: 1920px) 100vw, 1920px\" \/><br \/>\nMeishu-Sama dirigindo-Se ao Kaidan-in, em 19 de outubro de 1952<\/p>\n<p style=\"text-align: center;\"><img loading=\"lazy\" decoding=\"async\" class=\"aligncenter wp-image-7801 size-full\" src=\"http:\/\/www.jinsai.org\/pt-BR\/wp-content\/uploads\/2020\/06\/Digitalizar0075.jpg\" alt=\"\" width=\"1920\" height=\"1176\" srcset=\"https:\/\/www.jinsai.org\/pt-BR\/wp-content\/uploads\/2020\/06\/Digitalizar0075.jpg 1920w, https:\/\/www.jinsai.org\/pt-BR\/wp-content\/uploads\/2020\/06\/Digitalizar0075-300x184.jpg 300w, https:\/\/www.jinsai.org\/pt-BR\/wp-content\/uploads\/2020\/06\/Digitalizar0075-768x470.jpg 768w, https:\/\/www.jinsai.org\/pt-BR\/wp-content\/uploads\/2020\/06\/Digitalizar0075-1024x627.jpg 1024w\" sizes=\"auto, (max-width: 1920px) 100vw, 1920px\" \/><br \/>\nMeishu-Sama partindo do Kaidan-in, em 19 de outubro de 1952<\/p>\n<p style=\"text-align: justify;\">No Kaidan-in, Meishu-Sama proferiu as seguintes palavras ao chefes de Igreja: \u201cComo as imagens de barro s\u00e3o realmente fr\u00e1geis e o Jap\u00e3o \u00e9 rico em metais e pedras, a partir do per\u00edodo Nara, elas n\u00e3o foram muito esculpidas. No entanto, as imagens de barro eram bastante populares na \u00cdndia, China e Oeste da \u00c1sia. N\u00e3o sei o que se misturava ao barro nesses pa\u00edses, mas segundo dizem, no Jap\u00e3o, costumava-se misturar fibras t\u00eaxteis e mica, entre outros materiais. O Shiten-no (deus guardi\u00e3o dos quatro pontos cardeais) deve ser considerado obra-prima dentre as poucas imagens de barro existentes do Per\u00edodo Nara.\u201d<\/p>\n<p><img loading=\"lazy\" decoding=\"async\" class=\"aligncenter wp-image-7802 size-full\" src=\"http:\/\/www.jinsai.org\/pt-BR\/wp-content\/uploads\/2020\/06\/Digitalizar0076.jpg\" alt=\"\" width=\"1920\" height=\"2498\" srcset=\"https:\/\/www.jinsai.org\/pt-BR\/wp-content\/uploads\/2020\/06\/Digitalizar0076.jpg 1920w, https:\/\/www.jinsai.org\/pt-BR\/wp-content\/uploads\/2020\/06\/Digitalizar0076-231x300.jpg 231w, https:\/\/www.jinsai.org\/pt-BR\/wp-content\/uploads\/2020\/06\/Digitalizar0076-768x999.jpg 768w, https:\/\/www.jinsai.org\/pt-BR\/wp-content\/uploads\/2020\/06\/Digitalizar0076-787x1024.jpg 787w\" sizes=\"auto, (max-width: 1920px) 100vw, 1920px\" \/><\/p>\n<p style=\"text-align: center;\">Imagem b\u00fadica Tamon-ten (Per\u00edodo Tenpyo), no Kaidan-in<\/p>\n<\/div>\n<\/div><\/div><div id=\"panel-7796-0-0-1\" class=\"widget_text so-panel widget_custom_html panel-last-child\" data-index=\"1\" ><div class=\"textwidget custom-html-widget\">&nbsp;\n<iframe src=\"http:\/\/www.facebook.com\/plugins\/like.php?href=   http:\/\/www.jinsai.org\/pt-BR\/sagrado\/viagem-a-kyoto-e-nara\/viagem-a-nara\/templo-budista-hokke-do&amp;%0Alayout=standard&amp;show_faces=false&amp;width=380&amp;action=like&amp;colorscheme=light&amp;height=25\" style=\"border: medium none ; ovew: hidden; width: 350px; height: 25px;\" allowtransparencyrflo=\"true\" scrolling=\"no\" frameborder=\"0\"><\/iframe><div id=\"fb-root\"><\/div>\n<script src=\"http:\/\/connect.facebook.net\/pt_BR\/all.js#appId=APP_ID&amp;xfbml=1\"><\/script><fb:comments href=\" http:\/\/www.jinsai.org\/pt-BR\/sagrado\/viagem-a-kyoto-e-nara\/viagem-a-nara\/templo-budista-hokke-do\" num_posts=\"100\" width=\"500\"><\/fb:comments><meta property=\"fb:app_id\" content=\"171964893011161\">\n\n<div id=\"fb-root\"><\/div>\n<script>(function(d, s, id) {<br \/>\n  var js, fjs = d.getElementsByTagName(s)[0];<br \/>\n  if (d.getElementById(id)) return;<br \/>\n  js = d.createElement(s); js.id = id;<br \/>\n  js.src = 'https:\/\/connect.facebook.net\/pt_BR\/sdk.js#xfbml=1&version=v3.0&appId=171964893011161&autoLogAppEvents=1';<br \/>\n  fjs.parentNode.insertBefore(js, fjs);<br \/>\n}(document, 'script', 'facebook-jssdk'));<\/script>\n<div class=\"fb-share-button\" data-href=\" http:\/\/www.jinsai.org\/pt-BR\/sagrado\/viagem-a-kyoto-e-nara\/viagem-a-nara\/templo-budista-hokke-do\" data-layout=\"button_count\" data-size=\"large\" data-mobile-iframe=\"true\"><a target=\"_blank\" href=\"https:\/\/www.facebook.com\/sharer\/sharer.php?u=http%3A%2F% http:\/\/www.jinsai.org\/pt-BR\/sagrado\/viagem-a-kyoto-e-nara\/viagem-a-nara\/templo-budista-hokke-do%2F&amp;src=sdkpreparse\" class=\"fb-xfbml-parse-ignore\">Compartilhar<\/a><\/div>\n<\/div><\/div><\/div><\/div><\/div>","protected":false},"excerpt":{"rendered":"<p>Meishu-Sama em frente ao Templo Hokke-do, em 29 de abril de 1952 Meishu-Sama visitou duas vezes o Templo Hokke-do (Sangatsu-do), a mais antiga constru\u00e7\u00e3o do Templo Todai-ji, em 29 de abril e 19 de outubro de 1952. Em outubro, a visita foi feita sob o sol de outono, ap\u00f3s um passeio na cidade de Nara. [&hellip;]<\/p>\n","protected":false},"author":1,"featured_media":7797,"comment_status":"open","ping_status":"closed","sticky":false,"template":"","format":"standard","meta":{"footnotes":""},"categories":[61],"tags":[],"class_list":{"0":"post-7796","1":"post","2":"type-post","3":"status-publish","4":"format-standard","5":"has-post-thumbnail","6":"hentry","7":"category-viagem-a-nara","9":"post-with-thumbnail","10":"post-with-thumbnail-icon"},"_links":{"self":[{"href":"https:\/\/www.jinsai.org\/pt-BR\/wp-json\/wp\/v2\/posts\/7796","targetHints":{"allow":["GET"]}}],"collection":[{"href":"https:\/\/www.jinsai.org\/pt-BR\/wp-json\/wp\/v2\/posts"}],"about":[{"href":"https:\/\/www.jinsai.org\/pt-BR\/wp-json\/wp\/v2\/types\/post"}],"author":[{"embeddable":true,"href":"https:\/\/www.jinsai.org\/pt-BR\/wp-json\/wp\/v2\/users\/1"}],"replies":[{"embeddable":true,"href":"https:\/\/www.jinsai.org\/pt-BR\/wp-json\/wp\/v2\/comments?post=7796"}],"version-history":[{"count":7,"href":"https:\/\/www.jinsai.org\/pt-BR\/wp-json\/wp\/v2\/posts\/7796\/revisions"}],"predecessor-version":[{"id":7809,"href":"https:\/\/www.jinsai.org\/pt-BR\/wp-json\/wp\/v2\/posts\/7796\/revisions\/7809"}],"wp:featuredmedia":[{"embeddable":true,"href":"https:\/\/www.jinsai.org\/pt-BR\/wp-json\/wp\/v2\/media\/7797"}],"wp:attachment":[{"href":"https:\/\/www.jinsai.org\/pt-BR\/wp-json\/wp\/v2\/media?parent=7796"}],"wp:term":[{"taxonomy":"category","embeddable":true,"href":"https:\/\/www.jinsai.org\/pt-BR\/wp-json\/wp\/v2\/categories?post=7796"},{"taxonomy":"post_tag","embeddable":true,"href":"https:\/\/www.jinsai.org\/pt-BR\/wp-json\/wp\/v2\/tags?post=7796"}],"curies":[{"name":"wp","href":"https:\/\/api.w.org\/{rel}","templated":true}]}}