{"id":789,"date":"2018-06-22T11:30:33","date_gmt":"2018-06-22T14:30:33","guid":{"rendered":"http:\/\/www.jinsai.org\/pt-BR\/?p=789"},"modified":"2018-07-05T14:45:53","modified_gmt":"2018-07-05T17:45:53","slug":"ate-a-conclusao-do-paraiso-terrestre","status":"publish","type":"post","link":"https:\/\/www.jinsai.org\/pt-BR\/ensinamentos\/arte\/ate-a-conclusao-do-paraiso-terrestre\/","title":{"rendered":"AT\u00c9 A CONCLUS\u00c3O DO PARA\u00cdSO TERRESTRE"},"content":{"rendered":"<p class=\"style3 style48\" style=\"text-align: justify;\">Passarei a escrever a respeito da constru\u00e7\u00e3o do Para\u00edso Terrestre, desde seu in\u00edcio, empreendimento \u00fanico de nossa Igreja. Confesso que, mesmo em se tratando apenas do seu prot\u00f3tipo, a empreitada n\u00e3o \u00e9 facil. \u00c9 plaus\u00edvel afirmar que a constru\u00e7\u00e3o de algo de semelhante envergadura n\u00e3o acha quase precedente algum no Jap\u00e3o; quanto ao exterior, desconhe\u00e7o. No que T\u00b4ange a mim pr\u00f3prio, confesso que nutria minhas esperan\u00e7as, mas na hora de agir, experimentei certa vacila\u00e7\u00e3o. Contudo, do lado do Senhor Deus, que quer que de qualquer maneira eu execute esta obra, tanto a manifesta\u00e7\u00e3o de variados milagres como todas as circunst\u00e2ncias pareciam me impelir a tal empreendimento, de modo que minha maneira de pensar gradativamente se modificou, e eu ganhei certa autoconvic\u00e7\u00e3o, passando a aguardar a \u00e9poca oportuna. Isso foi por volta de 1943. A guerra com os Estados Unidos, ent\u00e3o, intensificava-se mais e mais. Com o perigo representado pelo bombardeamento a\u00e9reo de T\u00f3quio (caso isso se verificasse, tudo estaria perdido), acabei por me ver obrigado a mudar-me. O que percebi, ent\u00e3o, foi que a citada oportunidade havia finalmente chegado. Assim, pus-me a espreitar Hakone. A raz\u00e3o \u00e9 que, h\u00e1 muito, eu j\u00e1 me simpatizava demais com Hakone e Atami.<\/p>\n<p class=\"style3 style48\" style=\"text-align: justify;\">No caso de Hakone, entretanto, eu me restringia \u00e0 regi\u00e3o de Gora. Assim, mandando procurar um im\u00f3vel a\u00ed, fiquei sabendo que a casa de campo do Sr. Raita Fujiyama estava, oportunamente, \u00e0 venda. Fui v\u00ea-la, de imediato, e agradou-me extraordinariamente. No dia seguinte, combinei adquiri-la. Conquanto fosse bem antigo, o pr\u00e9dio nada deixava a desejar. A \u00e1rea do terreno tinha 1.980 metros quadrados . O pr\u00e9dio media 330 metros quadrados , com a entrada voltada para o sudeste. Vencida uma escadaria de pedra natural de mais de dezoito metros, chega-se a um alpendre, onde, por sua vez, h\u00e1 uma escada de tr\u00eas degraus. Subindo estes e dobrando um vasto corredor, d\u00e1-se novamente com outra escada de oito degraus. Segue-se a ela um sal\u00e3o adequado para a instala\u00e7\u00e3o do altar. O panorama que se descortina ao redor \u00e9 realmente encantador: decerto o primeiro de Hakone. Esta casa, ademais, do ponto de vista da sua fisionomia arquitet\u00f4nica, possui excelentes tra\u00e7os. A entrada do sudeste \u00e9 a melhor poss\u00edvel; tem-se um suave aclive do port\u00e3o em diante; do alpendre at\u00e9 o sal\u00e3o h\u00e1, como j\u00e1 mencionei, duas escadas. Outrossim, a ala esquerda foi constru\u00edda no estilo japon\u00eas, distinta da direita, que o foi nos moldes ocidentais. Nomeia-se esse tra\u00e7o de &#8220;asas de grou&#8221; &#8211; o melhor deles. Al\u00e9m de tudo, a ala no estilo ocidental tem o formato de um navio, significando o avan\u00e7ar rasgando as ondas: tudo \u00e9 ideal, de fio a pavio. Vale ressaltar que o pr\u00e9dio, no conjunto, sobreergue-se sobre um rochedo &#8211; \u00e9 isso que deve apontar o trecho das ora\u00e7\u00f5es xinto\u00edstas: &#8220;<em>erguendo os grossos pilares do templo sobre a rocha enraizada na terra&#8221;<\/em>. Sendo a casa apropriada \u00e0 moradia divina, torna-se muito claro que o Deus j\u00e1 a tinha providenciado para tal fim.<\/p>\n<p class=\"style3 style48\" style=\"text-align: justify;\">A este pr\u00e9dio dei o nome de <em>Shinzan-So <\/em> (Solar da Montanha Divina), por ter o monte <em>Kamiyama <\/em> (Montanha de Deus), o mais elevado de Hakone, na sua parte de tr\u00e1s. Na sua frente, um pouco mais baixo, est\u00e1 o monte <em>Soun-Zan<\/em>. T\u00e3o logo me transferi para Shinzan-So, adquiri da Companhia Ferrovi\u00e1ria Tozan Dentetsu o terreno vizinho de 6.000 metros quadrados . Nele, existia um pequeno parque chamado <em>Nihon Koen <\/em> (parque japon\u00eas), constru\u00eddo h\u00e1 vinte anos pela citada companhia. Por este, h\u00e1 espalhadas algumas casas de campo de aluguel. Na verdade, por\u00e9m, de casa de campo s\u00f3 o nome: est\u00e3o em ru\u00ednas, impr\u00f3prias para se habitar. Toda essa \u00e1rea encontrava-se desleixada h\u00e1 anos, de modo que a erva daninha cresceu ao sabor da natureza, tornando, mesmo durante o dia, o local umbroso, a ponto de n\u00e3o se poder discernir sequer a passagem. Naturalmente, inexistia qualquer superf\u00edcie plana a\u00ed, mas, como eu pretendesse construir um anexo na parte central do parque, corrigi o seu relevo acidentado, conseguindo, finalmente, uma \u00e1rea de cerca de cem metros quadrados. Na \u00e9poca, por ser imposs\u00edvel construir \u00e1rea superior a cinquenta metros quadrados, limitei-me a essa dimens\u00e3o. Encontr\u00e1vamo-nos, ent\u00e3o, no auge da guerra, sendo imposs\u00edvel adquirir material de constru\u00e7\u00e3o. No entanto &#8211; por feliz coincid\u00eancia &#8211; eu reunira anos antes madeira de qualidade muito boa, a fim de construir um anexo nos jardins de Hozan-So em T\u00f3quio. Faltava apenas erguer os esteios, quando recebi ordem judicial sustando a constru\u00e7\u00e3o, por causa do processo que nos foi movido. Desde ent\u00e3o, esse material esteve intacto. Lembrei-me repentinamente dele, pensando que viera bem a calhar com a ocasi\u00e3o. O problema, agora, era o transporte, uma vez que n\u00e3o se podia lan\u00e7ar m\u00e3o de caminh\u00f5es particulares. Entrementes, um fiel ligado \u00e0s For\u00e7as Navais tomou conhecimento do fato, oferecendo-se para carregar o material. Iniciada, afinal, a constru\u00e7\u00e3o, quando as obras j\u00e1 haviam avan\u00e7ado um ter\u00e7o do total, os bombardeios a\u00e9reos tornaram-se cada vez mais violentos, passando a ser invi\u00e1vel a obten\u00e7\u00e3o mesmo do arroz para a alimenta\u00e7\u00e3o dos oper\u00e1rios. Vi-me obrigado a interromper, momentaneamente, a constru\u00e7\u00e3o. Foi quando &#8211; que maravilha! &#8211; certo fiel chegou de repente carregando de caminh\u00e3o seis sacas de arroz e fez-nos a doa\u00e7\u00e3o delas. &#8220;<em>Muito bem! Deus n\u00e3o permite a interrup\u00e7\u00e3o das obras<\/em>&#8221; &#8211; pensei. O servi\u00e7o continuou assim, sem ser interrompido. Em agosto de 1946, ficou pronto o atual <em>Kanzan-Tei <\/em> (Pavilh\u00e3o de Contempla\u00e7\u00e3o da Montanha).<\/p>\n<p class=\"style3 style48\" style=\"text-align: justify;\">Com o t\u00e9rmino da guerra, em 15 de agosto de 1945, como eu pensasse em construir uma casa maior, mandei, no m\u00eas seguinte, que um meu subordinado fosse \u00e0 prov\u00edncia de Akita, com o prop\u00f3sito de adquirir 180 metros c\u00fabicos de cedro. Na \u00e9poca, o pre\u00e7o da madeira era ainda barato: aproximadamente mil e setecentos ienes o metro c\u00fabico. Esse material foi obtido de, aproximadamente, cinquenta p\u00e9s de cedro da floresta de um templo. Entrementes, soube que um terreno de dois mil metros quadrados, situado na parte mais baixa do Shinsen-Kyo, havia sido posto \u00e0 venda. Adquiri-o logo, imensamente satisfeito, pois, j\u00e1 h\u00e1 algum tempo, eu o queria muit\u00edssimo. De posse dele, aprestei a encosta, obtendo, assim, uma \u00e1rea plana de v\u00e1rias centenas de metros quadrados, para construir um templo. Quando eu me encontrava prestes, ent\u00e3o, a passar para as obras, gra\u00e7as \u00e0 apresenta\u00e7\u00e3o de certa pessoa, recebi inesperadamente a visita do professor de artes Isoya Yoshida, autoridade m\u00e1xima dos c\u00edrculos arquitet\u00f4nicos do Jap\u00e3o contempor\u00e2neo. (No momento, ele se encarregava do projeto do Teatro Nacional de Kabuki). Por nosso di\u00e1logo, percebi que ele era inteligent\u00edssimo e suas ideias se coadunavam com as minhas, sentindo positivamente que me fora enviado por Deus. Desta maneira, seja o material de constru\u00e7\u00e3o, seja o terreno ou o arquiteto, Deus arranjava-me inteiramente o que era preciso, no exato momento. Foi uma sucess\u00e3o de milagres, do princ\u00edpio ao fim. Esse pr\u00e9dio \u00e9 o atual, que hoje tem o seu nome alterado para <em>Nikko-Den <\/em> (Templo da Luz do Sol).<\/p>\n<p class=\"style3 style48\" style=\"text-align: justify;\">Foi nessa \u00e9poca que batizei os Jardins Sagrados de Gora de <em>Shinsen-Kyo<\/em>. Situam-se em seu interior as seguintes constru\u00e7\u00f5es: o <em>Shinzan-so<\/em>, pr\u00e9dio adquirido primeiramente, e o <em>Kanzan-Tei<\/em>, que constru\u00ed a seguir. Destinei este \u00faltimo para minha moradia, mas, em virtude de ter ficado pequeno em demasia, acabei de ampli\u00e1-lo este ano. O pr\u00e9dio localiza-se bem no centro do Shinsen-Kyo. Dele avista-se excelente panorama, circundado que est\u00e1 em seus tr\u00eas lados por montes &#8211; origem do seu nome: Pavilh\u00e3o de Contempla\u00e7\u00e3o da Montanha. A casa de ch\u00e1 constru\u00edda no terreno plano abaixo dele chama-se Sanguetsu-an, tendo tamb\u00e9m ficado pronta este ano. Ela foi conclu\u00edda em tr\u00eas anos, pelo famoso carpinteiro Seibee Kimura, que, em sua constru\u00e7\u00e3o, dedicou corpo e alma. Ao lado da casa de ch\u00e1 abri uma trilha ladeada de trevos, construindo em comemora\u00e7\u00e3o uma casinha a que chamei de <em>Hagui-no-ya <\/em> (Casa dos Trevos). Quero abrir par\u00eanteses para citar um epis\u00f3dio a respeito dela. H\u00e1 mais de vinte anos &#8211; quando aqui era ainda o Nikon Koen (jardim japon\u00eas) &#8211; existiam v\u00e1rias casas de campo de aluguel. Como eu j\u00e1 gostasse de Gora desde h\u00e1 muito e tivesse vontade de aqui morar algum dia, aluguei um desses bangal\u00f4s e passei nele um ver\u00e3o. As recorda\u00e7\u00f5es desse tempo s\u00e3o-me inesquec\u00edveis e levaram-me a reformar aquele bangal\u00f4: a presente Hagui-no-ya. Constru\u00ed, um pouco adiante do caminho que passa defronte da Hagui-no-ya, um bosque de bambu, no qual dispus rochas, \u00e0 maneira chinesa. Quem por ele passeia, elogia-o, comparando uma viagem a um recanto m\u00e1gico. Da\u00ed, subindo alguns degraus de pedra, chega-se a uma \u00e1rea relativamente ampla. Atualmente, esse terreno passa por obras de corre\u00e7\u00e3o do relevo, para a constru\u00e7\u00e3o do Museu de Belas-Artes.<\/p>\n<p class=\"style3 style48\" style=\"text-align: justify;\">J\u00e1 escrevi uma vez que o Shinsen-Kyo constitui um empreendimento inovador, jamais experimentado por algu\u00e9m. Uma vez que eu o estou construindo por ordem de Deus, seria plaus\u00edvel cham\u00e1-lo de Arte Divina. Seu alvo \u00e9 a cria\u00e7\u00e3o de uma obra de arte em que as belezas paisag\u00edsticas naturais e as da jardinagem artificial coexistam em perfeita harmonia. No sentido de acrescentar maior brilho ao conjunto, planejei o mencionado Museu. Somente o belo paisag\u00edstico e o da jardinagem deixariam algo a desejar. A mostra de objetos de arte exclusivos deste pa\u00eds \u00e9 imprescind\u00edvel para a idealiza\u00e7\u00e3o do verdadeiro Para\u00edso. H\u00e1 mais um objetivo. Calculando o imenso servi\u00e7o que se prestaria em prol da apresenta\u00e7\u00e3o da arte nip\u00f4nica, caso franqueasse o Shinsen-Kyo ao visitante estrangeiro que, em futuro pr\u00f3ximo, viria a Hakone em passeio, resolvi tornar tal fato uma realidade. O mesmo se aplica, evidentemente, \u00e0 casa de ch\u00e1. Por interm\u00e9dio disso, quero, pois, mostrar, em \u00e2mbito mundial, o qu\u00e3o profunda \u00e9 a compreens\u00e3o do japon\u00eas diante da Arte, o qu\u00e3o elevada \u00e9 a sua capacidade de julgamento e superior a sua t\u00e9cnica. Acredito estar, com tal empreendimento, desempenhando um papel importante na execu\u00e7\u00e3o das diretrizes da pol\u00edtica nacional.<\/p>\n<p class=\"style3 style48\" style=\"text-align: justify;\">Passarei a descrever, aqui, o hist\u00f3rico e uma miscel\u00e2nea de fatos referentes ao Shinsen-Kyo. Quando se estende o olhar de algum ponto elevado do Jardim Sagrado, delineiam-se diante do apreciador as curvas azuladas e brandas dos picos Myojin e Myojo, ligando Kintoki ao desfiladeiro de Otome. A suavidade do contorno montanhoso peculiar de Hakone n\u00e3o deixa de abrandar o cora\u00e7\u00e3o de quem o contempla. Comparando o pico Myojin \u00e0 manga esquerda de uma veste larga, tem-se que a direita \u00e9 o monte Asama. Do v\u00e3o que se abre um pouco entre ambas as mangas, avista-se, ao longe, no fundo da n\u00e9voa, como um imenso lago, a placidez do mar. Nem \u00e9 preciso dizer que \u00e9 a parte do Golfo de Sagami, pr\u00f3ximo a Odawara. Quando o c\u00e9u est\u00e1 aberto, a Pen\u00ednsula de Miura surge a\u00ed como um fio. Um pouco mais acima, nos limites da linha do horizonte, a cadeia nebulosa de montes que se estende flutuante \u00e9 a Pen\u00ednsula de Boso: o contorno em zigue-zague caracter\u00edstico do monte Nokoguiri \u00e9 visto com nitidez. Olhando na dire\u00e7\u00e3o oposta, o monte Asama parece-se com uma tigela emborcada, alargando-se ao longe, at\u00e9 o monte Soun. A grande montanha que parece domin\u00e1-la \u00e9 a Kurogatake, famosa como ponto de excurs\u00f5es.<\/p>\n<p class=\"style3 style48\" style=\"text-align: justify;\">Deixando o panorama distante por aqui, passemos, agora, a vaguear pelos jardins. Como estamos no sop\u00e9 do monte Soun, ao erguermos a vista, este monte oferece a sensa\u00e7\u00e3o de integrar o jardim, tal a sua proximidade. Por toda a parte encontram-se imensos rochedos e pedras ex\u00f3ticas, interessantes tanto no formato como no colorido, sem haver uma \u00fanica semelhante \u00e0s demais: tamb\u00e9m aqui \u00e9 poss\u00edvel detectar a refinada habilidade divina. Al\u00e9m disso, cercando a parte sudoeste do Kanzan-Tei, enfileiram-se rochas de mais de tr\u00eas metros de altura, a proteger o pr\u00e9dio dos ventos que sopram do monte Kamiyama, caracter\u00edstica da regi\u00e3o de Hakone. Esse tamb\u00e9m \u00e9 mais um fen\u00f4meno misterioso. \u00c9 de se notar, em especial, a gigantesca pedra que se ergue em frente ao alpendre, como a escond\u00ea-lo, lembrando a pedra fundamental que assentam nas constru\u00e7\u00f5es com a finalidade de afastar os malef\u00edcios.<\/p>\n<p class=\"style3 style48\" style=\"text-align: justify;\">Vale frisar, ainda, que, em toda a regi\u00e3o de Hakone, Gora \u00e9 o local rochoso por excel\u00eancia, podendo-se afirmar que o seu polo central, onde se localiza o nosso Shinsen-Kyo, \u00e9 o n\u00facleo onde essas pedras e rochas se concentram. Escavando-se a terra nestas cercanias, vemos aflorar rochedos e rochedos, sem fim. Contudo, uma quadra mais al\u00e9m, o que se acha \u00e9 quase s\u00f3 terra, sendo muito raro o descobrimento de alguma pedra, fato este que n\u00e3o se pode qualificar sen\u00e3o de estranho. Ademais, \u00e9 infinita a gama de tais rochas, estando \u00e0 vontade quem pretende elaborar um jardim. As esp\u00e9cies principais s\u00e3o, primeiramente, uma de cor cinzenta, \u00e2ngulos agudos e dur\u00edssima; a seguir, tem-se uma de consist\u00eancia algo mais branda, de um colorido cinza com matizes azul-escuras. O fato de esta se apresentar com reentr\u00e2ncias e fendas prov\u00e9m, decerto, do sem-n\u00famero de choques a que foi submetida durante a sua vertedura. O terceiro tipo \u00e9 similar \u00e0 lava, vermelho escuro; o quarto \u00e9 de tonalidade limon\u00edstica, anguloso e duro. \u00c9 evidente que todas elas foram vertidas aqui, durante a erup\u00e7\u00e3o do monte Soun. Essa erup\u00e7\u00e3o aconteceu com o rompimento do leito rochoso da crosta terrestre, mediante a libera\u00e7\u00e3o de gases, ou seja, uma explora\u00e7\u00e3o vulc\u00e2nica.<\/p>\n<p class=\"style3 style48\" style=\"text-align: justify;\">O curioso \u00e9 que h\u00e1 sinais de que, com essa erup\u00e7\u00e3o, depositou-se um volume exorbitante de cinzas vulc\u00e2nicas. Isto porque, no vilarejo Miyaguino, nesta proximidade, ainda hoje, quando se escava a terra, desenterra-se troncos de cedros de 6 a 9,09m de altura, que, com o passar dos anos, se petrificaram e endureceram, sendo \u00f3timos para a manufatura de artesanatos. Dizem que, antigamente, os agricultores da regi\u00e3o os escavavam lucrando bastante com a sua venda. Da\u00ed deduziu-se que a camada de cinzas vulc\u00e2nicas acumuladas era de quase 15m. O cedro maior de todos media 1,80m de di\u00e2metro, e eu tamb\u00e9m o vi.<\/p>\n<p class=\"style3 style48\" style=\"text-align: justify;\">Olhando o Monte Sooun, percebe-se bem o sinal da cratera no centro, pela sua depress\u00e3o e pela tonalidade avermelhada da terra. A terma do Vale Oowakutani, provavelmente, surgiu nessa ocasi\u00e3o, e a \u00e1gua termal desse local constitui a Terma de Gora. Uma vez, escalei os montes Sooun, Kamiyama e Komaketake. Todos s\u00e3o cobertos de arbustos. N\u00e3o havendo \u00e1rvores grandes, percebe-se que a erup\u00e7\u00e3o se deu em \u00e9poca n\u00e3o muito remota, pois as cinzas vulc\u00e2nicas est\u00e3o impregnadas de enxofre. Em suma, em todas as montanhas de Hakone n\u00e3o se v\u00ea \u00e1rvores de grande porte; talvez as referidas cinzas tenham atingido pontos distantes. A raz\u00e3o, talvez, pela qual a regi\u00e3o de Hakone n\u00e3o conte, em sua maior parte, com \u00e1rvores de grande porte, prov\u00e9m da dispers\u00e3o dessas cinzas num amplo raio geogr\u00e1fico.<\/p>\n<p class=\"style3 style48\" style=\"text-align: justify;\">Mas, retornando ao assunto anterior, digo que n\u00e3o h\u00e1 uma mera rocha, \u00e1rvore ou planta do jardim Sagrado que n\u00e3o esteja consoante minhas instru\u00e7\u00f5es. Curiosamente, quando eu desejo determinada pedra, ou ela se acha pelas cercanias, ou, em se cavando por aqui, ela aparece, sem falta. Compreende-se perfeitamente, por mais esse fato, que Deus faz com que, hoje, eu edifique estes jardins segundo a Sua Vontade, orientando-me a tal, ap\u00f3s ter criado, h\u00e1 milhares de anos, este leito rochoso, solidificando-o convenientemente, e depois reduzindo-o, pela a\u00e7\u00e3o de uma erup\u00e7\u00e3o vulc\u00e2nica, a peda\u00e7os adequados, os quais foram depostos ao redor do Shinsen-Kyo. \u00c9, pois, por demais \u00f3bvio que Deus me faz construir o Para\u00edso Terrestre do qual sempre falo, tomando-me como o Seu instrumento. Digo mais: toda \u00e1rvore, planta ou flor necess\u00e1ria, ou chegam a mim gratuitamente, ou ainda, caso existam em alguma arboricultura ou jardim de ch\u00e1cara das cercanias, v\u00eam a mim floricultores, querendo vend\u00ea-las. \u00c9 simplesmente estranho e maravilhoso. Em geral, quando se pretende realizar uma obra um pouco maior ou um empreendimento custoso, dizem que se enfrentam dissabores e dificuldades. Comigo, no entanto, nada disso acontece. Como j\u00e1 mencionei, consigo, normalmente, tudo o que quero ou necessito. O mesmo se d\u00e1 com o dinheiro: n\u00e3o me preocupo, pois amealho sempre o preciso. Sem falta ou excesso; na medida exata. O primeiro passo foi dado em maio de 1944, decorrendo apenas meros seis anos desde ent\u00e3o. Nesse intervalo, n\u00e3o obstante os transtornos ocasionados pela guerra, as obras de Atami e Hakone progrediram de tal forma que n\u00e3o se permite jamais imaginar terem sido feitas em espa\u00e7o de tempo t\u00e3o curto. Assim, \u00e9 at\u00e9 inevit\u00e1vel que a sociedade crie caso e fa\u00e7a alarde em torno de mim. Todavia, como disse antes, uma vez que tudo est\u00e1 sendo posto em pr\u00e1tica exatamente de acordo com as indica\u00e7\u00f5es de Deus, n\u00e3o h\u00e1 raz\u00e3o para trope\u00e7os nem fracassos. Tudo corre perfeitamente.<\/p>\n<p class=\"style3 style48\" style=\"text-align: justify;\">N\u00e3o posso deixar de descrever aqui outro milagre. Nesses seis anos passados, n\u00e3o houve sequer, at\u00e9 hoje, um \u00fanico morto ou ferido, durante o deslocamento daquelas rochas imensas para a sua distribui\u00e7\u00e3o nos jardins. Notem que as maiores atingem at\u00e9 1,80 metro de di\u00e2metro e chegam a pesar acima de 75 toneladas. Segundo o depoimento de profissionais no assunto, na execu\u00e7\u00e3o de obras de semelhante porte, \u00e9 normal que haja alguns mortos ou muitos feridos. Acrescentam sempre: &#8220;<em>Em uma obra como esta, \u00e9 simplesmente inacredit\u00e1vel<\/em>&#8220;. Eles acabaram por perceber que existe a atua\u00e7\u00e3o de uma for\u00e7a sobre-humana, passando a acreditar na exist\u00eancia de Deus e a conscientizar-me, ao que parece, da minha miss\u00e3o. Hoje todos abra\u00e7am a nossa F\u00e9.<\/p>\n<p class=\"style3 style48\" style=\"text-align: justify;\">Esta \u00e9 a s\u00famula do ocorrido desde o in\u00edcio at\u00e9 o dia de hoje. Atualmente, excetuando-se o Museu de Belas-Artes, quase todo o restante se encontra pr\u00f3ximo da conclus\u00e3o. Por conseguinte, pretendo realizar a inaugura\u00e7\u00e3o simultaneamente \u00e0 celebra\u00e7\u00e3o do Culto de Outono. Essas cerim\u00f4nias estender-se-\u00e3o de 21 a 27 de novembro pr\u00f3ximo, por uma semana, consecutivamente pela ordem de associa\u00e7\u00f5es. Na realidade, eu queria concentr\u00e1-las em tr\u00eas dias. Entretanto, o espa\u00e7o do Nikko-Den \u00e9 por demais ex\u00edguo para comportar todos os participantes, mesmo com a instala\u00e7\u00e3o de um toldo provis\u00f3rio nos jardins. Tornou-se inevit\u00e1vel, ent\u00e3o, along\u00e1-las por uma semana. Al\u00e9m das cerim\u00f4nias, haver\u00e1 entretenimentos, durante os sete dias, cuja programa\u00e7\u00e3o prev\u00ea proporcionar aos presentes uma atmosfera inteiramente paradis\u00edaca, contando com a participa\u00e7\u00e3o de artistas de primeira categoria, os quais diariamente encarregar-se-\u00e3o de espet\u00e1culos \u00fanicos. Como sempre afirmo, o Para\u00edso Terrestre \u00e9 o Mundo da Arte, n\u00e3o estando perfeito, caso, al\u00e9m das belezas natural e artificial j\u00e1 mencionadas, n\u00e3o contar com entretenimentos que deleitem os olhos e os ouvidos, como a m\u00fasica e a dan\u00e7a.<\/p>\n<p class=\"style3 style48\" style=\"text-align: justify;\">Termino, ent\u00e3o, o relato dos antecedentes da constru\u00e7\u00e3o do prot\u00f3tipo, ainda em pequena escala, do Para\u00edso Terrestre. Em s\u00edntese, quero proclamar que o culto e as celebra\u00e7\u00f5es pr\u00f3ximas, como o passo inicial desta obra, constituem evento memor\u00e1vel e de extrema import\u00e2ncia.<\/p>\n<p class=\"style3 style48\" style=\"text-align: right;\">21 de setembro de 1950<\/p>\n<p>&nbsp;<\/p>\n<p><iframe src=\"http:\/\/www.facebook.com\/plugins\/like.php?href=https:\/\/www.jinsai.org\/pt-BR\/ensinamentos\/arte\/ate-a-conclusao-do-paraiso-terrestre\/&#038;%0Alayout=standard&#038;show_faces=false&#038;width=380&#038;action=like&#038;colorscheme=light&#038;height=25\" style=\"border: medium none ; overflow: hidden; width: 350px; height: 25px;\" allowtransparency=\"true\" frameborder=\"0\" scrolling=\"no\"><\/iframe><\/p>\n<div id=\"fb-root\"><\/div>\n<p><script src=\"http:\/\/connect.facebook.net\/pt_BR\/all.js#appId=APP_ID&amp;xfbml=1\"><\/script><fb:comments href=\" https:\/\/www.jinsai.org\/pt-BR\/ensinamentos\/arte\/ate-a-conclusao-do-paraiso-terrestre\/\" num_posts=\"100\" width=\"500\"><\/fb:comments><meta property='fb:app_id' content='171964893011161'\/> <\/p>\n<div id=\"fb-root\"><\/div>\n<p><script>(function(d, s, id) {\n  var js, fjs = d.getElementsByTagName(s)[0];\n  if (d.getElementById(id)) return;\n  js = d.createElement(s); js.id = id;\n  js.src = 'https:\/\/connect.facebook.net\/pt_BR\/sdk.js#xfbml=1&version=v3.0&appId=171964893011161&autoLogAppEvents=1';\n  fjs.parentNode.insertBefore(js, fjs);\n}(document, 'script', 'facebook-jssdk'));<\/script><\/p>\n<div class=\"fb-share-button\" data-href=\"https:\/\/www.jinsai.org\/pt-BR\/ensinamentos\/arte\/ate-a-conclusao-do-paraiso-terrestre\/\" data-layout=\"button_count\" data-size=\"large\" data-mobile-iframe=\"true\"><a target=\"_blank\" href=\"https:\/\/www.facebook.com\/sharer\/sharer.php?u=http%3A%2F%2Fwww.jinsai.org%2Fpt-BR%2Fensinamentos%2Farte%2Fate-a-conclusao-do-paraiso-terrestre%2F&amp;src=sdkpreparse\" class=\"fb-xfbml-parse-ignore\">Compartilhar<\/a><\/div>\n","protected":false},"excerpt":{"rendered":"<p>Passarei a escrever a respeito da constru\u00e7\u00e3o do Para\u00edso Terrestre, desde seu in\u00edcio, empreendimento \u00fanico de nossa Igreja. Confesso que, mesmo em se tratando apenas do seu prot\u00f3tipo, a empreitada n\u00e3o \u00e9 facil. \u00c9 plaus\u00edvel afirmar que a constru\u00e7\u00e3o de algo de semelhante envergadura n\u00e3o acha quase precedente algum no Jap\u00e3o; quanto ao exterior, desconhe\u00e7o. [&hellip;]<\/p>\n","protected":false},"author":1,"featured_media":1481,"comment_status":"closed","ping_status":"closed","sticky":false,"template":"","format":"standard","meta":{"footnotes":""},"categories":[8],"tags":[],"class_list":{"0":"post-789","1":"post","2":"type-post","3":"status-publish","4":"format-standard","5":"has-post-thumbnail","6":"hentry","7":"category-arte","9":"post-with-thumbnail","10":"post-with-thumbnail-icon"},"_links":{"self":[{"href":"https:\/\/www.jinsai.org\/pt-BR\/wp-json\/wp\/v2\/posts\/789","targetHints":{"allow":["GET"]}}],"collection":[{"href":"https:\/\/www.jinsai.org\/pt-BR\/wp-json\/wp\/v2\/posts"}],"about":[{"href":"https:\/\/www.jinsai.org\/pt-BR\/wp-json\/wp\/v2\/types\/post"}],"author":[{"embeddable":true,"href":"https:\/\/www.jinsai.org\/pt-BR\/wp-json\/wp\/v2\/users\/1"}],"replies":[{"embeddable":true,"href":"https:\/\/www.jinsai.org\/pt-BR\/wp-json\/wp\/v2\/comments?post=789"}],"version-history":[{"count":4,"href":"https:\/\/www.jinsai.org\/pt-BR\/wp-json\/wp\/v2\/posts\/789\/revisions"}],"predecessor-version":[{"id":2531,"href":"https:\/\/www.jinsai.org\/pt-BR\/wp-json\/wp\/v2\/posts\/789\/revisions\/2531"}],"wp:featuredmedia":[{"embeddable":true,"href":"https:\/\/www.jinsai.org\/pt-BR\/wp-json\/wp\/v2\/media\/1481"}],"wp:attachment":[{"href":"https:\/\/www.jinsai.org\/pt-BR\/wp-json\/wp\/v2\/media?parent=789"}],"wp:term":[{"taxonomy":"category","embeddable":true,"href":"https:\/\/www.jinsai.org\/pt-BR\/wp-json\/wp\/v2\/categories?post=789"},{"taxonomy":"post_tag","embeddable":true,"href":"https:\/\/www.jinsai.org\/pt-BR\/wp-json\/wp\/v2\/tags?post=789"}],"curies":[{"name":"wp","href":"https:\/\/api.w.org\/{rel}","templated":true}]}}