{"id":8032,"date":"2020-08-06T09:52:45","date_gmt":"2020-08-06T12:52:45","guid":{"rendered":"http:\/\/www.jinsai.org\/pt-BR\/?p=8032"},"modified":"2020-08-06T13:12:31","modified_gmt":"2020-08-06T16:12:31","slug":"numero-de-almas-no-mundo-espiritual","status":"publish","type":"post","link":"https:\/\/www.jinsai.org\/pt-BR\/ensinamentos\/curiosidades\/numero-de-almas-no-mundo-espiritual\/","title":{"rendered":"N\u00daMERO DE ALMAS NO MUNDO ESPIRITUAL"},"content":{"rendered":"<div id=\"pl-8032\"  class=\"panel-layout\" ><div id=\"pg-8032-0\"  class=\"panel-grid panel-no-style\" ><div id=\"pgc-8032-0-0\"  class=\"panel-grid-cell\" ><div id=\"panel-8032-0-0-0\" class=\"so-panel widget_sow-editor panel-first-child\" data-index=\"0\" ><div\n\t\t\t\n\t\t\tclass=\"so-widget-sow-editor so-widget-sow-editor-base\"\n\t\t\t\n\t\t>\n<div class=\"siteorigin-widget-tinymce textwidget\">\n\t<p style=\"text-align: justify;\"><strong>Pergunta:<\/strong> Existe varia\u00e7\u00e3o no n\u00famero de almas no Mundo Espiritual e no Mundo Material, conforme o tempo e o lugar?<\/p>\n<p style=\"text-align: justify;\"><strong>Meishu-Sama:<\/strong> Evidentemente que existe varia\u00e7\u00e3o. Todavia, n\u00e3o existe diminui\u00e7\u00e3o, existe apenas o aumento de almas. Conforme aumenta o n\u00famero de seres humanos, est\u00e1 aumentando o n\u00famero de almas.<\/p>\n<p><strong>Pergunta: <\/strong>Se pensarmos que o aumento dos seres humanos se d\u00e1 por meio das reencarna\u00e7\u00f5es, acredito que n\u00e3o deveria haver aumento no n\u00famero de almas, n\u00e3o?<\/p>\n<p style=\"text-align: justify;\"><strong>Meishu-Sama:<\/strong> Existem aqueles que s\u00e3o reencarna\u00e7\u00f5es, mas tamb\u00e9m aqueles que s\u00e3o novos esp\u00edritos.<\/p>\n<p style=\"text-align: justify;\"><strong>Pergunta: <\/strong>Com as reencarna\u00e7\u00f5es n\u00e3o deveria diminuir o n\u00famero de almas que est\u00e1 no Mundo Espiritual?<\/p>\n<p style=\"text-align: justify;\"><strong>Meishu-Sama: <\/strong>N\u00e3o h\u00e1 diminui\u00e7\u00e3o. O n\u00famero de almas aumenta. N\u00e3o consta em meus livros que no Mundo Espiritual h\u00e1 o yutai [alma espiritual] do ser humano? \u00c9 a matriz da alma.<\/p>\n<p style=\"text-align: justify;\"><strong>Pergunta:<\/strong> O aumento das almas se d\u00e1 por meio de subdivis\u00f5es espirituais?<\/p>\n<p style=\"text-align: justify;\"><strong>Meishu-Sama: <\/strong>Somente Deus Se subdivide espiritualmente. Bem, apesar do que, como o ser humano d\u00e1 \u00e0 luz a filhos, pode-se dizer que ele tamb\u00e9m se subdivide. Mas, no verdadeiro sentido da palavra, somente Deus \u00e9 que Se subdivide. O que o ser humano faz \u00e9 uma ramifica\u00e7\u00e3o, digamos.<\/p>\n<p style=\"text-align: right;\">Gokowaroku n\u00ba 12, 21 de setembro de 1949<\/p>\n<p style=\"text-align: right;\">Tradu\u00e7\u00e3o: Alexandre Guedes dos Santos<\/p>\n<\/div>\n<\/div><\/div><div id=\"panel-8032-0-0-1\" class=\"widget_text so-panel widget_custom_html panel-last-child\" data-index=\"1\" ><div class=\"textwidget custom-html-widget\">&nbsp;\n<iframe src=\"http:\/\/www.facebook.com\/plugins\/like.php?href=   http:\/\/www.jinsai.org\/pt-BR\/ensinamentos\/curiosidades\/numero-de-almas-no-mundo-espiritual&amp;%0Alayout=standard&amp;show_faces=false&amp;width=380&amp;action=like&amp;colorscheme=light&amp;height=25\" style=\"border: medium none ; ovew: hidden; width: 350px; height: 25px;\" allowtransparencyrflo=\"true\" scrolling=\"no\" frameborder=\"0\"><\/iframe><div id=\"fb-root\"><\/div>\n<script src=\"http:\/\/connect.facebook.net\/pt_BR\/all.js#appId=APP_ID&amp;xfbml=1\"><\/script><fb:comments href=\" http:\/\/www.jinsai.org\/pt-BR\/ensinamentos\/curiosidades\/numero-de-almas-no-mundo-espiritual\" num_posts=\"100\" width=\"500\"><\/fb:comments><meta property=\"fb:app_id\" content=\"171964893011161\">\n\n<div id=\"fb-root\"><\/div>\n<script>(function(d, s, id) {<br \/>\n  var js, fjs = d.getElementsByTagName(s)[0];<br \/>\n  if (d.getElementById(id)) return;<br \/>\n  js = d.createElement(s); js.id = id;<br \/>\n  js.src = 'https:\/\/connect.facebook.net\/pt_BR\/sdk.js#xfbml=1&version=v3.0&appId=171964893011161&autoLogAppEvents=1';<br \/>\n  fjs.parentNode.insertBefore(js, fjs);<br \/>\n}(document, 'script', 'facebook-jssdk'));<\/script>\n<div class=\"fb-share-button\" data-href=\" http:\/\/www.jinsai.org\/pt-BR\/ensinamentos\/curiosidades\/numero-de-almas-no-mundo-espiritual\" data-layout=\"button_count\" data-size=\"large\" data-mobile-iframe=\"true\"><a target=\"_blank\" href=\"https:\/\/www.facebook.com\/sharer\/sharer.php?u=http%3A%2F% http:\/\/www.jinsai.org\/pt-BR\/ensinamentos\/curiosidades\/numero-de-almas-no-mundo-espiritual%2F&amp;src=sdkpreparse\" class=\"fb-xfbml-parse-ignore\">Compartilhar<\/a><\/div>\n<\/div><\/div><\/div><\/div><\/div>","protected":false},"excerpt":{"rendered":"<p>Pergunta: Existe varia\u00e7\u00e3o no n\u00famero de almas no Mundo Espiritual e no Mundo Material, conforme o tempo e o lugar? Meishu-Sama: Evidentemente que existe varia\u00e7\u00e3o. Todavia, n\u00e3o existe diminui\u00e7\u00e3o, existe apenas o aumento de almas. Conforme aumenta o n\u00famero de seres humanos, est\u00e1 aumentando o n\u00famero de almas. Pergunta: Se pensarmos que o aumento dos [&hellip;]<\/p>\n","protected":false},"author":1,"featured_media":8030,"comment_status":"open","ping_status":"closed","sticky":false,"template":"","format":"standard","meta":{"footnotes":""},"categories":[3],"tags":[],"class_list":{"0":"post-8032","1":"post","2":"type-post","3":"status-publish","4":"format-standard","5":"has-post-thumbnail","6":"hentry","7":"category-curiosidades","9":"post-with-thumbnail","10":"post-with-thumbnail-icon"},"_links":{"self":[{"href":"https:\/\/www.jinsai.org\/pt-BR\/wp-json\/wp\/v2\/posts\/8032","targetHints":{"allow":["GET"]}}],"collection":[{"href":"https:\/\/www.jinsai.org\/pt-BR\/wp-json\/wp\/v2\/posts"}],"about":[{"href":"https:\/\/www.jinsai.org\/pt-BR\/wp-json\/wp\/v2\/types\/post"}],"author":[{"embeddable":true,"href":"https:\/\/www.jinsai.org\/pt-BR\/wp-json\/wp\/v2\/users\/1"}],"replies":[{"embeddable":true,"href":"https:\/\/www.jinsai.org\/pt-BR\/wp-json\/wp\/v2\/comments?post=8032"}],"version-history":[{"count":6,"href":"https:\/\/www.jinsai.org\/pt-BR\/wp-json\/wp\/v2\/posts\/8032\/revisions"}],"predecessor-version":[{"id":8039,"href":"https:\/\/www.jinsai.org\/pt-BR\/wp-json\/wp\/v2\/posts\/8032\/revisions\/8039"}],"wp:featuredmedia":[{"embeddable":true,"href":"https:\/\/www.jinsai.org\/pt-BR\/wp-json\/wp\/v2\/media\/8030"}],"wp:attachment":[{"href":"https:\/\/www.jinsai.org\/pt-BR\/wp-json\/wp\/v2\/media?parent=8032"}],"wp:term":[{"taxonomy":"category","embeddable":true,"href":"https:\/\/www.jinsai.org\/pt-BR\/wp-json\/wp\/v2\/categories?post=8032"},{"taxonomy":"post_tag","embeddable":true,"href":"https:\/\/www.jinsai.org\/pt-BR\/wp-json\/wp\/v2\/tags?post=8032"}],"curies":[{"name":"wp","href":"https:\/\/api.w.org\/{rel}","templated":true}]}}