{"id":8057,"date":"2020-08-10T10:19:46","date_gmt":"2020-08-10T13:19:46","guid":{"rendered":"http:\/\/www.jinsai.org\/pt-BR\/?p=8057"},"modified":"2020-08-10T10:19:46","modified_gmt":"2020-08-10T13:19:46","slug":"kyoto-terra-da-tranquilidade-trechos-de-ensinamentos","status":"publish","type":"post","link":"https:\/\/www.jinsai.org\/pt-BR\/sagrado\/viagem-a-kyoto-e-nara\/viagem-a-kyoto\/kyoto-terra-da-tranquilidade-trechos-de-ensinamentos\/","title":{"rendered":"KYOTO &#8211; TERRA DA TRANQUILIDADE (TRECHOS DE ENSINAMENTOS)"},"content":{"rendered":"<div id=\"pl-8057\"  class=\"panel-layout\" ><div id=\"pg-8057-0\"  class=\"panel-grid panel-no-style\" ><div id=\"pgc-8057-0-0\"  class=\"panel-grid-cell\" ><div id=\"panel-8057-0-0-0\" class=\"so-panel widget_sow-editor panel-first-child\" data-index=\"0\" ><div\n\t\t\t\n\t\t\tclass=\"so-widget-sow-editor so-widget-sow-editor-base\"\n\t\t\t\n\t\t>\n<div class=\"siteorigin-widget-tinymce textwidget\">\n\t<p style=\"text-align: justify;\">Terra da Tranquilidade, na primavera (Shunju-an)<\/p>\n<p style=\"text-align: justify;\">\u201c(...) Tudo \u00e9 simplesmente motivo de grande admira\u00e7\u00e3o: os prot\u00f3tipos do Para\u00edso Terrestre de Hakone e Atami, que est\u00e3o sendo constru\u00eddos atualmente; os in\u00fameros milagres vistos at\u00e9 agora e a solu\u00e7\u00e3o das dificuldades iniciais no tocante \u00e0 Terra da Tranquilidade, de Kyoto, e sua r\u00e1pida aquisi\u00e7\u00e3o. Estou espantado, pois, al\u00e9m da \u00f3tima localiza\u00e7\u00e3o do terreno e do ambiente agrad\u00e1vel, soube, recentemente, que esse local \u00e9 considerado o melhor de Kyoto. N\u00e3o havia procurado um local assim: na verdade, ele surgiu naturalmente. Portanto, n\u00e3o h\u00e1 d\u00favidas que Deus, desde o in\u00edcio da constru\u00e7\u00e3o do planeta, tenha preparado tudo para o aparecimento da Sekai Meshiya Kyo a n\u00edvel mundial.\u201d (Revista Tijo-Tengoku n\u00ba 43 - 25 de dezembro de 1952)<\/p>\n<p style=\"text-align: justify;\">\u201cO bonzo Honen \u00e9 praticamente o fundador da religi\u00e3o Amida. Portanto, o Templo Honen-in \u00e9 o local onde fica a imagem de Amida. No Templo Shaka-do, h\u00e1 a imagem de Shaka. Se estou entre esses templos, isto significa que Kannon est\u00e1 entre eles. Kannon posiciona-se no centro: \u00e0 sua esquerda fica Amida e, \u00e0 direita, Shaka. Esses s\u00e3o os tr\u00eas Miroku Verdadeiros. (...)<\/p>\n<p style=\"text-align: justify;\">No budismo tamb\u00e9m se fala sobre o \u2018Encontro dos Tr\u00eas Miroku\u2019, ou seja, \u2018Miroku-San-e\u2019. Com a minha presen\u00e7a em Saga, Kyoto, ser\u00e1 estabelecido o \u2018Miroku-San-e\u2019. (...)<\/p>\n<p style=\"text-align: justify;\">Por isso, o Mundo Espiritual B\u00fadico sofrer\u00e1 grandes transforma\u00e7\u00f5es. Atualmente, ele j\u00e1 est\u00e1 sofrendo mudan\u00e7as que se refletem no Mundo Material. Quanto \u00e0s mudan\u00e7as do Mundo B\u00fadico, com o estabelecimento do \u2018Miroku-San-e\u2019 em Kyoto, v\u00e1rios fundadores de seitas budistas de at\u00e9 ent\u00e3o, e pessoas relacionadas, come\u00e7ar\u00e3o a trabalhar bastante no Mundo Espiritual. (...)<\/p>\n<p style=\"text-align: justify;\">Ser\u00e1 o nascimento de Kannon no Mundo Material. Resumindo, isto significa que a Sekai Meshiya Kyo surgir\u00e1 neste mundo. (...)\u201d (Colet\u00e2nea de Ensinamentos, volume 14 - 26 de abril de 1952)<\/p>\n<p style=\"text-align: justify;\">\u201cHakone representa o n\u00famero cinco. \u00c9 uma cidade montanhosa, portanto, se liga ao elemento fogo e ao n\u00famero cinco. Atami representa o n\u00famero seis, pois suas montanhas s\u00e3o baixas e \u00e9 pr\u00f3xima ao mar. Kyoto representa o n\u00famero sete. O n\u00famero cinco relaciona-se a Deus, ou melhor, ao Mundo Divino. O n\u00famero seis relaciona-se ao Mundo Material, ou seja, \u00e0 Cultura Cient\u00edfica. Por tal motivo, o mundo de at\u00e9 ent\u00e3o veio sendo o \u2018mundo do n\u00famero seis', isto \u00e9 o \u2018mundo do elemento \u00e1gua\u2019.<\/p>\n<p style=\"text-align: justify;\">Por outro lado, podemos considerar o n\u00famero sete como representante do Mundo B\u00fadico. \u00c9 por isso que, certamente, Kyoto (N.T.: o Solo Sagrado de Kyoto) representa o n\u00famero sete, simboliza o elemento solo e deve situar-se num local plano. Este \u00e9 o significado de Kyoto. (...)<\/p>\n<p style=\"text-align: justify;\">Com o estabelecimento dos Solos Sagrados em Hakone, Atami e Kyoto, respectivamente cinco, seis e sete, ser\u00e1 firmada a \u2018uni\u00e3o de tr\u00eas posi\u00e7\u00f5es num s\u00f3 corpo\u2019, ou seja, do \u2018kata\u2019 (modelo) de Miroku. Por isso, Deus, de acordo com cada \u00e9poca, est\u00e1 realizando tudo conforme Seu plano.\u201d (Colet\u00e2nea de Ensinamentos, volume 14 - 24 de setembro de 1952)<\/p>\n<p style=\"text-align: justify;\">\u201cSua atividade (N.T.: do Solo Sagrado de Kyoto) corresponde \u00e0 atividade do elemento solo, portanto, simboliza a atividade do Mundo Material.<\/p>\n<p style=\"text-align: justify;\">O desenvolvimento do Mundo Espiritual, at\u00e9 ent\u00e3o, era invis\u00edvel; doravante, ser\u00e1 concretizado e materializado. \u00c0 medida que avan\u00e7ar a constru\u00e7\u00e3o do Solo Sagrado de Kyoto, este desenvolvimento se tornar\u00e1 vis\u00edvel aos olhos humanos. Como as coisas seguir\u00e3o esse rumo, encarem os fatos com o pensamento acima, pois, certamente, isso ser\u00e1 a realidade.\u201d (Colet\u00e2nea de Ensinamentos, volume 21 - 6 de abril de 1953)<\/p>\n<p style=\"text-align: justify;\">\u201cConforme sempre digo, o n\u00famero sete simboliza Kyoto. \u00c0 propor\u00e7\u00e3o que o n\u00famero sete for sendo concretizado, a verdadeira atividade das \u2018tr\u00eas posi\u00e7\u00f5es num s\u00f3 corpo\u2019 ser\u00e1 manifestada. Haver\u00e1 um grande aumento de for\u00e7a que facilitar\u00e1 bastante a execu\u00e7\u00e3o da Obra Divina.\u201d (Colet\u00e2nea de Ensinamentos, volume 21 - 8 de abril de 1953)<\/p>\n<p style=\"text-align: center;\"><img loading=\"lazy\" decoding=\"async\" class=\"aligncenter wp-image-8049 size-full\" src=\"http:\/\/www.jinsai.org\/pt-BR\/wp-content\/uploads\/2020\/08\/Digitalizar0109-A.jpg\" alt=\"\" width=\"1463\" height=\"2144\" srcset=\"https:\/\/www.jinsai.org\/pt-BR\/wp-content\/uploads\/2020\/08\/Digitalizar0109-A.jpg 1463w, https:\/\/www.jinsai.org\/pt-BR\/wp-content\/uploads\/2020\/08\/Digitalizar0109-A-205x300.jpg 205w, https:\/\/www.jinsai.org\/pt-BR\/wp-content\/uploads\/2020\/08\/Digitalizar0109-A-768x1125.jpg 768w, https:\/\/www.jinsai.org\/pt-BR\/wp-content\/uploads\/2020\/08\/Digitalizar0109-A-699x1024.jpg 699w\" sizes=\"auto, (max-width: 1463px) 100vw, 1463px\" \/> \u00a0 \u00a0Meishu-Sama e Nidai-Sama passeando no jardim do Shunju-an<\/p>\n<p><img loading=\"lazy\" decoding=\"async\" class=\"aligncenter wp-image-8050 size-full\" src=\"http:\/\/www.jinsai.org\/pt-BR\/wp-content\/uploads\/2020\/08\/Digitalizar0111-0112.jpg\" alt=\"\" width=\"1920\" height=\"1364\" srcset=\"https:\/\/www.jinsai.org\/pt-BR\/wp-content\/uploads\/2020\/08\/Digitalizar0111-0112.jpg 1920w, https:\/\/www.jinsai.org\/pt-BR\/wp-content\/uploads\/2020\/08\/Digitalizar0111-0112-300x213.jpg 300w, https:\/\/www.jinsai.org\/pt-BR\/wp-content\/uploads\/2020\/08\/Digitalizar0111-0112-768x546.jpg 768w, https:\/\/www.jinsai.org\/pt-BR\/wp-content\/uploads\/2020\/08\/Digitalizar0111-0112-1024x727.jpg 1024w\" sizes=\"auto, (max-width: 1920px) 100vw, 1920px\" \/><\/p>\n<p style=\"text-align: center;\">Terra da Tranquilidade, no outono (Shunju-an)<\/p>\n<p style=\"text-align: center;\"><img loading=\"lazy\" decoding=\"async\" class=\"aligncenter wp-image-8051 size-full\" src=\"http:\/\/www.jinsai.org\/pt-BR\/wp-content\/uploads\/2020\/08\/Digitalizar0112-A.jpg\" alt=\"\" width=\"1377\" height=\"1071\" srcset=\"https:\/\/www.jinsai.org\/pt-BR\/wp-content\/uploads\/2020\/08\/Digitalizar0112-A.jpg 1377w, https:\/\/www.jinsai.org\/pt-BR\/wp-content\/uploads\/2020\/08\/Digitalizar0112-A-300x233.jpg 300w, https:\/\/www.jinsai.org\/pt-BR\/wp-content\/uploads\/2020\/08\/Digitalizar0112-A-768x597.jpg 768w, https:\/\/www.jinsai.org\/pt-BR\/wp-content\/uploads\/2020\/08\/Digitalizar0112-A-1024x796.jpg 1024w\" sizes=\"auto, (max-width: 1377px) 100vw, 1377px\" \/><\/p>\n<p style=\"text-align: center;\">Meishu-Sama observando o Shunju-an, logo ap\u00f3s sua aquisi\u00e7\u00e3o<\/p>\n<p><img loading=\"lazy\" decoding=\"async\" class=\"aligncenter wp-image-8052 size-full\" src=\"http:\/\/www.jinsai.org\/pt-BR\/wp-content\/uploads\/2020\/08\/Digitalizar0112-B.jpg\" alt=\"\" width=\"1380\" height=\"997\" srcset=\"https:\/\/www.jinsai.org\/pt-BR\/wp-content\/uploads\/2020\/08\/Digitalizar0112-B.jpg 1380w, https:\/\/www.jinsai.org\/pt-BR\/wp-content\/uploads\/2020\/08\/Digitalizar0112-B-300x217.jpg 300w, https:\/\/www.jinsai.org\/pt-BR\/wp-content\/uploads\/2020\/08\/Digitalizar0112-B-768x555.jpg 768w, https:\/\/www.jinsai.org\/pt-BR\/wp-content\/uploads\/2020\/08\/Digitalizar0112-B-1024x740.jpg 1024w\" sizes=\"auto, (max-width: 1380px) 100vw, 1380px\" \/><\/p>\n<p style=\"text-align: center;\">Na entrada do Shunju-an, Meishu-Sama dirige-Se ao carro<\/p>\n<p><img loading=\"lazy\" decoding=\"async\" class=\"aligncenter wp-image-8053 size-full\" src=\"http:\/\/www.jinsai.org\/pt-BR\/wp-content\/uploads\/2020\/08\/Digitalizar0113.jpg\" alt=\"\" width=\"1920\" height=\"2292\" srcset=\"https:\/\/www.jinsai.org\/pt-BR\/wp-content\/uploads\/2020\/08\/Digitalizar0113.jpg 1920w, https:\/\/www.jinsai.org\/pt-BR\/wp-content\/uploads\/2020\/08\/Digitalizar0113-251x300.jpg 251w, https:\/\/www.jinsai.org\/pt-BR\/wp-content\/uploads\/2020\/08\/Digitalizar0113-768x917.jpg 768w, https:\/\/www.jinsai.org\/pt-BR\/wp-content\/uploads\/2020\/08\/Digitalizar0113-858x1024.jpg 858w\" sizes=\"auto, (max-width: 1920px) 100vw, 1920px\" \/><\/p>\n<p style=\"text-align: center;\">Terra da Tranquilidade: Meishu-Sama dando instru\u00e7\u00f5es no jardim do Shunju-an<\/p>\n<\/div>\n<\/div><\/div><div id=\"panel-8057-0-0-1\" class=\"widget_text so-panel widget_custom_html panel-last-child\" data-index=\"1\" ><div class=\"textwidget custom-html-widget\">&nbsp;\n<iframe src=\"http:\/\/www.facebook.com\/plugins\/like.php?href=   http:\/\/www.jinsai.org\/pt-BR\/sagrado\/viagem-a-kyoto-e-nara\/viagem-a-kyoto\/kyoto-terra-da-tranquilidade-trechos-de-ensinamentos&amp;%0Alayout=standard&amp;show_faces=false&amp;width=380&amp;action=like&amp;colorscheme=light&amp;height=25\" style=\"border: medium none ; ovew: hidden; width: 350px; height: 25px;\" allowtransparencyrflo=\"true\" scrolling=\"no\" frameborder=\"0\"><\/iframe><div id=\"fb-root\"><\/div>\n<script src=\"http:\/\/connect.facebook.net\/pt_BR\/all.js#appId=APP_ID&amp;xfbml=1\"><\/script><fb:comments href=\" http:\/\/www.jinsai.org\/pt-BR\/sagrado\/viagem-a-kyoto-e-nara\/viagem-a-kyoto\/kyoto-terra-da-tranquilidade-trechos-de-ensinamentos\" num_posts=\"100\" width=\"500\"><\/fb:comments><meta property=\"fb:app_id\" content=\"171964893011161\">\n\n<div id=\"fb-root\"><\/div>\n<script>(function(d, s, id) {<br \/>\n  var js, fjs = d.getElementsByTagName(s)[0];<br \/>\n  if (d.getElementById(id)) return;<br \/>\n  js = d.createElement(s); js.id = id;<br \/>\n  js.src = 'https:\/\/connect.facebook.net\/pt_BR\/sdk.js#xfbml=1&version=v3.0&appId=171964893011161&autoLogAppEvents=1';<br \/>\n  fjs.parentNode.insertBefore(js, fjs);<br \/>\n}(document, 'script', 'facebook-jssdk'));<\/script>\n<div class=\"fb-share-button\" data-href=\" http:\/\/www.jinsai.org\/pt-BR\/sagrado\/viagem-a-kyoto-e-nara\/viagem-a-kyoto\/kyoto-terra-da-tranquilidade-trechos-de-ensinamentos\" data-layout=\"button_count\" data-size=\"large\" data-mobile-iframe=\"true\"><a target=\"_blank\" href=\"https:\/\/www.facebook.com\/sharer\/sharer.php?u=http%3A%2F% http:\/\/www.jinsai.org\/pt-BR\/sagrado\/viagem-a-kyoto-e-nara\/viagem-a-kyoto\/kyoto-terra-da-tranquilidade-trechos-de-ensinamentos%2F&amp;src=sdkpreparse\" class=\"fb-xfbml-parse-ignore\">Compartilhar<\/a><\/div>\n<\/div><\/div><\/div><\/div><\/div>","protected":false},"excerpt":{"rendered":"<p>Terra da Tranquilidade, na primavera (Shunju-an)\u201c(&#8230;) Tudo \u00e9 simplesmente motivo de grande admira\u00e7\u00e3o: os prot\u00f3tipos do Para\u00edso Terrestre de Hakone e Atami, que est\u00e3o sendo constru\u00eddos atualmente; os in\u00fameros milagres vistos at\u00e9 agora e a solu\u00e7\u00e3o das dificuldades iniciais no tocante \u00e0 Terra da Tranquilidade, de Kyoto, e sua r\u00e1pida aquisi\u00e7\u00e3o. Estou espantado, pois, al\u00e9m [&hellip;]<\/p>\n","protected":false},"author":1,"featured_media":8048,"comment_status":"open","ping_status":"closed","sticky":false,"template":"","format":"standard","meta":{"footnotes":""},"categories":[60],"tags":[],"class_list":{"0":"post-8057","1":"post","2":"type-post","3":"status-publish","4":"format-standard","5":"has-post-thumbnail","6":"hentry","7":"category-viagem-a-kyoto","9":"post-with-thumbnail","10":"post-with-thumbnail-icon"},"_links":{"self":[{"href":"https:\/\/www.jinsai.org\/pt-BR\/wp-json\/wp\/v2\/posts\/8057","targetHints":{"allow":["GET"]}}],"collection":[{"href":"https:\/\/www.jinsai.org\/pt-BR\/wp-json\/wp\/v2\/posts"}],"about":[{"href":"https:\/\/www.jinsai.org\/pt-BR\/wp-json\/wp\/v2\/types\/post"}],"author":[{"embeddable":true,"href":"https:\/\/www.jinsai.org\/pt-BR\/wp-json\/wp\/v2\/users\/1"}],"replies":[{"embeddable":true,"href":"https:\/\/www.jinsai.org\/pt-BR\/wp-json\/wp\/v2\/comments?post=8057"}],"version-history":[{"count":4,"href":"https:\/\/www.jinsai.org\/pt-BR\/wp-json\/wp\/v2\/posts\/8057\/revisions"}],"predecessor-version":[{"id":8061,"href":"https:\/\/www.jinsai.org\/pt-BR\/wp-json\/wp\/v2\/posts\/8057\/revisions\/8061"}],"wp:featuredmedia":[{"embeddable":true,"href":"https:\/\/www.jinsai.org\/pt-BR\/wp-json\/wp\/v2\/media\/8048"}],"wp:attachment":[{"href":"https:\/\/www.jinsai.org\/pt-BR\/wp-json\/wp\/v2\/media?parent=8057"}],"wp:term":[{"taxonomy":"category","embeddable":true,"href":"https:\/\/www.jinsai.org\/pt-BR\/wp-json\/wp\/v2\/categories?post=8057"},{"taxonomy":"post_tag","embeddable":true,"href":"https:\/\/www.jinsai.org\/pt-BR\/wp-json\/wp\/v2\/tags?post=8057"}],"curies":[{"name":"wp","href":"https:\/\/api.w.org\/{rel}","templated":true}]}}