{"id":8191,"date":"2020-08-25T09:19:02","date_gmt":"2020-08-25T12:19:02","guid":{"rendered":"http:\/\/www.jinsai.org\/pt-BR\/?p=8191"},"modified":"2020-08-25T09:19:37","modified_gmt":"2020-08-25T12:19:37","slug":"057-a-respiracao-o-movimento-e-a-inclinacao-da-terra","status":"publish","type":"post","link":"https:\/\/www.jinsai.org\/pt-BR\/ensinamentos\/coletaneas\/coletanea-de-astronomia-e-geofisica-4-planeta-terra\/057-a-respiracao-o-movimento-e-a-inclinacao-da-terra\/","title":{"rendered":"057 &#8211; A RESPIRA\u00c7\u00c3O, O MOVIMENTO E A INCLINA\u00c7\u00c3O DA TERRA"},"content":{"rendered":"<div id=\"pl-8191\"  class=\"panel-layout\" ><div id=\"pg-8191-0\"  class=\"panel-grid panel-no-style\" ><div id=\"pgc-8191-0-0\"  class=\"panel-grid-cell\" ><div id=\"panel-8191-0-0-0\" class=\"so-panel widget_sow-editor panel-first-child\" data-index=\"0\" ><div\n\t\t\t\n\t\t\tclass=\"so-widget-sow-editor so-widget-sow-editor-base\"\n\t\t\t\n\t\t>\n<div class=\"siteorigin-widget-tinymce textwidget\">\n\t<p class=\"yiv9569293039MsoNoSpacing\" style=\"text-align: justify;\"><b>Pergunta: <\/b>1) Est\u00e1 no Ensinamento que o ver\u00e3o e o inverno chegam por meio da respira\u00e7\u00e3o da Terra, mas qual a causa das esta\u00e7\u00f5es serem opostas nos hemisf\u00e9rios Norte e Sul? 2 ) A Terra em si faz realiza algum tipo de movimento?<\/p>\n<p class=\"yiv9569293039MsoNoSpacing\" style=\"text-align: justify;\">Por favor, nos ensine sobre os assuntos acima.<\/p>\n<p class=\"yiv9569293039MsoNoSpacing\" style=\"text-align: justify;\"><b>Meishu-Sama: <\/b>A \u00e1gua atua na horizontal.\u00a0O calor da Terra atua de forma estreita, para cima e para baixo. Quando o fogo sobe a \u00e1gua desce.\u00a0A parte que sobe esquenta. Este \u00e9 o movimento de respira\u00e7\u00e3o da Terra. A tese de que a Terra n\u00e3o se movimenta \u00e9 religiosa, ela \u00e9 inclinada 23 graus.<\/p>\n<p class=\"yiv9569293039MsoNoSpacing\" style=\"text-align: right;\">18 de dezembro de 1948<\/p>\n<\/div>\n<\/div><\/div><div id=\"panel-8191-0-0-1\" class=\"widget_text so-panel widget_custom_html panel-last-child\" data-index=\"1\" ><div class=\"textwidget custom-html-widget\">&nbsp;\n<iframe src=\"http:\/\/www.facebook.com\/plugins\/like.php?href=    http:\/\/www.jinsai.org\/pt-BR\/ensinamentos\/coletaneas\/coletanea-de-astronomia-e-geofisica-4-planeta-terra\/057-a-respiracao-o-movimento-e-a-inclinacao-da-terra&amp;%0Alayout=standard&amp;show_faces=false&amp;width=380&amp;action=like&amp;colorscheme=light&amp;height=25\" style=\"border: medium none ; ovew: hidden; width: 350px; height: 25px;\" allowtransparencyrflo=\"true\" scrolling=\"no\" frameborder=\"0\"><\/iframe><div id=\"fb-root\"><\/div>\n<script src=\"http:\/\/connect.facebook.net\/pt_BR\/all.js#appId=APP_ID&amp;xfbml=1\"><\/script><fb:comments href=\"  http:\/\/www.jinsai.org\/pt-BR\/ensinamentos\/coletaneas\/coletanea-de-astronomia-e-geofisica-4-planeta-terra\/057-a-respiracao-o-movimento-e-a-inclinacao-da-terra\" num_posts=\"100\" width=\"500\"><\/fb:comments><meta property=\"fb:app_id\" content=\"171964893011161\">\n\n<div id=\"fb-root\"><\/div>\n<script>(function(d, s, id) {<br \/>\n  var js, fjs = d.getElementsByTagName(s)[0];<br \/>\n  if (d.getElementById(id)) return;<br \/>\n  js = d.createElement(s); js.id = id;<br \/>\n  js.src = 'https:\/\/connect.facebook.net\/pt_BR\/sdk.js#xfbml=1&version=v3.0&appId=171964893011161&autoLogAppEvents=1';<br \/>\n  fjs.parentNode.insertBefore(js, fjs);<br \/>\n}(document, 'script', 'facebook-jssdk'));<\/script>\n<div class=\"fb-share-button\" data-href=\"  http:\/\/www.jinsai.org\/pt-BR\/ensinamentos\/coletaneas\/coletanea-de-astronomia-e-geofisica-4-planeta-terra\/057-a-respiracao-o-movimento-e-a-inclinacao-da-terra\" data-layout=\"button_count\" data-size=\"large\" data-mobile-iframe=\"true\"><a target=\"_blank\" href=\"https:\/\/www.facebook.com\/sharer\/sharer.php?u=http%3A%2F%  http:\/\/www.jinsai.org\/pt-BR\/ensinamentos\/coletaneas\/coletanea-de-astronomia-e-geofisica-4-planeta-terra\/057-a-respiracao-o-movimento-e-a-inclinacao-da-terra%2F&amp;src=sdkpreparse\" class=\"fb-xfbml-parse-ignore\">Compartilhar<\/a><\/div>\n<\/div><\/div><\/div><\/div><\/div>","protected":false},"excerpt":{"rendered":"<p>Pergunta: 1) Est\u00e1 no Ensinamento que o ver\u00e3o e o inverno chegam por meio da respira\u00e7\u00e3o da Terra, mas qual a causa das esta\u00e7\u00f5es serem opostas nos hemisf\u00e9rios Norte e Sul? 2 ) A Terra em si faz realiza algum tipo de movimento? Por favor, nos ensine sobre os assuntos acima. Meishu-Sama: A \u00e1gua atua [&hellip;]<\/p>\n","protected":false},"author":1,"featured_media":8192,"comment_status":"open","ping_status":"closed","sticky":false,"template":"","format":"standard","meta":{"footnotes":""},"categories":[31],"tags":[],"class_list":{"0":"post-8191","1":"post","2":"type-post","3":"status-publish","4":"format-standard","5":"has-post-thumbnail","6":"hentry","7":"category-coletanea-de-astronomia-e-geofisica-4-planeta-terra","9":"post-with-thumbnail","10":"post-with-thumbnail-icon"},"_links":{"self":[{"href":"https:\/\/www.jinsai.org\/pt-BR\/wp-json\/wp\/v2\/posts\/8191","targetHints":{"allow":["GET"]}}],"collection":[{"href":"https:\/\/www.jinsai.org\/pt-BR\/wp-json\/wp\/v2\/posts"}],"about":[{"href":"https:\/\/www.jinsai.org\/pt-BR\/wp-json\/wp\/v2\/types\/post"}],"author":[{"embeddable":true,"href":"https:\/\/www.jinsai.org\/pt-BR\/wp-json\/wp\/v2\/users\/1"}],"replies":[{"embeddable":true,"href":"https:\/\/www.jinsai.org\/pt-BR\/wp-json\/wp\/v2\/comments?post=8191"}],"version-history":[{"count":6,"href":"https:\/\/www.jinsai.org\/pt-BR\/wp-json\/wp\/v2\/posts\/8191\/revisions"}],"predecessor-version":[{"id":8198,"href":"https:\/\/www.jinsai.org\/pt-BR\/wp-json\/wp\/v2\/posts\/8191\/revisions\/8198"}],"wp:featuredmedia":[{"embeddable":true,"href":"https:\/\/www.jinsai.org\/pt-BR\/wp-json\/wp\/v2\/media\/8192"}],"wp:attachment":[{"href":"https:\/\/www.jinsai.org\/pt-BR\/wp-json\/wp\/v2\/media?parent=8191"}],"wp:term":[{"taxonomy":"category","embeddable":true,"href":"https:\/\/www.jinsai.org\/pt-BR\/wp-json\/wp\/v2\/categories?post=8191"},{"taxonomy":"post_tag","embeddable":true,"href":"https:\/\/www.jinsai.org\/pt-BR\/wp-json\/wp\/v2\/tags?post=8191"}],"curies":[{"name":"wp","href":"https:\/\/api.w.org\/{rel}","templated":true}]}}