{"id":8266,"date":"2020-09-10T09:00:15","date_gmt":"2020-09-10T12:00:15","guid":{"rendered":"http:\/\/www.jinsai.org\/pt-BR\/?p=8266"},"modified":"2020-09-10T09:00:16","modified_gmt":"2020-09-10T12:00:16","slug":"a-educacao-musical-e-os-nossos-ensinamentos-a-purificacao-do-espirito-e-a-voz","status":"publish","type":"post","link":"https:\/\/www.jinsai.org\/pt-BR\/ensinamentos\/arte\/a-educacao-musical-e-os-nossos-ensinamentos-a-purificacao-do-espirito-e-a-voz\/","title":{"rendered":"A EDUCA\u00c7\u00c3O MUSICAL E OS NOSSOS ENSINAMENTOS (A PURIFICA\u00c7\u00c3O DO ESP\u00cdRITO E A VOZ)"},"content":{"rendered":"<div id=\"pl-8266\"  class=\"panel-layout\" ><div id=\"pg-8266-0\"  class=\"panel-grid panel-no-style\" ><div id=\"pgc-8266-0-0\"  class=\"panel-grid-cell\" ><div id=\"panel-8266-0-0-0\" class=\"so-panel widget_sow-editor panel-first-child\" data-index=\"0\" ><div\n\t\t\t\n\t\t\tclass=\"so-widget-sow-editor so-widget-sow-editor-base\"\n\t\t\t\n\t\t>\n<div class=\"siteorigin-widget-tinymce textwidget\">\n\t<p style=\"text-align: justify;\"><strong>Pergunta:<\/strong> Tanto os professores como os fi\u00e9is t\u00eam vozes maravilhosas. Que coisa maravilhosa foi ouvir soarem os acordes entoados por todas as pessoas ali reunidas! Acho que a mente da pessoa que sentiu esta beleza se encontra no Para\u00edso Terrestre. Que acha da educa\u00e7\u00e3o musical aos fi\u00e9is (n\u00e3o depois que entrarmos para a Era de Miroku, mas nesta Era?)<\/p>\n<p style=\"text-align: justify;\"><strong>Meishu-Sama:<\/strong> Gostaria de desenvolver a educa\u00e7\u00e3o musical, mas h\u00e1 coisas mais necess\u00e1rias, tais como (a quest\u00e3o de) educa\u00e7\u00e3o espiritualista de agora. Seja na m\u00fasica, seja em outras artes, a educa\u00e7\u00e3o deve ter como base a educa\u00e7\u00e3o espiritualista. Em breve o faremos intensamente. Se o esp\u00edrito for purificado, a voz tamb\u00e9m fica bonita.<\/p>\n<p style=\"text-align: right;\">Complemento da Cole\u00e7\u00e3o de Palestras 262<\/p>\n<p style=\"text-align: right;\">05 de agosto de 1949<\/p>\n<\/div>\n<\/div><\/div><div id=\"panel-8266-0-0-1\" class=\"widget_text so-panel widget_custom_html panel-last-child\" data-index=\"1\" ><div class=\"textwidget custom-html-widget\">&nbsp;\n<iframe src=\"http:\/\/www.facebook.com\/plugins\/like.php?href=    http:\/\/www.jinsai.org\/pt-BR\/ensinamentos\/arte\/a-educacao-musical-e-os-nossos-ensinamentos-a-purificacao-do-espirito-e-a-voz&amp;%0Alayout=standard&amp;show_faces=false&amp;width=380&amp;action=like&amp;colorscheme=light&amp;height=25\" style=\"border: medium none ; ovew: hidden; width: 350px; height: 25px;\" allowtransparencyrflo=\"true\" scrolling=\"no\" frameborder=\"0\"><\/iframe><div id=\"fb-root\"><\/div>\n<script src=\"http:\/\/connect.facebook.net\/pt_BR\/all.js#appId=APP_ID&amp;xfbml=1\"><\/script><fb:comments href=\"  http:\/\/www.jinsai.org\/pt-BR\/ensinamentos\/arte\/a-educacao-musical-e-os-nossos-ensinamentos-a-purificacao-do-espirito-e-a-voz\" num_posts=\"100\" width=\"500\"><\/fb:comments><meta property=\"fb:app_id\" content=\"171964893011161\">\n\n<div id=\"fb-root\"><\/div>\n<script>(function(d, s, id) {<br \/>\n  var js, fjs = d.getElementsByTagName(s)[0];<br \/>\n  if (d.getElementById(id)) return;<br \/>\n  js = d.createElement(s); js.id = id;<br \/>\n  js.src = 'https:\/\/connect.facebook.net\/pt_BR\/sdk.js#xfbml=1&version=v3.0&appId=171964893011161&autoLogAppEvents=1';<br \/>\n  fjs.parentNode.insertBefore(js, fjs);<br \/>\n}(document, 'script', 'facebook-jssdk'));<\/script>\n<div class=\"fb-share-button\" data-href=\"  http:\/\/www.jinsai.org\/pt-BR\/ensinamentos\/arte\/a-educacao-musical-e-os-nossos-ensinamentos-a-purificacao-do-espirito-e-a-voz\" data-layout=\"button_count\" data-size=\"large\" data-mobile-iframe=\"true\"><a target=\"_blank\" href=\"https:\/\/www.facebook.com\/sharer\/sharer.php?u=http%3A%2F%  http:\/\/www.jinsai.org\/pt-BR\/ensinamentos\/arte\/a-educacao-musical-e-os-nossos-ensinamentos-a-purificacao-do-espirito-e-a-voz%2F&amp;src=sdkpreparse\" class=\"fb-xfbml-parse-ignore\">Compartilhar<\/a><\/div>\n<\/div><\/div><\/div><\/div><\/div>","protected":false},"excerpt":{"rendered":"<p>Pergunta: Tanto os professores como os fi\u00e9is t\u00eam vozes maravilhosas. Que coisa maravilhosa foi ouvir soarem os acordes entoados por todas as pessoas ali reunidas! Acho que a mente da pessoa que sentiu esta beleza se encontra no Para\u00edso Terrestre. Que acha da educa\u00e7\u00e3o musical aos fi\u00e9is (n\u00e3o depois que entrarmos para a Era de [&hellip;]<\/p>\n","protected":false},"author":1,"featured_media":1480,"comment_status":"open","ping_status":"closed","sticky":false,"template":"","format":"standard","meta":{"footnotes":""},"categories":[8],"tags":[],"class_list":{"0":"post-8266","1":"post","2":"type-post","3":"status-publish","4":"format-standard","5":"has-post-thumbnail","6":"hentry","7":"category-arte","9":"post-with-thumbnail","10":"post-with-thumbnail-icon"},"_links":{"self":[{"href":"https:\/\/www.jinsai.org\/pt-BR\/wp-json\/wp\/v2\/posts\/8266","targetHints":{"allow":["GET"]}}],"collection":[{"href":"https:\/\/www.jinsai.org\/pt-BR\/wp-json\/wp\/v2\/posts"}],"about":[{"href":"https:\/\/www.jinsai.org\/pt-BR\/wp-json\/wp\/v2\/types\/post"}],"author":[{"embeddable":true,"href":"https:\/\/www.jinsai.org\/pt-BR\/wp-json\/wp\/v2\/users\/1"}],"replies":[{"embeddable":true,"href":"https:\/\/www.jinsai.org\/pt-BR\/wp-json\/wp\/v2\/comments?post=8266"}],"version-history":[{"count":4,"href":"https:\/\/www.jinsai.org\/pt-BR\/wp-json\/wp\/v2\/posts\/8266\/revisions"}],"predecessor-version":[{"id":8270,"href":"https:\/\/www.jinsai.org\/pt-BR\/wp-json\/wp\/v2\/posts\/8266\/revisions\/8270"}],"wp:featuredmedia":[{"embeddable":true,"href":"https:\/\/www.jinsai.org\/pt-BR\/wp-json\/wp\/v2\/media\/1480"}],"wp:attachment":[{"href":"https:\/\/www.jinsai.org\/pt-BR\/wp-json\/wp\/v2\/media?parent=8266"}],"wp:term":[{"taxonomy":"category","embeddable":true,"href":"https:\/\/www.jinsai.org\/pt-BR\/wp-json\/wp\/v2\/categories?post=8266"},{"taxonomy":"post_tag","embeddable":true,"href":"https:\/\/www.jinsai.org\/pt-BR\/wp-json\/wp\/v2\/tags?post=8266"}],"curies":[{"name":"wp","href":"https:\/\/api.w.org\/{rel}","templated":true}]}}