{"id":837,"date":"2018-06-22T12:34:35","date_gmt":"2018-06-22T15:34:35","guid":{"rendered":"http:\/\/www.jinsai.org\/pt-BR\/?p=837"},"modified":"2018-06-22T12:34:35","modified_gmt":"2018-06-22T15:34:35","slug":"quem-e-o-salvador","status":"publish","type":"post","link":"https:\/\/www.jinsai.org\/pt-BR\/meishu-sama\/historia\/quem-e-o-salvador\/","title":{"rendered":"QUEM \u00c9 O SALVADOR?"},"content":{"rendered":"<p class=\"style3 style53\" style=\"text-align: justify;\"><span style=\"color: #000000;\">Acho o t\u00edtulo acima bem inusitado, e sem d\u00favida os leitores pensar\u00e3o da mesma forma. A prop\u00f3sito dele, pretendo fazer uma an\u00e1lise psicol\u00f3gica da minha pessoa. Gostaria, por\u00e9m, de deixar claro que se trata de uma an\u00e1lise objetiva do meu interior e que n\u00e3o h\u00e1 nada inventado ou fict\u00edcio. Portanto, espero que leiam com esse esp\u00edrito. <\/span><\/p>\n<p class=\"style3 style53\" style=\"text-align: justify;\"><span style=\"color: #000000;\">A palavra Messias, ou seja, Salvador, \u00e9 muito usada no mundo inteiro, sem distin\u00e7\u00e3o de tempo e de lugar, tanto no Ocidente como no Oriente. Com exce\u00e7\u00e3o de uma parcela de pessoas religiosas, a grande maioria considera que a vinda ou o nascimento do Salvador t\u00e3o esperado, possuidor de poder sobre-humano, n\u00e3o passa de um grande sonho, ou uma grande esperan\u00e7a ut\u00f3pica. \u00c9 verdade que j\u00e1 apareceram pessoas que se autoproclamavam Messias, mas, com o passar do tempo, acabaram desaparecendo, donde se conclui que ainda n\u00e3o surgiu o verdadeiro Salvador. <\/span><\/p>\n<p class=\"style3 style53\" style=\"text-align: justify;\"><span style=\"color: #000000;\">Devo confessar que n\u00e3o gosto de afirmar que sou o Salvador, mas por outro lado tamb\u00e9m n\u00e3o posso dizer que n\u00e3o o seja. Sendo algo t\u00e3o s\u00e9rio, in\u00e9dito em toda a Hist\u00f3ria da humanidade, a vinda do Salvador \u00e9 um assunto que n\u00e3o pode ser discutido de maneira leviana. Contudo, n\u00e3o se pode tamb\u00e9m afirmar que se trate apenas de um sonho, nem deixar de acreditar na sua viabilidade, pois a Segunda Vinda do Cristo, a Vinda do Messias e o Nascimento de Miroku foram previstos por grandes profetas e santos. <\/span><\/p>\n<p class=\"style3 style53\" style=\"text-align: justify;\"><span style=\"color: #000000;\">H\u00e1 muito tempo venho pensando na condi\u00e7\u00e3o n\u00famero um que deve ser preenchida pelo Salvador. Antes de tudo, ele deve ter for\u00e7a para livrar as pessoas das doen\u00e7as. Por conseguinte, al\u00e9m de conceder-lhes o m\u00e9todo absoluto para obterem plena sa\u00fade e completarem o tempo de vida que lhes foi predestinado, ele deve possuir for\u00e7a para a concretiza\u00e7\u00e3o desse objetivo. Essa \u00e9 a qualifica\u00e7\u00e3o fundamental do Salvador. <\/span><\/p>\n<p class=\"style3 style53\" style=\"text-align: justify;\"><span style=\"color: #000000;\">\u00c9 \u00f3bvio que a sa\u00fade do corpo deve acompanhar a sa\u00fade do esp\u00edrito. Cristo disse que de nada adianta o homem ganhar o mundo se vier a perder a vida. Parece-nos que essa afirmativa evidencia a verdade acima. Assim, as religi\u00f5es e os l\u00edderes religiosos que n\u00e3o possuem for\u00e7a para eliminar as doen\u00e7as da humanidade t\u00eam valor limitado. Eu sempre abracei essa tese, e certo dia, mais de dez anos ap\u00f3s entrar na vida da f\u00e9, obtive conhecimento sobre o princ\u00edpio fundamental das doen\u00e7as e a sua solu\u00e7\u00e3o. Ah, ningu\u00e9m poder\u00e1 imaginar o espanto e a alegria que senti naquela hora, pois nunca ningu\u00e9m fizera uma descoberta t\u00e3o importante! Se a compararmos com as grandes descobertas ou as grandes inven\u00e7\u00f5es, estas n\u00e3o chegariam a seus p\u00e9s. <\/span><\/p>\n<p class=\"style3 style53\" style=\"text-align: justify;\"><span style=\"color: #000000;\">Realmente eu sou uma pessoa que nasceu com um destino misterioso. <\/span><\/p>\n<p class=\"style3 style53\" style=\"text-align: right;\">\n<p class=\"style3 style53\" style=\"text-align: right;\"><span style=\"color: #000000;\">20 de outubro de 1948 <\/span><\/p>\n<p>&nbsp;<\/p>\n","protected":false},"excerpt":{"rendered":"<p>Acho o t\u00edtulo acima bem inusitado, e sem d\u00favida os leitores pensar\u00e3o da mesma forma. A prop\u00f3sito dele, pretendo fazer uma an\u00e1lise psicol\u00f3gica da minha pessoa. Gostaria, por\u00e9m, de deixar claro que se trata de uma an\u00e1lise objetiva do meu interior e que n\u00e3o h\u00e1 nada inventado ou fict\u00edcio. Portanto, espero que leiam com esse [&hellip;]<\/p>\n","protected":false},"author":1,"featured_media":0,"comment_status":"closed","ping_status":"closed","sticky":false,"template":"","format":"standard","meta":{"footnotes":""},"categories":[11],"tags":[],"class_list":["post-837","post","type-post","status-publish","format-standard","hentry","category-historia"],"_links":{"self":[{"href":"https:\/\/www.jinsai.org\/pt-BR\/wp-json\/wp\/v2\/posts\/837","targetHints":{"allow":["GET"]}}],"collection":[{"href":"https:\/\/www.jinsai.org\/pt-BR\/wp-json\/wp\/v2\/posts"}],"about":[{"href":"https:\/\/www.jinsai.org\/pt-BR\/wp-json\/wp\/v2\/types\/post"}],"author":[{"embeddable":true,"href":"https:\/\/www.jinsai.org\/pt-BR\/wp-json\/wp\/v2\/users\/1"}],"replies":[{"embeddable":true,"href":"https:\/\/www.jinsai.org\/pt-BR\/wp-json\/wp\/v2\/comments?post=837"}],"version-history":[{"count":1,"href":"https:\/\/www.jinsai.org\/pt-BR\/wp-json\/wp\/v2\/posts\/837\/revisions"}],"predecessor-version":[{"id":838,"href":"https:\/\/www.jinsai.org\/pt-BR\/wp-json\/wp\/v2\/posts\/837\/revisions\/838"}],"wp:attachment":[{"href":"https:\/\/www.jinsai.org\/pt-BR\/wp-json\/wp\/v2\/media?parent=837"}],"wp:term":[{"taxonomy":"category","embeddable":true,"href":"https:\/\/www.jinsai.org\/pt-BR\/wp-json\/wp\/v2\/categories?post=837"},{"taxonomy":"post_tag","embeddable":true,"href":"https:\/\/www.jinsai.org\/pt-BR\/wp-json\/wp\/v2\/tags?post=837"}],"curies":[{"name":"wp","href":"https:\/\/api.w.org\/{rel}","templated":true}]}}