{"id":843,"date":"2018-06-22T12:38:03","date_gmt":"2018-06-22T15:38:03","guid":{"rendered":"http:\/\/www.jinsai.org\/pt-BR\/?p=843"},"modified":"2019-08-13T23:25:57","modified_gmt":"2019-08-14T02:25:57","slug":"o-heroi-da-paz","status":"publish","type":"post","link":"https:\/\/www.jinsai.org\/pt-BR\/meishu-sama\/historia\/o-heroi-da-paz\/","title":{"rendered":"O HER\u00d3I DA PAZ"},"content":{"rendered":"<p class=\"style3 style53\" style=\"text-align: justify;\">Atualmente, s\u00f3 de ouvir a palavra &#8220;her\u00f3i&#8221; algumas pessoas sentem uma esp\u00e9cie de admira\u00e7\u00e3o. Por outro lado, existem outras, como eu, que sentem uma certa rejei\u00e7\u00e3o, porque essa palavra lhes inspira um pouco de tristeza. Como podemos ver atrav\u00e9s da Hist\u00f3ria, por tr\u00e1s das magn\u00edficas realiza\u00e7\u00f5es dos her\u00f3is, est\u00e3o ocultos os crimes que eles cometeram, fazendo do povo de sua \u00e9poca uma v\u00edtima de seus desejos ego\u00edstas e causando-lhe, conseq\u00fcentemente, grandes preju\u00edzos. S\u00e3o fatos que n\u00e3o podemos ignorar e tampouco apagar da nossa mem\u00f3ria. N\u00e3o obstante, devemos agradecer-lhes os temas que proporcionaram \u00e0 literatura, ao teatro, ao cinema, etc., e que tanto t\u00eam contribu\u00eddo para o nosso deleite.<\/p>\n<p class=\"style3 style53\" style=\"text-align: justify;\">N\u00e3o levando em conta o aspecto art\u00edstico, parece que o mundo confunde her\u00f3i com grande personagem. Cristo, Sakyamuni e Maom\u00e9, por exemplo, s\u00e3o realmente grandes religiosos, mas n\u00e3o s\u00e3o her\u00f3is. Se pensarmos um pouco, poderemos entender que a diferen\u00e7a est\u00e1 em suas realiza\u00e7\u00f5es. \u00c9 desnecess\u00e1rio dizer que esses tr\u00eas grandes religiosos tentaram, a qualquer pre\u00e7o, salvar a humanidade, mas salvar no sentido espiritual. Assim, comparando suas realiza\u00e7\u00f5es \u00e0s da Ci\u00eancia, torna-se evidente que o m\u00e9rito da constru\u00e7\u00e3o da magn\u00edfica civiliza\u00e7\u00e3o atual pertence a esta \u00faltima.<\/p>\n<p class=\"style3 style53\" style=\"text-align: justify;\">Isso \u00e9 apenas o aspecto que veio \u00e0 tona e se tornou percept\u00edvel, mas n\u00e3o podemos deixar passar despercebidas as atividades dos religiosos no outro aspecto da quest\u00e3o. O que acontece \u00e9 que, n\u00e3o sendo vis\u00edveis, elas n\u00e3o atra\u00edram muita aten\u00e7\u00e3o. Muito pelo contr\u00e1rio: vieram sendo interpretadas erroneamente, como se fossem coisas separadas, e n\u00e3o se pode imaginar quanta infelicidade isso causou aos seres humanos. Na realidade, \u00e9 justamente com a for\u00e7a dos dois lados &#8211; mat\u00e9ria e esp\u00edrito, frente e verso, luz e sombra &#8211; que a civiliza\u00e7\u00e3o p\u00f4de alcan\u00e7ar o n\u00edvel atual. Naturalmente, isto foi obra da Provid\u00eancia de Deus. Em termos humanos, o progresso da parte material pode ser considerado como contribui\u00e7\u00e3o dos her\u00f3is e cientistas, e o da parte espiritual, fruto da realiza\u00e7\u00e3o dos grandes religiosos.<\/p>\n<p class=\"style3 style53\" style=\"text-align: justify;\">Todavia, embora a civiliza\u00e7\u00e3o tenha alcan\u00e7ado t\u00e3o grande progresso, n\u00e3o podemos esperar que ela v\u00e1 al\u00e9m disso. Significa que a civiliza\u00e7\u00e3o chegou a um beco sem sa\u00edda. Realmente, como podemos constatar, a infelicidade e a intranquilidade dos homens aumentam a cada dia; se continuar assim, nem poderemos ter ideia de quando vir\u00e1 o mundo de Paz e Felicidade, que \u00e9 o ideal de todos os seres humanos. Consequentemente, faz-se necess\u00e1ria a constru\u00e7\u00e3o de uma civiliza\u00e7\u00e3o ainda mais elevada, atrav\u00e9s de um grande salto da civiliza\u00e7\u00e3o atual. Por grande felicidade, este momento chegou. Deus mostrou-me claramente os fundamentos desse Mundo Ideal e atribuiu-me um grande poder, de modo que j\u00e1 comecei a executar a sua constru\u00e7\u00e3o. Talvez as pessoas se espantem com as minhas palavras e cheguem a pensar que se trata de autoelogio, mas n\u00e3o tenho outra alternativa, porque o que estou dizendo \u00e9 a pura verdade. Observando a transforma\u00e7\u00e3o que se processar\u00e1 no mundo daqui para frente e o desenvolvimento paralelo de meus trabalhos, poder\u00e3o entender que n\u00e3o estou mentindo.<\/p>\n<p class=\"style3 style53\" style=\"text-align: justify;\">Retrocedendo ao que dizia antes, falarei mais um pouco sobre a Ci\u00eancia e a Religi\u00e3o.<\/p>\n<p class=\"style3 style53\" style=\"text-align: justify;\">At\u00e9 hoje, os fundamentos das religi\u00f5es eram de car\u00e1ter <em>shojo<\/em>, isto \u00e9, as prega\u00e7\u00f5es dos fundadores n\u00e3o eram muito profundas. Poder\u00e3o certificar-se disso observando que sempre houve muita hesita\u00e7\u00e3o e que a verdadeira Paz e Ilumina\u00e7\u00e3o n\u00e3o foram alcan\u00e7adas. Isso era inevit\u00e1vel, devido ao Tempo. Mas Deus revelou-me at\u00e9 os fundamentos absolutos e infinitos, s\u00f3 que n\u00e3o me \u00e9 permitido exp\u00f4-los agora, raz\u00e3o pela qual escrevo apenas at\u00e9 certo ponto.<\/p>\n<p class=\"style3 style53\" style=\"text-align: justify;\">A esse respeito, como podemos ver pelas religi\u00f5es tradicionais, geralmente as religi\u00f5es se utilizam de dois meios de salva\u00e7\u00e3o: os Ensinamentos Sagrados, atrav\u00e9s das escrituras, e os serm\u00f5es, atrav\u00e9s das palavras.<\/p>\n<p class=\"style3 style53\" style=\"text-align: justify;\">Al\u00e9m das religi\u00f5es, restam-nos, como heran\u00e7a principal de nossos antepassados, o desbravamento de matas e terras, constru\u00e7\u00f5es, objetos art\u00edsticos, etc. Entretanto, quando fa\u00e7o uma an\u00e1lise mais profunda, vejo que \u00e9 imperioso o aparecimento de uma for\u00e7a com capacidade para liderar o mundo daqui para frente.<\/p>\n<p class=\"style3 style53\" style=\"text-align: justify;\">Agora, torna-se necess\u00e1rio que eu fale a meu respeito. Como todos sabem, escolhi tr\u00eas locais para Solo Sagrado &#8211; Hakone, Atami e Kyoto, no Jap\u00e3o &#8211; lugares extremamente apraz\u00edveis, onde estou construindo, atualmente, um pequeno prot\u00f3tipo do Para\u00edso Terrestre. Meu objetivo \u00e9 criar um ambiente paradis\u00edaco cujas caracter\u00edsticas internas e externas estejam harmonizadas: enormes jardins com a beleza das montanhas e das \u00e1guas, um pal\u00e1cio das belas-artes, constru\u00e7\u00f5es in\u00e9ditas entre as religi\u00f5es, etc. Dedico-me, tamb\u00e9m, ao desenvolvimento revolucion\u00e1rio da medicina e da agricultura; al\u00e9m disso, atrav\u00e9s de infinitos e fabulosos milagres, empenho-me em fazer com que o homem se conscientize da exist\u00eancia de Deus. Enfim, fa\u00e7o difus\u00e3o religiosa por m\u00e9todos ainda n\u00e3o explorados, ainda n\u00e3o utilizados por nenhum homem. Estas atividades constituem o important\u00edssimo alicerce do mundo de perfeita Verdade, Bem e Belo.<\/p>\n<p class=\"style3 style53\" style=\"text-align: justify;\">Gostaria de acrescentar que todas as atividades de constru\u00e7\u00e3o a serem realizadas de agora em diante, da primeira \u00e0 \u00faltima, j\u00e1 est\u00e3o elaboradas na minha mente, s\u00f3 restando esperar pelo tempo certo. Com o passar do tempo, tudo ir\u00e1 se concretizando. Trata-se de um plano por demais grandioso; pode-se dizer que \u00e9 a cria\u00e7\u00e3o da nova civiliza\u00e7\u00e3o mundial.<\/p>\n<p class=\"style3 style53\" style=\"text-align: justify;\">Como se pode ver, a Igreja Sekai Meshiya Kyo n\u00e3o \u00e9 propriamente uma religi\u00e3o, e n\u00e3o estamos conseguindo sequer dar-lhe um nome adequado. Al\u00e9m do mais, tudo veio se concretizando conforme o Plano de Deus; chega mesmo a assustar-me a exatid\u00e3o com que isso vem se processando. Iniciada como religi\u00e3o em agosto de 1947, nossa Igreja conseguiu, em apenas seis anos, a magn\u00edfica expans\u00e3o que vemos atualmente. Se observarmos que ela conseguiu tamanho progresso enfrentando a press\u00e3o das autoridades, a incompreens\u00e3o dos jornalistas e os mais variados obst\u00e1culos durante esse per\u00edodo, teremos de admitir que isso n\u00e3o seja obra do homem. Naturalmente, daqui por diante, continuaremos caminhando de acordo com o programa definido por Deus e, dessa forma, um dia se descortinar\u00e1 o grande Drama Divino que tem o mundo como palco. A esse simples pensamento, sentimo-nos tomados de grande interesse e curiosidade. Al\u00e9m disso, doravante se evidenciar\u00e3o, uns ap\u00f3s outros, milagres surpreendentes e cenas de euf\u00f3rica alegria. Portanto, desejo que aguardem com muita aten\u00e7\u00e3o.<\/p>\n<p class=\"style3 style53\" style=\"text-align: justify;\">Em suma, eu me considero o Her\u00f3i da Paz.<\/p>\n<p class=\"style3 style53\" style=\"text-align: right;\"><span style=\"color: #000000;\"> 11 de mar\u00e7o de 1953<\/span><\/p>\n<p>&nbsp;<\/p>\n<p><iframe src=\"http:\/\/www.facebook.com\/plugins\/like.php?href=https:\/\/www.jinsai.org\/pt-BR\/meishu-sama-historia\/o-heroi-da-paz\/&amp;%0Alayout=standard&amp;show_faces=false&amp;width=380&amp;action=like&amp;colorscheme=light&amp;height=25\" style=\"border: medium none ; overflow: hidden; width: 350px; height: 25px;\" allowtransparency=\"true\" frameborder=\"0\" scrolling=\"no\"><\/iframe><\/p>\n<div id=\"fb-root\"><\/div>\n<p><script src=\"http:\/\/connect.facebook.net\/pt_BR\/all.js#appId=APP_ID&amp;xfbml=1\"><\/script><fb:comments href=\"https:\/\/www.jinsai.org\/pt-BR\/meishu-sama-historia\/o-heroi-da-paz\/\" num_posts=\"100\" width=\"500\"><\/fb:comments><meta property=\"fb:app_id\" content=\"171964893011161\"><\/p>\n<div id=\"fb-root\"><\/div>\n<p><script>(function(d, s, id) {<br \/>\n  var js, fjs = d.getElementsByTagName(s)[0];<br \/>\n  if (d.getElementById(id)) return;<br \/>\n  js = d.createElement(s); js.id = id;<br \/>\n  js.src = 'https:\/\/connect.facebook.net\/pt_BR\/sdk.js#xfbml=1&version=v3.0&appId=171964893011161&autoLogAppEvents=1';<br \/>\n  fjs.parentNode.insertBefore(js, fjs);<br \/>\n}(document, 'script', 'facebook-jssdk'));<\/script><\/p>\n<div class=\"fb-share-button\" data-href=\"https:\/\/www.jinsai.org\/pt-BR\/meishu-sama-historia\/o-heroi-da-paz\/\" data-layout=\"button_count\" data-size=\"large\" data-mobile-iframe=\"true\"><a target=\"_blank\" href=\"https:\/\/www.facebook.com\/sharer\/sharer.php?u=http%3A%2F%2Fwww.jinsai.org%2Fpt-BR%2Fmeishu-sama-historia%2Fo-heroi-da-paz%2F&amp;src=sdkpreparse\" class=\"fb-xfbml-parse-ignore\" rel=\"noopener noreferrer\">Compartilhar<\/a><\/div>\n","protected":false},"excerpt":{"rendered":"<p>Atualmente, s\u00f3 de ouvir a palavra &#8220;her\u00f3i&#8221; algumas pessoas sentem uma esp\u00e9cie de admira\u00e7\u00e3o. Por outro lado, existem outras, como eu, que sentem uma certa rejei\u00e7\u00e3o, porque essa palavra lhes inspira um pouco de tristeza. Como podemos ver atrav\u00e9s da Hist\u00f3ria, por tr\u00e1s das magn\u00edficas realiza\u00e7\u00f5es dos her\u00f3is, est\u00e3o ocultos os crimes que eles cometeram, [&hellip;]<\/p>\n","protected":false},"author":1,"featured_media":1965,"comment_status":"closed","ping_status":"closed","sticky":false,"template":"","format":"standard","meta":{"footnotes":""},"categories":[11],"tags":[],"class_list":{"0":"post-843","1":"post","2":"type-post","3":"status-publish","4":"format-standard","5":"has-post-thumbnail","6":"hentry","7":"category-historia","9":"post-with-thumbnail","10":"post-with-thumbnail-icon"},"_links":{"self":[{"href":"https:\/\/www.jinsai.org\/pt-BR\/wp-json\/wp\/v2\/posts\/843","targetHints":{"allow":["GET"]}}],"collection":[{"href":"https:\/\/www.jinsai.org\/pt-BR\/wp-json\/wp\/v2\/posts"}],"about":[{"href":"https:\/\/www.jinsai.org\/pt-BR\/wp-json\/wp\/v2\/types\/post"}],"author":[{"embeddable":true,"href":"https:\/\/www.jinsai.org\/pt-BR\/wp-json\/wp\/v2\/users\/1"}],"replies":[{"embeddable":true,"href":"https:\/\/www.jinsai.org\/pt-BR\/wp-json\/wp\/v2\/comments?post=843"}],"version-history":[{"count":4,"href":"https:\/\/www.jinsai.org\/pt-BR\/wp-json\/wp\/v2\/posts\/843\/revisions"}],"predecessor-version":[{"id":4838,"href":"https:\/\/www.jinsai.org\/pt-BR\/wp-json\/wp\/v2\/posts\/843\/revisions\/4838"}],"wp:featuredmedia":[{"embeddable":true,"href":"https:\/\/www.jinsai.org\/pt-BR\/wp-json\/wp\/v2\/media\/1965"}],"wp:attachment":[{"href":"https:\/\/www.jinsai.org\/pt-BR\/wp-json\/wp\/v2\/media?parent=843"}],"wp:term":[{"taxonomy":"category","embeddable":true,"href":"https:\/\/www.jinsai.org\/pt-BR\/wp-json\/wp\/v2\/categories?post=843"},{"taxonomy":"post_tag","embeddable":true,"href":"https:\/\/www.jinsai.org\/pt-BR\/wp-json\/wp\/v2\/tags?post=843"}],"curies":[{"name":"wp","href":"https:\/\/api.w.org\/{rel}","templated":true}]}}