{"id":853,"date":"2018-06-22T12:48:00","date_gmt":"2018-06-22T15:48:00","guid":{"rendered":"http:\/\/www.jinsai.org\/pt-BR\/?p=853"},"modified":"2018-07-05T10:54:23","modified_gmt":"2018-07-05T13:54:23","slug":"sou-um-cientista-em-religiao","status":"publish","type":"post","link":"https:\/\/www.jinsai.org\/pt-BR\/meishu-sama\/historia\/sou-um-cientista-em-religiao\/","title":{"rendered":"SOU UM CIENTISTA EM RELIGI\u00c3O"},"content":{"rendered":"<p class=\"style3 style53\" style=\"text-align: justify;\">Se eu, um religioso, disser que sou tamb\u00e9m cientista, todos estranhar\u00e3o, mas estou certo de que, ao t\u00e9rmino desta leitura, h\u00e3o de concordar comigo.<\/p>\n<p class=\"style3 style53\" style=\"text-align: justify;\">Sempre digo que a Ci\u00eancia atual ainda est\u00e1 num n\u00edvel muito baixo, nem podendo ser considerada como Ci\u00eancia. Sua import\u00e2ncia reside, sem d\u00favida, na descoberta e no estudo de corpos microsc\u00f3picos. \u00c9 claro que isso se deve ao aperfei\u00e7oamento do microsc\u00f3pio, gra\u00e7as ao qual o avan\u00e7o nesse estudo \u00e9 impressionante. Conseguem-se distinguir corp\u00fasculos extremamente pequenos, fra\u00e7\u00f5es da ordem de um mil\u00e9simo, milion\u00e9simo ou bilion\u00e9simo. Trata-se de um avan\u00e7o cont\u00ednuo, chegando-se ao extremo do microsc\u00f3pico; atualmente se est\u00e1 quase prestes a entrar no mundo do infinito. A palavra ess\u00eancia, muito empregada ultimamente, deve estar indicando esse mundo.<\/p>\n<p class=\"style3 style53\" style=\"text-align: justify;\">\u00c9 evidente que o conhecimento do mundo do infinito n\u00e3o se deve a experi\u00eancias de natureza cient\u00edfica; entretanto, ao aprofundar-se nos estudos cient\u00edficos, o homem levantou uma tese hipot\u00e9tica sobre ele, baseada na dedu\u00e7\u00e3o. Se n\u00e3o fosse assim, acabar-se-ia num beco-sem-sa\u00edda. Ora, o mundo a que nos referimos \u00e9 justamente o Mundo Espiritual, o que significa que a Ci\u00eancia, finalmente, est\u00e1 chegando ao lugar certo. Dessa maneira, deixando de lado os subterf\u00fagios, ela, que por tanto tempo insistiu em negar a exist\u00eancia do esp\u00edrito, acabou derrotada. Caso venha a apreender essa ess\u00eancia, que \u00e9 o esp\u00edrito, com precis\u00e3o, elevar-se-\u00e1 a um n\u00edvel mais alto e ter\u00e1 dado mais um passo em busca da Verdade. Sendo assim, tomar\u00e1 como objeto de seus estudos o esp\u00edrito e n\u00e3o mais a mat\u00e9ria, de modo que a ci\u00eancia que at\u00e9 agora raciocinava com base na mat\u00e9ria ser\u00e1 considerada como ci\u00eancia da primeira fase, e a ci\u00eancia baseada no esp\u00edrito, como ci\u00eancia da segunda fase. Com isso haver\u00e1 uma mudan\u00e7a de cento e oitenta graus no rumo da Ci\u00eancia, harmonizando-se com a Religi\u00e3o. Em termos mais claros, ser\u00e1 tra\u00e7ada uma linha demarcat\u00f3ria no mundo cient\u00edfico: a ci\u00eancia da mat\u00e9ria ficar\u00e1 situada abaixo, e a ci\u00eancia do esp\u00edrito acima. Esta \u00e9 uma vis\u00e3o no sentido vertical; no sentido horizontal, a primeira seria a parte externa, e a segunda, a interna ou conte\u00fado. Em outras palavras, significa que haver\u00e1 uma evolu\u00e7\u00e3o da ci\u00eancia do concreto para a ci\u00eancia do abstrato, o que \u00e9 realmente motivo de alegria.<\/p>\n<p class=\"style3 style53\" style=\"text-align: justify;\">Mas aqui se apresenta um problema: n\u00e3o adianta apenas conhecer a exist\u00eancia do Mundo Espiritual; \u00e9 necess\u00e1rio apreender sua natureza e coloc\u00e1-lo a servi\u00e7o da humanidade. A ci\u00eancia da mat\u00e9ria n\u00e3o tem meios para isso, pois, para o problema do esp\u00edrito deve ser empregado o esp\u00edrito; todavia, \u00e9 poss\u00edvel superar esta dificuldade. Ali\u00e1s, j\u00e1 a superei: tenho obtido resultados admir\u00e1veis na resolu\u00e7\u00e3o de problemas espirituais atrav\u00e9s do esp\u00edrito. Refiro-me justamente \u00e0 quest\u00e3o das doen\u00e7as. Explicando de forma sucinta, a causa de todas as doen\u00e7as s\u00e3o as impurezas acumuladas no esp\u00edrito, tornando-se evidente que, se eliminarmos tais impurezas, as doen\u00e7as ser\u00e3o erradicadas, de acordo com a Lei do Esp\u00edrito Precede a Mat\u00e9ria. Meu m\u00e9todo consiste na irradia\u00e7\u00e3o de um esp\u00edrito espec\u00edfico que pode ser considerado como a bomba at\u00f4mica espiritual para queimar as impurezas. Esse m\u00e9todo, denominado <em>Johrei <\/em>, constitui uma f\u00f3rmula cient\u00edfica de alto n\u00edvel. N\u00e3o se limitando apenas ao campo da Medicina, ele consegue resolver problemas que nenhuma religi\u00e3o ou ci\u00eancia conseguiu. Se isso n\u00e3o \u00e9 uma super ci\u00eancia, o que ser\u00e1?<\/p>\n<p class=\"style3 style53\" style=\"text-align: justify;\">A ci\u00eancia que trata da mat\u00e9ria ainda se encontra em baixo n\u00edvel; assim, \u00e9 evidente que, atrav\u00e9s dela, \u00e9 imposs\u00edvel resolver problemas sobre a vida de um ser de t\u00e3o elevado n\u00edvel como o homem. Isso se torna claro ao observarmos que doen\u00e7as graves, consideradas incur\u00e1veis pela Medicina, est\u00e3o sendo vencidas facilmente, por meio do <em>Johrei <\/em>. Dessa forma, a ci\u00eancia do esp\u00edrito pode ser considerada como n\u00facleo essencial, o suporte da ci\u00eancia da mat\u00e9ria.<\/p>\n<p class=\"style3 style53\" style=\"text-align: justify;\">Vou me aprofundar, agora, sobre o Mundo Espiritual. Originariamente ele \u00e9 constitu\u00eddo pela ess\u00eancia do Sol, da Lua e da Terra, que, na Ci\u00eancia, correspondem, respectivamente, ao oxig\u00eanio, ao hidrog\u00eanio e ao nitrog\u00eanio, a que chamamos de jun\u00e7\u00e3o dos elementos fogo, \u00e1gua e terra. A Terra \u00e9 a natureza da mat\u00e9ria; o Sol \u00e9 do esp\u00edrito, e a Lua do ar. Os elementos fogo e \u00e1gua controlam a atmosfera que preenche o espa\u00e7o terrestre. Embora o elemento fogo seja o mais forte, por ser extremamente rarefeito, n\u00e3o foi poss\u00edvel detectar, atrav\u00e9s da ci\u00eancia da mat\u00e9ria, a n\u00e3o ser suas propriedades de luz e calor, raz\u00e3o pela qual sua natureza como esp\u00edrito ainda n\u00e3o \u00e9 conhecida. Assim, a Ci\u00eancia tomou como objeto de estudo apenas os elementos \u00e1gua e terra, e por isso a cultura moderna est\u00e1 baseada nesses dois elementos, o que constitui a maior falha da civiliza\u00e7\u00e3o atual.<\/p>\n<p class=\"style3 style53\" style=\"text-align: justify;\">Agora devo falar sobre uma transforma\u00e7\u00e3o extraordin\u00e1ria que est\u00e1 ocorrendo no mundo. Como j\u00e1 explicamos, os fen\u00f4menos do Mundo Material s\u00e3o produzidos pela uni\u00e3o dos elementos Sol, Lua e Terra. A distin\u00e7\u00e3o entre o dia e a noite \u00e9 decorrente da altern\u00e2ncia do Sol e da Lua. Acontece que no Mundo Espiritual tamb\u00e9m existe dia e noite. Evidentemente, a ci\u00eancia da mat\u00e9ria n\u00e3o consegue compreender isso, mas a ci\u00eancia espiritual consegue. O acontecimento extraordin\u00e1rio a que me refiro \u00e9 a grande mudan\u00e7a que est\u00e1 para ter in\u00edcio no mundo. Um acontecimento surpreendente, jamais imaginado pela humanidade, isto \u00e9, um fen\u00f4meno hist\u00f3rico: a Transi\u00e7\u00e3o da Noite para o Dia. Para entend\u00ea-lo, torna-se necess\u00e1rio um estudo do ponto de vista &#8220;tempo&#8221;.<\/p>\n<p class=\"style3 style53\" style=\"text-align: justify;\">No Mundo Espiritual h\u00e1 Transi\u00e7\u00e3o da Noite para o Dia em per\u00edodos de dez, cem, mil ou milh\u00f5es de anos. Portanto, assim como a Terra \u00e9 formada pelos tr\u00eas elementos fundamentais &#8211; o fogo, a \u00e1gua e a terra &#8211; o n\u00famero tr\u00eas \u00e9 a base de todo o Universo. Isso constitui uma lei imut\u00e1vel. Mesmo o dia e a noite s\u00e3o formados de tr\u00eas, trinta, trezentos, tr\u00eas mil anos e assim por diante. \u00c9 claro que, dependendo da sua natureza e da sua dimens\u00e3o &#8211; grande, m\u00e9dia ou pequena &#8211; elas se refletem do esp\u00edrito para a mat\u00e9ria com maior ou menor rapidez, mas o essencial move-se com precis\u00e3o. Agora est\u00e1 justamente ocorrendo uma surpreendente Transi\u00e7\u00e3o de um per\u00edodo de tr\u00eas mil anos; estamos no alvorecer de um novo per\u00edodo. J\u00e1 me referi a isso antes, e at\u00e9 a data acha-se bem definida. Desde 15 de junho de 1931 que o Mundo encontra-se na fase do Dia. A mudan\u00e7a se processar\u00e1 at\u00e9 certo tempo no Mundo Espiritual e gradualmente se refletir\u00e1 no Mundo Material, e com o tempo tornar-se-\u00e1 uma realidade. Gostaria de dar uma explica\u00e7\u00e3o mais profunda, mas vou abrevi\u00e1-la, porque teria de entrar no campo da Religi\u00e3o. Entretanto, \u00e9 preciso acreditar no que estou dizendo, pois se trata da verdade absoluta.<\/p>\n<p class=\"style3 style53\" style=\"text-align: justify;\">\u00c0 medida que o Mundo Espiritual for entrando na fase do Dia significa que haver\u00e1 uma intensifica\u00e7\u00e3o do elemento fogo. Apesar de ser uma mudan\u00e7a gradativa, j\u00e1 est\u00e1 se projetando no Mundo Material. Assim, o mundo em que a \u00e1gua predominava sobre o fogo tornar-se-\u00e1 o mundo em que o fogo predominar\u00e1 sobre a \u00e1gua. Atrav\u00e9s da ci\u00eancia da mat\u00e9ria n\u00e3o se pode perceber tal fen\u00f4meno, mas as pessoas dotadas de alta espiritualidade conseguem perceb\u00ea-lo plenamente. Com essa mudan\u00e7a, todos os problemas para os quais n\u00e3o se encontrava solu\u00e7\u00e3o ser\u00e3o resolvidos de maneira clara e precisa. Com base no que acabo de expor, vou criar a Verdadeira Civiliza\u00e7\u00e3o, elevando o n\u00edvel da Ci\u00eancia atual.<\/p>\n<p class=\"style3 style53\" style=\"text-align: right;\"><em> Jornal Eik\u00f4 n\u00ba 255<\/em><\/p>\n<p class=\"style3 style53\" style=\"text-align: right;\"><em>7 de abril de 1954<\/em><\/p>\n<p>&nbsp;<\/p>\n<p><iframe src=\"http:\/\/www.facebook.com\/plugins\/like.php?href=https:\/\/www.jinsai.org\/pt-BR\/meishu-sama-historia\/sou-um-cientista-em-religiao\/&#038;%0Alayout=standard&#038;show_faces=false&#038;width=380&#038;action=like&#038;colorscheme=light&#038;height=25\" style=\"border: medium none ; overflow: hidden; width: 350px; height: 25px;\" allowtransparency=\"true\" frameborder=\"0\" scrolling=\"no\"><\/iframe><\/p>\n<div id=\"fb-root\"><\/div>\n<p><script src=\"http:\/\/connect.facebook.net\/pt_BR\/all.js#appId=APP_ID&amp;xfbml=1\"><\/script><fb:comments href=\"https:\/\/www.jinsai.org\/pt-BR\/meishu-sama-historia\/sou-um-cientista-em-religiao\/\/\" num_posts=\"100\" width=\"500\"><\/fb:comments><meta property='fb:app_id' content='171964893011161'\/> <\/p>\n<div id=\"fb-root\"><\/div>\n<p><script>(function(d, s, id) {\n  var js, fjs = d.getElementsByTagName(s)[0];\n  if (d.getElementById(id)) return;\n  js = d.createElement(s); js.id = id;\n  js.src = 'https:\/\/connect.facebook.net\/pt_BR\/sdk.js#xfbml=1&version=v3.0&appId=171964893011161&autoLogAppEvents=1';\n  fjs.parentNode.insertBefore(js, fjs);\n}(document, 'script', 'facebook-jssdk'));<\/script><\/p>\n<div class=\"fb-share-button\" data-href=\"https:\/\/www.jinsai.org\/pt-BR\/meishu-sama-historia\/sou-um-cientista-em-religiao\/\" data-layout=\"button_count\" data-size=\"large\" data-mobile-iframe=\"true\"><a target=\"_blank\" href=\"https:\/\/www.facebook.com\/sharer\/sharer.php?u=http%3A%2F%2Fwww.jinsai.org%2Fpt-BR%2Fmeishu-sama-historia%2Fsou-um-cientista-em-religiao%2F&amp;src=sdkpreparse\" class=\"fb-xfbml-parse-ignore\">Compartilhar<\/a><\/div>\n","protected":false},"excerpt":{"rendered":"<p>Se eu, um religioso, disser que sou tamb\u00e9m cientista, todos estranhar\u00e3o, mas estou certo de que, ao t\u00e9rmino desta leitura, h\u00e3o de concordar comigo. Sempre digo que a Ci\u00eancia atual ainda est\u00e1 num n\u00edvel muito baixo, nem podendo ser considerada como Ci\u00eancia. Sua import\u00e2ncia reside, sem d\u00favida, na descoberta e no estudo de corpos microsc\u00f3picos. [&hellip;]<\/p>\n","protected":false},"author":1,"featured_media":1965,"comment_status":"closed","ping_status":"closed","sticky":false,"template":"","format":"standard","meta":{"footnotes":""},"categories":[11],"tags":[],"class_list":{"0":"post-853","1":"post","2":"type-post","3":"status-publish","4":"format-standard","5":"has-post-thumbnail","6":"hentry","7":"category-historia","9":"post-with-thumbnail","10":"post-with-thumbnail-icon"},"_links":{"self":[{"href":"https:\/\/www.jinsai.org\/pt-BR\/wp-json\/wp\/v2\/posts\/853","targetHints":{"allow":["GET"]}}],"collection":[{"href":"https:\/\/www.jinsai.org\/pt-BR\/wp-json\/wp\/v2\/posts"}],"about":[{"href":"https:\/\/www.jinsai.org\/pt-BR\/wp-json\/wp\/v2\/types\/post"}],"author":[{"embeddable":true,"href":"https:\/\/www.jinsai.org\/pt-BR\/wp-json\/wp\/v2\/users\/1"}],"replies":[{"embeddable":true,"href":"https:\/\/www.jinsai.org\/pt-BR\/wp-json\/wp\/v2\/comments?post=853"}],"version-history":[{"count":3,"href":"https:\/\/www.jinsai.org\/pt-BR\/wp-json\/wp\/v2\/posts\/853\/revisions"}],"predecessor-version":[{"id":2337,"href":"https:\/\/www.jinsai.org\/pt-BR\/wp-json\/wp\/v2\/posts\/853\/revisions\/2337"}],"wp:featuredmedia":[{"embeddable":true,"href":"https:\/\/www.jinsai.org\/pt-BR\/wp-json\/wp\/v2\/media\/1965"}],"wp:attachment":[{"href":"https:\/\/www.jinsai.org\/pt-BR\/wp-json\/wp\/v2\/media?parent=853"}],"wp:term":[{"taxonomy":"category","embeddable":true,"href":"https:\/\/www.jinsai.org\/pt-BR\/wp-json\/wp\/v2\/categories?post=853"},{"taxonomy":"post_tag","embeddable":true,"href":"https:\/\/www.jinsai.org\/pt-BR\/wp-json\/wp\/v2\/tags?post=853"}],"curies":[{"name":"wp","href":"https:\/\/api.w.org\/{rel}","templated":true}]}}