{"id":8576,"date":"2020-10-26T08:45:49","date_gmt":"2020-10-26T11:45:49","guid":{"rendered":"http:\/\/www.jinsai.org\/pt-BR\/?p=8576"},"modified":"2020-10-26T08:45:49","modified_gmt":"2020-10-26T11:45:49","slug":"079-calor-do-sol-e-calor-do-solo","status":"publish","type":"post","link":"https:\/\/www.jinsai.org\/pt-BR\/ensinamentos\/coletaneas\/coletanea-de-explicacoes-divinas-7-astronomia-e-geofisica\/079-calor-do-sol-e-calor-do-solo\/","title":{"rendered":"079 &#8211; CALOR DO SOL E CALOR DO SOLO"},"content":{"rendered":"<div id=\"pl-8576\"  class=\"panel-layout\" ><div id=\"pg-8576-0\"  class=\"panel-grid panel-no-style\" ><div id=\"pgc-8576-0-0\"  class=\"panel-grid-cell\" ><div id=\"panel-8576-0-0-0\" class=\"so-panel widget_sow-editor panel-first-child\" data-index=\"0\" ><div\n\t\t\t\n\t\t\tclass=\"so-widget-sow-editor so-widget-sow-editor-base\"\n\t\t\t\n\t\t>\n<div class=\"siteorigin-widget-tinymce textwidget\">\n\t<p style=\"text-align: justify;\"><strong>Pergunta<\/strong>: Explique-nos a raz\u00e3o de sentirmos que o calor do Sol \u00e9 mais forte em regi\u00f5es de baixa altitude.<\/p>\n<p style=\"text-align: justify;\"><strong>Meishu-Sama<\/strong>: O calor do Sol \u00e9 invari\u00e1vel. O que sentimos em regi\u00f5es de baixa altitude \u00e9 o calor do solo. Esfria quando nos aproximamos do cume de uma montanha, e isto se deve ao calor do Sol. O calor do Sol \u00e9 relativamente mais fraco. J\u00e1 o calor do solo \u00e9 mais forte. Trata-se de uma rela\u00e7\u00e3o entre calor do Sol e calor do solo. A superf\u00edcie do solo \u00e9 influenciada conforme o calor do Sol. O calor do solo \u00e9 quente e o calor do Sol diminui quanto mais distante se estiver da superf\u00edcie. Contudo, quanto maior for a profundidade, come\u00e7a a ficar extremamente quente.<\/p>\n<p style=\"text-align: justify;\">Abaixo das montanhas e c\u00f3rregos de Hakone, existem len\u00e7\u00f3is d\u2019\u00e1gua h\u00e1 mais de 300 metros de profundidade. Tamb\u00e9m existem \u00e1guas termais que correm por len\u00e7\u00f3is que ficam entre 20 e 35 metros de profundidade. Geralmente, este \u00e9 o caminho pelo qual correm as \u00e1guas subterr\u00e2neas, mas, neste caso, elas entram em \u201cerup\u00e7\u00e3o\u201d e eis o que \u00e9 um <em>onsen<a href=\"#_ftn1\" name=\"_ftnref1\"><strong>[1]<\/strong><\/a><\/em>. Existem minerais nas camadas do solo, como ferro e enxofre, que s\u00e3o derretidos pelo calor da \u00e1gua termal, s\u00e3o absorvidos e transportados \u00e0 superf\u00edcie por ela.<\/p>\n<p style=\"text-align: justify;\">As \u00e1rvores s\u00e3o essenciais para escolha de um <em>onsen<\/em>. Elas ficam bem verdes e algumas com tonalidade marrom, pois, no terreno ao seu redor, existem part\u00edculas de enxofre e ferro. As pedras que s\u00e3o banhadas por essa \u00e1gua ficam semelhantes ao ferro. Escava\u00e7\u00f5es nestes locais n\u00e3o s\u00e3o adequadas, pois existem c\u00f3rregos de \u00e1guas termais. Deve-se escavar locais duros. A \u00e1gua gelada fica mais densa o qu\u00e3o mais profunda for a corrente de \u00e1guas subterr\u00e2neas com salinidade. Quanto mais densa for, mais gelada \u00e9 e, portanto, o fundo do mar \u00e9 g\u00e9lido. Futuramente, o calor do solo ser\u00e1 muito aproveitado.<\/p>\n<p style=\"text-align: right;\">Sem data<\/p>\n<p style=\"text-align: right;\">Traduzido pela Equipe Jinsai<\/p>\n<p style=\"text-align: justify;\"><a href=\"#_ftnref1\" name=\"_ftn1\"><strong>[1]<\/strong><\/a> <strong>Onsen:<\/strong> Termo do idioma japon\u00eas para \u00e1guas termais. No Jap\u00e3o, essa classifica\u00e7\u00e3o \u00e9 atribu\u00edda apenas aos locais onde a temperatura da \u00e1gua ultrapassa os 25 graus, o que difere dos pa\u00edses do Ocidente, onde s\u00e3o classificados como <em>onsen<\/em> fontes termais com mais de 21 graus.<\/p>\n<\/div>\n<\/div><\/div><div id=\"panel-8576-0-0-1\" class=\"widget_text so-panel widget_custom_html panel-last-child\" data-index=\"1\" ><div class=\"textwidget custom-html-widget\">&nbsp;\n<iframe src=\"http:\/\/www.facebook.com\/plugins\/like.php?href=http:\/\/www.jinsai.org\/pt-BR\/ensinamentos\/coletaneas\/coletanea-de-explicacoes-divinas-7-astronomia-e-geofisica\/079-calor-do-sol-e-calor-do-solo&amp;%0Alayout=standard&amp;show_faces=false&amp;width=380&amp;action=like&amp;colorscheme=light&amp;height=25\" style=\"border: medium none ; ovew: hidden; width: 350px; height: 25px;\" allowtransparencyrflo=\"true\" scrolling=\"no\" frameborder=\"0\"><\/iframe><div id=\"fb-root\"><\/div>\n<script src=\"http:\/\/connect.facebook.net\/pt_BR\/all.js#appId=APP_ID&amp;xfbml=1\"><\/script><fb:comments href=\"http:\/\/www.jinsai.org\/pt-BR\/ensinamentos\/coletaneas\/coletanea-de-explicacoes-divinas-7-astronomia-e-geofisica\/079-calor-do-sol-e-calor-do-solo\" num_posts=\"100\" width=\"500\"><\/fb:comments><meta property=\"fb:app_id\" content=\"171964893011161\">\n\n<div id=\"fb-root\"><\/div>\n<script>(function(d, s, id) {<br \/>\n  var js, fjs = d.getElementsByTagName(s)[0];<br \/>\n  if (d.getElementById(id)) return;<br \/>\n  js = d.createElement(s); js.id = id;<br \/>\n  js.src = 'https:\/\/connect.facebook.net\/pt_BR\/sdk.js#xfbml=1&version=v3.0&appId=171964893011161&autoLogAppEvents=1';<br \/>\n  fjs.parentNode.insertBefore(js, fjs);<br \/>\n}(document, 'script', 'facebook-jssdk'));<\/script>\n<div class=\"fb-share-button\" data-href=\"http:\/\/www.jinsai.org\/pt-BR\/ensinamentos\/coletaneas\/coletanea-de-explicacoes-divinas-7-astronomia-e-geofisica\/079-calor-do-sol-e-calor-do-solo\" data-layout=\"button_count\" data-size=\"large\" data-mobile-iframe=\"true\"><a target=\"_blank\" href=\"https:\/\/www.facebook.com\/sharer\/sharer.php?u=http%3A%2F%http:\/\/www.jinsai.org\/pt-BR\/ensinamentos\/coletaneas\/coletanea-de-explicacoes-divinas-7-astronomia-e-geofisica\/079-calor-do-sol-e-calor-do-solo%2F&amp;src=sdkpreparse\" class=\"fb-xfbml-parse-ignore\">Compartilhar<\/a><\/div>\n<\/div><\/div><\/div><\/div><\/div>","protected":false},"excerpt":{"rendered":"<p>Pergunta: Explique-nos a raz\u00e3o de sentirmos que o calor do Sol \u00e9 mais forte em regi\u00f5es de baixa altitude.Meishu-Sama: O calor do Sol \u00e9 invari\u00e1vel. O que sentimos em regi\u00f5es de baixa altitude \u00e9 o calor do solo. Esfria quando nos aproximamos do cume de uma montanha, e isto se deve ao calor do Sol. [&hellip;]<\/p>\n","protected":false},"author":1,"featured_media":8577,"comment_status":"open","ping_status":"closed","sticky":false,"template":"","format":"standard","meta":{"footnotes":""},"categories":[41],"tags":[],"class_list":{"0":"post-8576","1":"post","2":"type-post","3":"status-publish","4":"format-standard","5":"has-post-thumbnail","6":"hentry","7":"category-coletanea-de-explicacoes-divinas-7-astronomia-e-geofisica","9":"post-with-thumbnail","10":"post-with-thumbnail-icon"},"_links":{"self":[{"href":"https:\/\/www.jinsai.org\/pt-BR\/wp-json\/wp\/v2\/posts\/8576","targetHints":{"allow":["GET"]}}],"collection":[{"href":"https:\/\/www.jinsai.org\/pt-BR\/wp-json\/wp\/v2\/posts"}],"about":[{"href":"https:\/\/www.jinsai.org\/pt-BR\/wp-json\/wp\/v2\/types\/post"}],"author":[{"embeddable":true,"href":"https:\/\/www.jinsai.org\/pt-BR\/wp-json\/wp\/v2\/users\/1"}],"replies":[{"embeddable":true,"href":"https:\/\/www.jinsai.org\/pt-BR\/wp-json\/wp\/v2\/comments?post=8576"}],"version-history":[{"count":4,"href":"https:\/\/www.jinsai.org\/pt-BR\/wp-json\/wp\/v2\/posts\/8576\/revisions"}],"predecessor-version":[{"id":8581,"href":"https:\/\/www.jinsai.org\/pt-BR\/wp-json\/wp\/v2\/posts\/8576\/revisions\/8581"}],"wp:featuredmedia":[{"embeddable":true,"href":"https:\/\/www.jinsai.org\/pt-BR\/wp-json\/wp\/v2\/media\/8577"}],"wp:attachment":[{"href":"https:\/\/www.jinsai.org\/pt-BR\/wp-json\/wp\/v2\/media?parent=8576"}],"wp:term":[{"taxonomy":"category","embeddable":true,"href":"https:\/\/www.jinsai.org\/pt-BR\/wp-json\/wp\/v2\/categories?post=8576"},{"taxonomy":"post_tag","embeddable":true,"href":"https:\/\/www.jinsai.org\/pt-BR\/wp-json\/wp\/v2\/tags?post=8576"}],"curies":[{"name":"wp","href":"https:\/\/api.w.org\/{rel}","templated":true}]}}