{"id":8616,"date":"2020-11-04T08:53:48","date_gmt":"2020-11-04T11:53:48","guid":{"rendered":"http:\/\/www.jinsai.org\/pt-BR\/?p=8616"},"modified":"2020-11-04T08:53:48","modified_gmt":"2020-11-04T11:53:48","slug":"089-a-linha-do-equador-e-as-estacoes-de-seca-e-chuva-e-o-geocentrismo","status":"publish","type":"post","link":"https:\/\/www.jinsai.org\/pt-BR\/ensinamentos\/coletaneas\/coletanea-de-explicacoes-divinas-7-astronomia-e-geofisica\/089-a-linha-do-equador-e-as-estacoes-de-seca-e-chuva-e-o-geocentrismo\/","title":{"rendered":"089 &#8211; A LINHA DO EQUADOR E AS ESTA\u00c7\u00d5ES DE SECA E CHUVA, E O GEOCENTRISMO"},"content":{"rendered":"<div id=\"pl-8616\"  class=\"panel-layout\" ><div id=\"pg-8616-0\"  class=\"panel-grid panel-no-style\" ><div id=\"pgc-8616-0-0\"  class=\"panel-grid-cell\" ><div id=\"panel-8616-0-0-0\" class=\"so-panel widget_sow-editor panel-first-child\" data-index=\"0\" ><div\n\t\t\t\n\t\t\tclass=\"so-widget-sow-editor so-widget-sow-editor-base\"\n\t\t\t\n\t\t>\n<div class=\"siteorigin-widget-tinymce textwidget\">\n\t<p style=\"text-align: justify;\"><strong>Pergunta<\/strong>: No livro \u201cBate-papo sobre F\u00e9\u201d<a href=\"#_ftn1\" name=\"_ftnref1\">[1]<\/a> li que o ver\u00e3o \u00e9 quente porque a Terra emana calor; portanto, gostaria de fazer as seguintes perguntas:<\/p>\n<p style=\"text-align: justify;\">1) Qual \u00e9 a causa do ver\u00e3o e do inverno serem opostos ao Norte e ao Sul da linha do Equador?<\/p>\n<p style=\"text-align: justify;\">2) Qual \u00e9 a causa de n\u00e3o haver ver\u00e3o e inverno nas proximidades da linha do Equador, havendo apenas a divis\u00e3o da esta\u00e7\u00e3o de secas e esta\u00e7\u00e3o das chuvas?<\/p>\n<p style=\"text-align: justify;\"><strong>Meishu-Sama<\/strong>: Quanto \u00e0 primeira pergunta, o calor dispersado pela Terra limita-se a uma regi\u00e3o e, por isso, \u00e9 muito baixo. Isto vem a ser a longitude e, quanto mais baixa for a altitude, mais quente \u00e9. Os locais mais distantes s\u00e3o frios (o \u00c1rtico e a Ant\u00e1rtica).<\/p>\n<p style=\"text-align: justify;\">Quanto \u00e0 segunda pergunta, como a linha do Equador faz parte da \u00e1rea de dispers\u00e3o do calor, n\u00e3o h\u00e1 distin\u00e7\u00e3o de esta\u00e7\u00f5es.<\/p>\n<p style=\"text-align: justify;\">Isto se deve ao movimento respirat\u00f3rio da Terra. Tem rela\u00e7\u00e3o com o esp\u00edrito do solo e n\u00e3o \u00e9 somente o clima. N\u00e3o chove quando o esp\u00edrito do solo se eleva; chove quando ocorre o contr\u00e1rio.<\/p>\n<p style=\"text-align: justify;\">Nuvens se concentram no topo das montanhas, porque essas s\u00e3o uma massa de terra e, como o esp\u00edrito do solo fica bloqueado na montanha, este fica rarefeito. Por causa da baixa press\u00e3o, o ac\u00famulo de nuvens \u00e9 mais f\u00e1cil. A evapora\u00e7\u00e3o d\u2019\u00e1gua nas montanhas tamb\u00e9m \u00e9 uma das causas.<\/p>\n<p style=\"text-align: justify;\">Com a chegada do inverno, h\u00e1 a incid\u00eancia dos raios solares. Os dias s\u00e3o mais longos no ver\u00e3o, mas isso \u00e9 porque o Sol, quando gira ao redor da Terra, leva mais tempo para girar ao redor da regi\u00e3o central do globo. Esse tempo encurta conforme ele gira ao redor das extremidades. Al\u00e9m disso, a trajet\u00f3ria do Sol \u00e9 mais curta quando se desloca em linha reta e a incid\u00eancia dos raios solares \u00e9 maior quando gira ao redor dos flancos.<\/p>\n<p style=\"text-align: justify;\">A Terra n\u00e3o est\u00e1 em movimento. O geocentrismo partiu do Cristianismo. Nicolau Cop\u00e9rnico (1473-1543) e Galileu Galilei (1564-1642) lan\u00e7aram a tese de que a Terra est\u00e1 em movimento. Foram torturados para retirarem o que disseram.<\/p>\n<p style=\"text-align: right;\">8 de novembro de 1948<\/p>\n<p style=\"text-align: right;\">Traduzido pela Equipe Jinsai<\/p>\n<p style=\"text-align: justify;\"><a href=\"#_ftnref1\" name=\"_ftn1\">[1]<\/a> <strong>N.T.<\/strong>: Tradu\u00e7\u00e3o livre do t\u00edtulo da obra original \u201c\u4fe1\u4ef0\u96d1\u8a71 (shinko zatsuwa), publicada em 5 de setembro de 1948.<\/p>\n<\/div>\n<\/div><\/div><div id=\"panel-8616-0-0-1\" class=\"widget_text so-panel widget_custom_html panel-last-child\" data-index=\"1\" ><div class=\"textwidget custom-html-widget\">&nbsp;\n<iframe src=\"http:\/\/www.facebook.com\/plugins\/like.php?href=http:\/\/www.jinsai.org\/pt-BR\/ensinamentos\/coletaneas\/coletanea-de-explicacoes-divinas-7-astronomia-e-geofisica\/089-a-linha-do-equador-e-as-estacoes-de-seca-e-chuva-e-o-geocentrismo&amp;%0Alayout=standard&amp;show_faces=false&amp;width=380&amp;action=like&amp;colorscheme=light&amp;height=25\" style=\"border: medium none ; ovew: hidden; width: 350px; height: 25px;\" allowtransparencyrflo=\"true\" scrolling=\"no\" frameborder=\"0\"><\/iframe><div id=\"fb-root\"><\/div>\n<script src=\"http:\/\/connect.facebook.net\/pt_BR\/all.js#appId=APP_ID&amp;xfbml=1\"><\/script><fb:comments href=\"http:\/\/www.jinsai.org\/pt-BR\/ensinamentos\/coletaneas\/coletanea-de-explicacoes-divinas-7-astronomia-e-geofisica\/089-a-linha-do-equador-e-as-estacoes-de-seca-e-chuva-e-o-geocentrismo\" num_posts=\"100\" width=\"500\"><\/fb:comments><meta property=\"fb:app_id\" content=\"171964893011161\">\n\n<div id=\"fb-root\"><\/div>\n<script>(function(d, s, id) {<br \/>\n  var js, fjs = d.getElementsByTagName(s)[0];<br \/>\n  if (d.getElementById(id)) return;<br \/>\n  js = d.createElement(s); js.id = id;<br \/>\n  js.src = 'https:\/\/connect.facebook.net\/pt_BR\/sdk.js#xfbml=1&version=v3.0&appId=171964893011161&autoLogAppEvents=1';<br \/>\n  fjs.parentNode.insertBefore(js, fjs);<br \/>\n}(document, 'script', 'facebook-jssdk'));<\/script>\n<div class=\"fb-share-button\" data-href=\"http:\/\/www.jinsai.org\/pt-BR\/ensinamentos\/coletaneas\/coletanea-de-explicacoes-divinas-7-astronomia-e-geofisica\/089-a-linha-do-equador-e-as-estacoes-de-seca-e-chuva-e-o-geocentrismo\" data-layout=\"button_count\" data-size=\"large\" data-mobile-iframe=\"true\"><a target=\"_blank\" href=\"https:\/\/www.facebook.com\/sharer\/sharer.php?u=http%3A%2F%http:\/\/www.jinsai.org\/pt-BR\/ensinamentos\/coletaneas\/coletanea-de-explicacoes-divinas-7-astronomia-e-geofisica\/089-a-linha-do-equador-e-as-estacoes-de-seca-e-chuva-e-o-geocentrismo%2F&amp;src=sdkpreparse\" class=\"fb-xfbml-parse-ignore\">Compartilhar<\/a><\/div>\n<\/div><\/div><\/div><\/div><\/div>","protected":false},"excerpt":{"rendered":"<p>Pergunta: No livro \u201cBate-papo sobre F\u00e9\u201d[1] li que o ver\u00e3o \u00e9 quente porque a Terra emana calor; portanto, gostaria de fazer as seguintes perguntas:1) Qual \u00e9 a causa do ver\u00e3o e do inverno serem opostos ao Norte e ao Sul da linha do Equador?2) Qual \u00e9 a causa de n\u00e3o haver ver\u00e3o e inverno nas [&hellip;]<\/p>\n","protected":false},"author":1,"featured_media":8618,"comment_status":"open","ping_status":"closed","sticky":false,"template":"","format":"standard","meta":{"footnotes":""},"categories":[41],"tags":[],"class_list":{"0":"post-8616","1":"post","2":"type-post","3":"status-publish","4":"format-standard","5":"has-post-thumbnail","6":"hentry","7":"category-coletanea-de-explicacoes-divinas-7-astronomia-e-geofisica","9":"post-with-thumbnail","10":"post-with-thumbnail-icon"},"_links":{"self":[{"href":"https:\/\/www.jinsai.org\/pt-BR\/wp-json\/wp\/v2\/posts\/8616","targetHints":{"allow":["GET"]}}],"collection":[{"href":"https:\/\/www.jinsai.org\/pt-BR\/wp-json\/wp\/v2\/posts"}],"about":[{"href":"https:\/\/www.jinsai.org\/pt-BR\/wp-json\/wp\/v2\/types\/post"}],"author":[{"embeddable":true,"href":"https:\/\/www.jinsai.org\/pt-BR\/wp-json\/wp\/v2\/users\/1"}],"replies":[{"embeddable":true,"href":"https:\/\/www.jinsai.org\/pt-BR\/wp-json\/wp\/v2\/comments?post=8616"}],"version-history":[{"count":4,"href":"https:\/\/www.jinsai.org\/pt-BR\/wp-json\/wp\/v2\/posts\/8616\/revisions"}],"predecessor-version":[{"id":8622,"href":"https:\/\/www.jinsai.org\/pt-BR\/wp-json\/wp\/v2\/posts\/8616\/revisions\/8622"}],"wp:featuredmedia":[{"embeddable":true,"href":"https:\/\/www.jinsai.org\/pt-BR\/wp-json\/wp\/v2\/media\/8618"}],"wp:attachment":[{"href":"https:\/\/www.jinsai.org\/pt-BR\/wp-json\/wp\/v2\/media?parent=8616"}],"wp:term":[{"taxonomy":"category","embeddable":true,"href":"https:\/\/www.jinsai.org\/pt-BR\/wp-json\/wp\/v2\/categories?post=8616"},{"taxonomy":"post_tag","embeddable":true,"href":"https:\/\/www.jinsai.org\/pt-BR\/wp-json\/wp\/v2\/tags?post=8616"}],"curies":[{"name":"wp","href":"https:\/\/api.w.org\/{rel}","templated":true}]}}