{"id":8685,"date":"2020-11-25T08:43:24","date_gmt":"2020-11-25T11:43:24","guid":{"rendered":"http:\/\/www.jinsai.org\/pt-BR\/?p=8685"},"modified":"2020-11-25T08:43:25","modified_gmt":"2020-11-25T11:43:25","slug":"a-destruicao-pelo-fogo-do-afresco-as-imagens-budistas-reunem-se-nas-maos-do-mestre","status":"publish","type":"post","link":"https:\/\/www.jinsai.org\/pt-BR\/ensinamentos\/arte\/a-destruicao-pelo-fogo-do-afresco-as-imagens-budistas-reunem-se-nas-maos-do-mestre\/","title":{"rendered":"A DESTRUI\u00c7\u00c3O PELO FOGO DO AFRESCO (AS IMAGENS BUDISTAS RE\u00daNEM-SE NAS M\u00c3OS DO MESTRE)"},"content":{"rendered":"<div id=\"pl-8685\"  class=\"panel-layout\" ><div id=\"pg-8685-0\"  class=\"panel-grid panel-no-style\" ><div id=\"pgc-8685-0-0\"  class=\"panel-grid-cell\" ><div id=\"panel-8685-0-0-0\" class=\"so-panel widget_sow-editor panel-first-child\" data-index=\"0\" ><div\n\t\t\t\n\t\t\tclass=\"so-widget-sow-editor so-widget-sow-editor-base\"\n\t\t\t\n\t\t>\n<div class=\"siteorigin-widget-tinymce textwidget\">\n\t<p style=\"text-align: justify;\"><strong>Pergunta:<\/strong> Ser\u00e1 que a destrui\u00e7\u00e3o do afresco do <a href=\"http:\/\/www.jinsai.org\/pt-BR\/sagrado\/locais-sagrados\/horyu-ji\/\">Horyu-ji<\/a> pelo fogo sugere a chegada da era do fim do budismo?<\/p>\n<p style=\"text-align: justify;\"><strong>Meishu-Sama:<\/strong> Deve ser a primeira manifesta\u00e7\u00e3o da entrada \u00e0 era do fim do budismo. Aquilo era a base da arte budista.<\/p>\n<p style=\"text-align: justify;\">At\u00e9 agora, n\u00e3o chegavam \u00e0s m\u00e3os do Grande Mestre qualquer tipo de imagem budista, mas desde que o Horyu-ji se queimou (cerca de 4, 5 dias atr\u00e1s) come\u00e7ou a receber coisas referentes a Buda.<\/p>\n<p style=\"text-align: right;\">Complementa\u00e7\u00e3o da Cole\u00e7\u00e3o de Palestras, 131<\/p>\n<p style=\"text-align: right;\">02 de fevereiro de 1949<\/p>\n<\/div>\n<\/div><\/div><div id=\"panel-8685-0-0-1\" class=\"widget_text so-panel widget_custom_html panel-last-child\" data-index=\"1\" ><div class=\"textwidget custom-html-widget\">&nbsp;\n<iframe src=\"http:\/\/www.facebook.com\/plugins\/like.php?href=http:\/\/www.jinsai.org\/pt-BR\/ensinamentos\/arte\/a-destruicao-pelo-fogo-do-afresco-as-imagens-budistas-reunem-se-nas-maos-do-mestre&amp;%0Alayout=standard&amp;show_faces=false&amp;width=380&amp;action=like&amp;colorscheme=light&amp;height=25\" style=\"border: medium none ; ovew: hidden; width: 350px; height: 25px;\" allowtransparencyrflo=\"true\" scrolling=\"no\" frameborder=\"0\"><\/iframe><div id=\"fb-root\"><\/div>\n<script src=\"http:\/\/connect.facebook.net\/pt_BR\/all.js#appId=APP_ID&amp;xfbml=1\"><\/script><fb:comments href=\"http:\/\/www.jinsai.org\/pt-BR\/ensinamentos\/arte\/a-destruicao-pelo-fogo-do-afresco-as-imagens-budistas-reunem-se-nas-maos-do-mestre\" num_posts=\"100\" width=\"500\"><\/fb:comments><meta property=\"fb:app_id\" content=\"171964893011161\">\n\n<div id=\"fb-root\"><\/div>\n<script>(function(d, s, id) {<br \/>\n  var js, fjs = d.getElementsByTagName(s)[0];<br \/>\n  if (d.getElementById(id)) return;<br \/>\n  js = d.createElement(s); js.id = id;<br \/>\n  js.src = 'https:\/\/connect.facebook.net\/pt_BR\/sdk.js#xfbml=1&version=v3.0&appId=171964893011161&autoLogAppEvents=1';<br \/>\n  fjs.parentNode.insertBefore(js, fjs);<br \/>\n}(document, 'script', 'facebook-jssdk'));<\/script>\n<div class=\"fb-share-button\" data-href=\"http:\/\/www.jinsai.org\/pt-BR\/ensinamentos\/arte\/a-destruicao-pelo-fogo-do-afresco-as-imagens-budistas-reunem-se-nas-maos-do-mestre\" data-layout=\"button_count\" data-size=\"large\" data-mobile-iframe=\"true\"><a target=\"_blank\" href=\"https:\/\/www.facebook.com\/sharer\/sharer.php?u=http%3A%2F%http:\/\/www.jinsai.org\/pt-BR\/ensinamentos\/arte\/a-destruicao-pelo-fogo-do-afresco-as-imagens-budistas-reunem-se-nas-maos-do-mestre%2F&amp;src=sdkpreparse\" class=\"fb-xfbml-parse-ignore\">Compartilhar<\/a><\/div>\n<\/div><\/div><\/div><\/div><\/div>","protected":false},"excerpt":{"rendered":"<p>Pergunta: Ser\u00e1 que a destrui\u00e7\u00e3o do afresco do Horyu-ji pelo fogo sugere a chegada da era do fim do budismo?Meishu-Sama: Deve ser a primeira manifesta\u00e7\u00e3o da entrada \u00e0 era do fim do budismo. Aquilo era a base da arte budista.At\u00e9 agora, n\u00e3o chegavam \u00e0s m\u00e3os do Grande Mestre qualquer tipo de imagem budista, mas desde [&hellip;]<\/p>\n","protected":false},"author":1,"featured_media":1481,"comment_status":"open","ping_status":"closed","sticky":false,"template":"","format":"standard","meta":{"footnotes":""},"categories":[8],"tags":[],"class_list":{"0":"post-8685","1":"post","2":"type-post","3":"status-publish","4":"format-standard","5":"has-post-thumbnail","6":"hentry","7":"category-arte","9":"post-with-thumbnail","10":"post-with-thumbnail-icon"},"_links":{"self":[{"href":"https:\/\/www.jinsai.org\/pt-BR\/wp-json\/wp\/v2\/posts\/8685","targetHints":{"allow":["GET"]}}],"collection":[{"href":"https:\/\/www.jinsai.org\/pt-BR\/wp-json\/wp\/v2\/posts"}],"about":[{"href":"https:\/\/www.jinsai.org\/pt-BR\/wp-json\/wp\/v2\/types\/post"}],"author":[{"embeddable":true,"href":"https:\/\/www.jinsai.org\/pt-BR\/wp-json\/wp\/v2\/users\/1"}],"replies":[{"embeddable":true,"href":"https:\/\/www.jinsai.org\/pt-BR\/wp-json\/wp\/v2\/comments?post=8685"}],"version-history":[{"count":4,"href":"https:\/\/www.jinsai.org\/pt-BR\/wp-json\/wp\/v2\/posts\/8685\/revisions"}],"predecessor-version":[{"id":8689,"href":"https:\/\/www.jinsai.org\/pt-BR\/wp-json\/wp\/v2\/posts\/8685\/revisions\/8689"}],"wp:featuredmedia":[{"embeddable":true,"href":"https:\/\/www.jinsai.org\/pt-BR\/wp-json\/wp\/v2\/media\/1481"}],"wp:attachment":[{"href":"https:\/\/www.jinsai.org\/pt-BR\/wp-json\/wp\/v2\/media?parent=8685"}],"wp:term":[{"taxonomy":"category","embeddable":true,"href":"https:\/\/www.jinsai.org\/pt-BR\/wp-json\/wp\/v2\/categories?post=8685"},{"taxonomy":"post_tag","embeddable":true,"href":"https:\/\/www.jinsai.org\/pt-BR\/wp-json\/wp\/v2\/tags?post=8685"}],"curies":[{"name":"wp","href":"https:\/\/api.w.org\/{rel}","templated":true}]}}