{"id":9198,"date":"2021-04-11T19:25:29","date_gmt":"2021-04-11T22:25:29","guid":{"rendered":"http:\/\/www.jinsai.org\/pt-BR\/?p=9198"},"modified":"2021-04-11T19:25:30","modified_gmt":"2021-04-11T22:25:30","slug":"lagrimas-de-alegria-do-deus-dragao","status":"publish","type":"post","link":"https:\/\/www.jinsai.org\/pt-BR\/meishu-sama\/memorias\/lagrimas-de-alegria-do-deus-dragao\/","title":{"rendered":"L\u00c1GRIMAS DE ALEGRIA DO DEUS DRAG\u00c3O"},"content":{"rendered":"<div id=\"pl-9198\"  class=\"panel-layout\" ><div id=\"pg-9198-0\"  class=\"panel-grid panel-no-style\" ><div id=\"pgc-9198-0-0\"  class=\"panel-grid-cell\" ><div id=\"panel-9198-0-0-0\" class=\"so-panel widget_sow-editor panel-first-child\" data-index=\"0\" ><div\n\t\t\t\n\t\t\tclass=\"so-widget-sow-editor so-widget-sow-editor-base\"\n\t\t\t\n\t\t>\n<div class=\"siteorigin-widget-tinymce textwidget\">\n\t<p style=\"text-align: justify;\">Em 12 de abril de 1954, Meishu-Sama visitou a regi\u00e3o de Kansai e proferiu palestra no Audit\u00f3rio P\u00fablico de Nara. Nesse dia, onde quer que Meishu-Sama fosse, misteriosamente chovia antes d'Ele chegar ao local, mas na hora da sua chegada o tempo se abria por completo.<\/p>\n<p style=\"text-align: justify;\">No mesmo dia, Meishu-Sama jantou no Hotel Nara, onde nos foi permitido acompanh\u00e1-Lo, deixando-nos contentes pela honra de sermos banhado por Sua Luz. Durante o jantar, ele disse: \"Hoje passei o dia content\u00edssimo. Talvez ningu\u00e9m compreenda esta alegria, mas choveu hoje porque o Deus-Drag\u00e3o assim o fez. Drag\u00e3o \u00e9 um deus, mas tornou-se drag\u00e3o por motivo de seu pecado. Ele gostaria de servir a Deus na constru\u00e7\u00e3o do Mundo de Miroku, mas como drag\u00e3o n\u00e3o o consegue. Precisa, para tanto, voltar \u00e0 sua divindade original, o que depende da Luz. O \u00fanico meio \u00e9 banhar-se de Luz. E, souberam que eu viria hoje e poderiam banhar-se de Luz. S\u00e3o milh\u00f5es de drag\u00f5es. Manifestaram a sua gratid\u00e3o com a chuva. A chuva passava em frente ao meu carro. O sentimento de gratid\u00e3o do Deus-Drag\u00e3o chega a mim, o que me alegra at\u00e9 \u00e0s l\u00e1grimas. A raz\u00e3o da chuva de hoje \u00e9 essa.\" Pensei na felicidade de ser aben\u00e7oado com o v\u00ednculo divino com uma pessoa dotada de t\u00e3o elevada divindade, e at\u00e9 hoje sou profundamente grato.<\/p>\n<p style=\"text-align: right;\">Um Chefe de Igreja<\/p>\n<\/div>\n<\/div><\/div><div id=\"panel-9198-0-0-1\" class=\"widget_text so-panel widget_custom_html panel-last-child\" data-index=\"1\" ><div class=\"textwidget custom-html-widget\"><iframe loading=\"lazy\" src=\"https:\/\/www.facebook.com\/plugins\/like.php?href=http%3A%2F%2Fwww.jinsai.org%2Fpt-BR%2Fmeishu-sama%2Fmemorias%2Flagrimas-de-alegria-do-deus-dragao&width=174&layout=button_count&action=like&size=large&share=true&height=46&appId=171964893011161\" width=\"174\" height=\"46\" style=\"border:none;overflow:hidden\" scrolling=\"no\" frameborder=\"0\" allowfullscreen=\"true\" allow=\"autoplay; clipboard-write; encrypted-media; picture-in-picture; web-share\"><\/iframe>\n<div id=\"fb-root\"><\/div>\n<script src=\"http:\/\/connect.facebook.net\/pt_BR\/all.js#appId=APP_ID&amp;xfbml=1\"><\/script><fb:comments href=\"http:\/\/www.jinsai.org\/pt-BR\/meishu-sama\/memorias\/lagrimas-de-alegria-do-deus-dragao\" num_posts=\"100\" width=\"500\"><\/fb:comments><meta property=\"fb:app_id\" content=\"171964893011161\">\n<div id=\"fb-root\"><\/div>\n<script>(function(d, s, id) {<br \/>\n  var js, fjs = d.getElementsByTagName(s)[0];<br \/>\n  if (d.getElementById(id)) return;<br \/>\n  js = d.createElement(s); js.id = id;<br \/>\n  js.src = 'https:\/\/connect.facebook.net\/pt_BR\/sdk.js#xfbml=1&version=v3.0&appId=171964893011161&autoLogAppEvents=1';<br \/>\n  fjs.parentNode.insertBefore(js, fjs);<br \/>\n}(document, 'script', 'facebook-jssdk'));<\/script>\n<\/div><\/div><\/div><\/div><\/div>","protected":false},"excerpt":{"rendered":"<p>Em 12 de abril de 1954, Meishu-Sama visitou a regi\u00e3o de Kansai e proferiu palestra no Audit\u00f3rio P\u00fablico de Nara. Nesse dia, onde quer que Meishu-Sama fosse, misteriosamente chovia antes d&#8217;Ele chegar ao local, mas na hora da sua chegada o tempo se abria por completo.No mesmo dia, Meishu-Sama jantou no Hotel Nara, onde nos [&hellip;]<\/p>\n","protected":false},"author":1,"featured_media":6450,"comment_status":"open","ping_status":"closed","sticky":false,"template":"","format":"standard","meta":{"footnotes":""},"categories":[16],"tags":[],"class_list":{"0":"post-9198","1":"post","2":"type-post","3":"status-publish","4":"format-standard","5":"has-post-thumbnail","6":"hentry","7":"category-memorias","9":"post-with-thumbnail","10":"post-with-thumbnail-icon"},"_links":{"self":[{"href":"https:\/\/www.jinsai.org\/pt-BR\/wp-json\/wp\/v2\/posts\/9198","targetHints":{"allow":["GET"]}}],"collection":[{"href":"https:\/\/www.jinsai.org\/pt-BR\/wp-json\/wp\/v2\/posts"}],"about":[{"href":"https:\/\/www.jinsai.org\/pt-BR\/wp-json\/wp\/v2\/types\/post"}],"author":[{"embeddable":true,"href":"https:\/\/www.jinsai.org\/pt-BR\/wp-json\/wp\/v2\/users\/1"}],"replies":[{"embeddable":true,"href":"https:\/\/www.jinsai.org\/pt-BR\/wp-json\/wp\/v2\/comments?post=9198"}],"version-history":[{"count":4,"href":"https:\/\/www.jinsai.org\/pt-BR\/wp-json\/wp\/v2\/posts\/9198\/revisions"}],"predecessor-version":[{"id":9202,"href":"https:\/\/www.jinsai.org\/pt-BR\/wp-json\/wp\/v2\/posts\/9198\/revisions\/9202"}],"wp:featuredmedia":[{"embeddable":true,"href":"https:\/\/www.jinsai.org\/pt-BR\/wp-json\/wp\/v2\/media\/6450"}],"wp:attachment":[{"href":"https:\/\/www.jinsai.org\/pt-BR\/wp-json\/wp\/v2\/media?parent=9198"}],"wp:term":[{"taxonomy":"category","embeddable":true,"href":"https:\/\/www.jinsai.org\/pt-BR\/wp-json\/wp\/v2\/categories?post=9198"},{"taxonomy":"post_tag","embeddable":true,"href":"https:\/\/www.jinsai.org\/pt-BR\/wp-json\/wp\/v2\/tags?post=9198"}],"curies":[{"name":"wp","href":"https:\/\/api.w.org\/{rel}","templated":true}]}}