{"id":9403,"date":"2021-06-25T08:50:44","date_gmt":"2021-06-25T11:50:44","guid":{"rendered":"http:\/\/www.jinsai.org\/pt-BR\/?p=9403"},"modified":"2021-06-25T08:50:44","modified_gmt":"2021-06-25T11:50:44","slug":"jarro-de-agua","status":"publish","type":"post","link":"https:\/\/www.jinsai.org\/pt-BR\/mundo-do-belo\/obras-de-arte\/jarro-de-agua\/","title":{"rendered":"JARRO DE \u00c1GUA"},"content":{"rendered":"<div id=\"pl-9403\"  class=\"panel-layout\" ><div id=\"pg-9403-0\"  class=\"panel-grid panel-no-style\" ><div id=\"pgc-9403-0-0\"  class=\"panel-grid-cell\" ><div id=\"panel-9403-0-0-0\" class=\"so-panel widget_sow-editor panel-first-child\" data-index=\"0\" ><div\n\t\t\t\n\t\t\tclass=\"so-widget-sow-editor so-widget-sow-editor-base\"\n\t\t\t\n\t\t>\n<div class=\"siteorigin-widget-tinymce textwidget\">\n\t<p style=\"text-align: justify;\">Jarro de \u00c1gua , cer\u00e2mica Karatsu<\/p>\n<p style=\"text-align: justify;\">Per\u00edodo Momoyama (1573 - 1615) \u2013 Jap\u00e3o<\/p>\n<p style=\"text-align: justify;\">A.: 17,7 cm<\/p>\n<p style=\"text-align: justify;\">Entre as numerosas e diferentes formas dos jarros de cer\u00e2mica Karatsu, a de corpo abaulado, como este, \u00e9 a mais comum. Esta forma \u00e9 caracter\u00edstica das cer\u00e2micas feitas durante a dinastia Yi, da Cor\u00e9ia. Ceramistas de Karatsu introduziram esta forma coreana e a adaptaram ao gosto japon\u00eas. Produzindo-a em grandes quantidades, eles se tornaram os maiores produtores de cer\u00e2mica para a cerim\u00f4nia de ch\u00e1. A pr\u00e1tica do artes\u00e3o \u00e9 observada na linha delicada e suave da base \u00e0 cintura, do ombro \u00e0 boca, e na borda, expandindo-se para fora.<\/p>\n<p style=\"text-align: justify;\">No corpo h\u00e1 um junco desenhado a m\u00e3o livre, levemente. O desenho combina perfeitamente com a forma do vaso.<\/p>\n<\/div>\n<\/div><\/div><div id=\"panel-9403-0-0-1\" class=\"widget_text so-panel widget_custom_html panel-last-child\" data-index=\"1\" ><div class=\"textwidget custom-html-widget\"><iframe loading=\"lazy\" src=\"https:\/\/www.facebook.com\/plugins\/like.php?href=http%3A%2F%2Fwww.jinsai.org%2Fpt-BR%2Fmundo-do-belo%2Fobras-de-arte%2Fjarro-de-agua&width=233&layout=button_count&action=like&size=large&share=true&height=46&appId\" width=\"233\" height=\"46\" style=\"border:none;overflow:hidden\" scrolling=\"no\" frameborder=\"0\" allowfullscreen=\"true\" allow=\"autoplay; clipboard-write; encrypted-media; picture-in-picture; web-share\"><\/iframe>\n<div id=\"fb-root\"><\/div>\n<script src=\"http:\/\/connect.facebook.net\/pt_BR\/all.js#appId=APP_ID&amp;xfbml=1\"><\/script><fb:comments href=\" http:\/\/www.jinsai.org\/pt-BR\/mundo-do-belo\/obras-de-arte\/jarro-de-agua\" num_posts=\"100\" width=\"500\"><\/fb:comments><meta property=\"fb:app_id\" content=\"171964893011161\">\n<div id=\"fb-root\"><\/div>\n<script>(function(d, s, id) {<br \/>\n  var js, fjs = d.getElementsByTagName(s)[0];<br \/>\n  if (d.getElementById(id)) return;<br \/>\n  js = d.createElement(s); js.id = id;<br \/>\n  js.src = 'https:\/\/connect.facebook.net\/pt_BR\/sdk.js#xfbml=1&version=v3.0&appId=171964893011161&autoLogAppEvents=1';<br \/>\n  fjs.parentNode.insertBefore(js, fjs);<br \/>\n}(document, 'script', 'facebook-jssdk'));<\/script>\n<div class=\"fb-share-button\" data-href=\" http:\/\/www.jinsai.org\/pt-BR\/mundo-do-belo\/obras-de-arte\/jarro-de-agua\" data-layout=\"button_count\" data-size=\"large\" data-mobile-iframe=\"true\"><a target=\"_blank\" href=\"https:\/\/www.facebook.com\/sharer\/sharer.php?u=http%3A%2F% http:\/\/www.jinsai.org\/pt-BR\/mundo-do-belo\/obras-de-arte\/jarro-de-agua%2F&amp;src=sdkpreparse\" class=\"fb-xfbml-parse-ignore\">Compartilhar<\/a><\/div>\n<\/div><\/div><\/div><\/div><\/div>","protected":false},"excerpt":{"rendered":"<p>Jarro de \u00c1gua , cer\u00e2mica KaratsuPer\u00edodo Momoyama (1573 &#8211; 1615) \u2013 Jap\u00e3oA.: 17,7 cmEntre as numerosas e diferentes formas dos jarros de cer\u00e2mica Karatsu, a de corpo abaulado, como este, \u00e9 a mais comum. Esta forma \u00e9 caracter\u00edstica das cer\u00e2micas feitas durante a dinastia Yi, da Cor\u00e9ia. Ceramistas de Karatsu introduziram esta forma coreana e [&hellip;]<\/p>\n","protected":false},"author":1,"featured_media":9404,"comment_status":"open","ping_status":"closed","sticky":false,"template":"","format":"standard","meta":{"footnotes":""},"categories":[13],"tags":[],"class_list":{"0":"post-9403","1":"post","2":"type-post","3":"status-publish","4":"format-standard","5":"has-post-thumbnail","6":"hentry","7":"category-obras-de-arte","9":"post-with-thumbnail","10":"post-with-thumbnail-icon"},"_links":{"self":[{"href":"https:\/\/www.jinsai.org\/pt-BR\/wp-json\/wp\/v2\/posts\/9403","targetHints":{"allow":["GET"]}}],"collection":[{"href":"https:\/\/www.jinsai.org\/pt-BR\/wp-json\/wp\/v2\/posts"}],"about":[{"href":"https:\/\/www.jinsai.org\/pt-BR\/wp-json\/wp\/v2\/types\/post"}],"author":[{"embeddable":true,"href":"https:\/\/www.jinsai.org\/pt-BR\/wp-json\/wp\/v2\/users\/1"}],"replies":[{"embeddable":true,"href":"https:\/\/www.jinsai.org\/pt-BR\/wp-json\/wp\/v2\/comments?post=9403"}],"version-history":[{"count":4,"href":"https:\/\/www.jinsai.org\/pt-BR\/wp-json\/wp\/v2\/posts\/9403\/revisions"}],"predecessor-version":[{"id":9408,"href":"https:\/\/www.jinsai.org\/pt-BR\/wp-json\/wp\/v2\/posts\/9403\/revisions\/9408"}],"wp:featuredmedia":[{"embeddable":true,"href":"https:\/\/www.jinsai.org\/pt-BR\/wp-json\/wp\/v2\/media\/9404"}],"wp:attachment":[{"href":"https:\/\/www.jinsai.org\/pt-BR\/wp-json\/wp\/v2\/media?parent=9403"}],"wp:term":[{"taxonomy":"category","embeddable":true,"href":"https:\/\/www.jinsai.org\/pt-BR\/wp-json\/wp\/v2\/categories?post=9403"},{"taxonomy":"post_tag","embeddable":true,"href":"https:\/\/www.jinsai.org\/pt-BR\/wp-json\/wp\/v2\/tags?post=9403"}],"curies":[{"name":"wp","href":"https:\/\/api.w.org\/{rel}","templated":true}]}}