{"id":9582,"date":"2021-08-30T07:31:08","date_gmt":"2021-08-30T10:31:08","guid":{"rendered":"http:\/\/www.jinsai.org\/pt-BR\/?p=9582"},"modified":"2021-08-30T07:31:08","modified_gmt":"2021-08-30T10:31:08","slug":"consideracao-acerca-do-paraiso-terrestre","status":"publish","type":"post","link":"https:\/\/www.jinsai.org\/pt-BR\/ensinamentos\/arte\/consideracao-acerca-do-paraiso-terrestre\/","title":{"rendered":"CONSIDERA\u00c7\u00c3O ACERCA DO PARA\u00cdSO TERRESTRE"},"content":{"rendered":"<div id=\"pl-9582\"  class=\"panel-layout\" ><div id=\"pg-9582-0\"  class=\"panel-grid panel-no-style\" ><div id=\"pgc-9582-0-0\"  class=\"panel-grid-cell\" ><div id=\"panel-9582-0-0-0\" class=\"so-panel widget_sow-editor panel-first-child\" data-index=\"0\" ><div\n\t\t\t\n\t\t\tclass=\"so-widget-sow-editor so-widget-sow-editor-base\"\n\t\t\t\n\t\t>\n<div class=\"siteorigin-widget-tinymce textwidget\">\n\t<p style=\"text-align: justify;\">Aquilo a que nos referimos como Para\u00edso Terrestre \u00e9, em termos mais claros, o Mundo do Belo. Teremos, assim, o embelezamento das rela\u00e7\u00f5es pessoais, dos pr\u00e9dios, das ruas, dos meios de transporte, dos parques. Como ao belo coaduna-se o asseio, dever\u00edamos ter, em escala mais ampla, o embelezamento e o saneamento da administra\u00e7\u00e3o p\u00fablica, da educa\u00e7\u00e3o e da atividade econ\u00f4mica, assim como devem tornar-se mais belas tamb\u00e9m as rela\u00e7\u00f5es diplom\u00e1ticas internacionais. Raciocinando assim, percebe-se o qu\u00e3o a sociedade contempor\u00e2nea encontra-se repulsiva. Especialmente, a beleza \u00e9 excessivamente escassa nas classes baixas. A raz\u00e3o est\u00e1 em elas serem por demais economicamente desfavorecidas, fato que colabora tanto para a decad\u00eancia do Ensino, quanto para a precariedade dos estabelecimentos p\u00fablicos. Da\u00ed, consequentemente brotar\u00e1 tamb\u00e9m a intranquilidade social.<\/p>\n<p style=\"text-align: justify;\">Desejo tocar em particular, aqui, sobre o campo das divers\u00f5es. No tangente \u00e0s divers\u00f5es, \u00e9 mister a presen\u00e7a efusiva da Beleza. O motivo encontra-se em que n\u00e3o h\u00e1 nada que suplante a consci\u00eancia do Belo na eleva\u00e7\u00e3o da sensibilidade humana. Por isso, tamb\u00e9m, \u00e9 que sempre exortamos para o exerc\u00edcio da Arte. Desnecess\u00e1rio mencionar, agora, o quanto a baixeza e a vulgaridade das Artes e do entretenimento p\u00fablico de hoje em dia v\u00eam degradando o esp\u00edrito do homem.<\/p>\n<p style=\"text-align: justify;\">O fator primordial para a realiza\u00e7\u00e3o do Mundo da Beleza trata-se, pois, do poder econ\u00f4mico. Enquanto a popula\u00e7\u00e3o for pobre, \u00e9 imposs\u00edvel mesmo sonhar com essa concretiza\u00e7\u00e3o. Para a obten\u00e7\u00e3o desse poderio econ\u00f4mico \u00e9 preciso, ent\u00e3o, que o povo trabalhe incansavelmente, elevando sua for\u00e7a de produ\u00e7\u00e3o. A condi\u00e7\u00e3o b\u00e1sica para tal encontra-se, indiscutivelmente, na sa\u00fade de cada indiv\u00edduo. Nisto reside o ponto cardeal desta Igreja \u2014 a manifesta\u00e7\u00e3o da for\u00e7a curativa sem-par neste mundo \u2014, tornando-se evidente pelos in\u00fameros detentores de sa\u00fade perfeita que efetivamente est\u00e3o sendo criados.<\/p>\n<p style=\"text-align: justify;\">Portanto, deve-se dizer que esta religi\u00e3o recebeu, pela primeira vez, de Deus, a qualifica\u00e7\u00e3o para estabelecer o Mundo da Beleza, sendo esse conseguimento apenas uma quest\u00e3o de tempo. Assim, conclamo o p\u00fablico a acompanhar atentamente, de hoje em diante, os movimentos de nossa Igreja, para comprovar o que digo.<\/p>\n<p style=\"text-align: right;\">Jornal Kyussei, n\u00ba 65 \u2014 3 de junho de 1950<\/p>\n<\/div>\n<\/div><\/div><div id=\"panel-9582-0-0-1\" class=\"widget_text so-panel widget_custom_html panel-last-child\" data-index=\"1\" ><div class=\"textwidget custom-html-widget\"><iframe loading=\"lazy\" src=\"https:\/\/www.facebook.com\/plugins\/like.php?href=http%3A%2F%2Fwww.jinsai.org%2Fpt-BR%2Fensinamentos%2Farte%2Fconsideracao-acerca-do-paraiso-terrestre&width=174&layout=button_count&action=like&size=large&share=true&height=46&appId=171964893011161\" width=\"174\" height=\"46\" style=\"border:none;overflow:hidden\" scrolling=\"no\" frameborder=\"0\" allowfullscreen=\"true\" allow=\"autoplay; clipboard-write; encrypted-media; picture-in-picture; web-share\"><\/iframe>\n<div id=\"fb-root\"><\/div>\n<script src=\"http:\/\/connect.facebook.net\/pt_BR\/all.js#appId=APP_ID&amp;xfbml=1\"><\/script><fb:comments href=\" http:\/\/www.jinsai.org\/pt-BR\/ensinamentos\/arte\/consideracao-acerca-do-paraiso-terrestre\" num_posts=\"100\" width=\"500\"><\/fb:comments><meta property=\"fb:app_id\" content=\"171964893011161\">\n<div id=\"fb-root\"><\/div>\n<script>(function(d, s, id) {<br \/>\n  var js, fjs = d.getElementsByTagName(s)[0];<br \/>\n  if (d.getElementById(id)) return;<br \/>\n  js = d.createElement(s); js.id = id;<br \/>\n  js.src = 'https:\/\/connect.facebook.net\/pt_BR\/sdk.js#xfbml=1&version=v3.0&appId=171964893011161&autoLogAppEvents=1';<br \/>\n  fjs.parentNode.insertBefore(js, fjs);<br \/>\n}(document, 'script', 'facebook-jssdk'));<\/script>\n<div class=\"fb-share-button\" data-href=\" http:\/\/www.jinsai.org\/pt-BR\/ensinamentos\/arte\/consideracao-acerca-do-paraiso-terrestre\" data-layout=\"button_count\" data-size=\"large\" data-mobile-iframe=\"true\"><a target=\"_blank\" href=\"https:\/\/www.facebook.com\/sharer\/sharer.php?u=http%3A%2F% http:\/\/www.jinsai.org\/pt-BR\/ensinamentos\/arte\/consideracao-acerca-do-paraiso-terrestre%2F&amp;src=sdkpreparse\" class=\"fb-xfbml-parse-ignore\">Compartilhar<\/a><\/div>\n<\/div><\/div><\/div><\/div><\/div>","protected":false},"excerpt":{"rendered":"<p>Aquilo a que nos referimos como Para\u00edso Terrestre \u00e9, em termos mais claros, o Mundo do Belo. Teremos, assim, o embelezamento das rela\u00e7\u00f5es pessoais, dos pr\u00e9dios, das ruas, dos meios de transporte, dos parques. Como ao belo coaduna-se o asseio, dever\u00edamos ter, em escala mais ampla, o embelezamento e o saneamento da administra\u00e7\u00e3o p\u00fablica, da [&hellip;]<\/p>\n","protected":false},"author":1,"featured_media":1481,"comment_status":"open","ping_status":"closed","sticky":false,"template":"","format":"standard","meta":{"footnotes":""},"categories":[8],"tags":[],"class_list":{"0":"post-9582","1":"post","2":"type-post","3":"status-publish","4":"format-standard","5":"has-post-thumbnail","6":"hentry","7":"category-arte","9":"post-with-thumbnail","10":"post-with-thumbnail-icon"},"_links":{"self":[{"href":"https:\/\/www.jinsai.org\/pt-BR\/wp-json\/wp\/v2\/posts\/9582","targetHints":{"allow":["GET"]}}],"collection":[{"href":"https:\/\/www.jinsai.org\/pt-BR\/wp-json\/wp\/v2\/posts"}],"about":[{"href":"https:\/\/www.jinsai.org\/pt-BR\/wp-json\/wp\/v2\/types\/post"}],"author":[{"embeddable":true,"href":"https:\/\/www.jinsai.org\/pt-BR\/wp-json\/wp\/v2\/users\/1"}],"replies":[{"embeddable":true,"href":"https:\/\/www.jinsai.org\/pt-BR\/wp-json\/wp\/v2\/comments?post=9582"}],"version-history":[{"count":4,"href":"https:\/\/www.jinsai.org\/pt-BR\/wp-json\/wp\/v2\/posts\/9582\/revisions"}],"predecessor-version":[{"id":9586,"href":"https:\/\/www.jinsai.org\/pt-BR\/wp-json\/wp\/v2\/posts\/9582\/revisions\/9586"}],"wp:featuredmedia":[{"embeddable":true,"href":"https:\/\/www.jinsai.org\/pt-BR\/wp-json\/wp\/v2\/media\/1481"}],"wp:attachment":[{"href":"https:\/\/www.jinsai.org\/pt-BR\/wp-json\/wp\/v2\/media?parent=9582"}],"wp:term":[{"taxonomy":"category","embeddable":true,"href":"https:\/\/www.jinsai.org\/pt-BR\/wp-json\/wp\/v2\/categories?post=9582"},{"taxonomy":"post_tag","embeddable":true,"href":"https:\/\/www.jinsai.org\/pt-BR\/wp-json\/wp\/v2\/tags?post=9582"}],"curies":[{"name":"wp","href":"https:\/\/api.w.org\/{rel}","templated":true}]}}