{"id":984,"date":"2018-06-26T15:05:40","date_gmt":"2018-06-26T18:05:40","guid":{"rendered":"http:\/\/www.jinsai.org\/pt-BR\/?p=984"},"modified":"2018-07-05T11:20:27","modified_gmt":"2018-07-05T14:20:27","slug":"nao-se-deve-pensar-nas-minhas-palavras-com-leviandade","status":"publish","type":"post","link":"https:\/\/www.jinsai.org\/pt-BR\/meishu-sama\/memorias\/nao-se-deve-pensar-nas-minhas-palavras-com-leviandade\/","title":{"rendered":"N\u00c3O SE DEVE PENSAR NAS MINHAS PALAVRAS COM LEVIANDADE"},"content":{"rendered":"<p class=\"style3 style53 style48\" style=\"text-align: justify;\">Quando tive a permiss\u00e3o de dedicar junto a Meishu-Sama, a princ\u00edpio ouvia todas as Suas palavras com toda seriedade e dedicava seguindo-as \u00e0 risca. Mas, infelizmente, com o passar do tempo, \u00e0 medida que ia me acostumando, havia momentos que, inadvertidamente, deixava de ouvi-Lo com aten\u00e7\u00e3o. Em uma dessas ocasi\u00f5es, Meishu-Sama me disse: &#8220;<em>Por mais triviais que possam parecer minhas palavras, n\u00e3o se deve pensar que eu digo como algo sem import\u00e2ncia. \u00c9 s\u00f3 ouvir e obedecer com docilidade. Seguindo fielmente o que eu digo, mesmo que os outros o ofendam ou o odeiem, n\u00e3o precisa ficar aprrensivo.<\/em>&#8220;<\/p>\n<p class=\"style48 style53 style3\" align=\"right\">Um servidor<\/p>\n<p>&nbsp;<\/p>\n<p><iframe src=\"http:\/\/www.facebook.com\/plugins\/like.php?href=https:\/\/www.jinsai.org\/pt-BR\/meishu-sama\/memorias\/nao-se-deve-pensar-nas-minhas-palavras-com-leviandade\/&#038;%0Alayout=standard&#038;show_faces=false&#038;width=380&#038;action=like&#038;colorscheme=light&#038;height=25\" style=\"border: medium none ; overflow: hidden; width: 350px; height: 25px;\" allowtransparency=\"true\" frameborder=\"0\" scrolling=\"no\"><\/iframe><\/p>\n<div id=\"fb-root\"><\/div>\n<p><script src=\"http:\/\/connect.facebook.net\/pt_BR\/all.js#appId=APP_ID&amp;xfbml=1\"><\/script><fb:comments href=\"https:\/\/www.jinsai.org\/pt-BR\/meishu-sama\/memorias\/nao-se-deve-pensar-nas-minhas-palavras-com-leviandade\/\" num_posts=\"100\" width=\"500\"><\/fb:comments><meta property='fb:app_id' content='171964893011161'\/> <\/p>\n<div id=\"fb-root\"><\/div>\n<p><script>(function(d, s, id) {\n  var js, fjs = d.getElementsByTagName(s)[0];\n  if (d.getElementById(id)) return;\n  js = d.createElement(s); js.id = id;\n  js.src = 'https:\/\/connect.facebook.net\/pt_BR\/sdk.js#xfbml=1&version=v3.0&appId=171964893011161&autoLogAppEvents=1';\n  fjs.parentNode.insertBefore(js, fjs);\n}(document, 'script', 'facebook-jssdk'));<\/script><\/p>\n<div class=\"fb-share-button\" data-href=\"https:\/\/www.jinsai.org\/pt-BR\/meishu-sama\/memorias\/nao-se-deve-pensar-nas-minhas-palavras-com-leviandade\/\" data-layout=\"button_count\" data-size=\"large\" data-mobile-iframe=\"true\"><a target=\"_blank\" href=\"https:\/\/www.facebook.com\/sharer\/sharer.php?u=http%3A%2F%2Fwww.jinsai.org%2Fpt-BR%2Fmeishu-sama%2Fmemorias%2Fnao-se-deve-pensar-nas-minhas-palavras-com-leviandade%2F&amp;src=sdkpreparse\" class=\"fb-xfbml-parse-ignore\">Compartilhar<\/a><\/div>\n","protected":false},"excerpt":{"rendered":"<p>Quando tive a permiss\u00e3o de dedicar junto a Meishu-Sama, a princ\u00edpio ouvia todas as Suas palavras com toda seriedade e dedicava seguindo-as \u00e0 risca. Mas, infelizmente, com o passar do tempo, \u00e0 medida que ia me acostumando, havia momentos que, inadvertidamente, deixava de ouvi-Lo com aten\u00e7\u00e3o. Em uma dessas ocasi\u00f5es, Meishu-Sama me disse: &#8220;Por mais [&hellip;]<\/p>\n","protected":false},"author":1,"featured_media":0,"comment_status":"closed","ping_status":"closed","sticky":false,"template":"","format":"standard","meta":{"footnotes":""},"categories":[16],"tags":[],"class_list":["post-984","post","type-post","status-publish","format-standard","hentry","category-memorias"],"_links":{"self":[{"href":"https:\/\/www.jinsai.org\/pt-BR\/wp-json\/wp\/v2\/posts\/984","targetHints":{"allow":["GET"]}}],"collection":[{"href":"https:\/\/www.jinsai.org\/pt-BR\/wp-json\/wp\/v2\/posts"}],"about":[{"href":"https:\/\/www.jinsai.org\/pt-BR\/wp-json\/wp\/v2\/types\/post"}],"author":[{"embeddable":true,"href":"https:\/\/www.jinsai.org\/pt-BR\/wp-json\/wp\/v2\/users\/1"}],"replies":[{"embeddable":true,"href":"https:\/\/www.jinsai.org\/pt-BR\/wp-json\/wp\/v2\/comments?post=984"}],"version-history":[{"count":3,"href":"https:\/\/www.jinsai.org\/pt-BR\/wp-json\/wp\/v2\/posts\/984\/revisions"}],"predecessor-version":[{"id":2355,"href":"https:\/\/www.jinsai.org\/pt-BR\/wp-json\/wp\/v2\/posts\/984\/revisions\/2355"}],"wp:attachment":[{"href":"https:\/\/www.jinsai.org\/pt-BR\/wp-json\/wp\/v2\/media?parent=984"}],"wp:term":[{"taxonomy":"category","embeddable":true,"href":"https:\/\/www.jinsai.org\/pt-BR\/wp-json\/wp\/v2\/categories?post=984"},{"taxonomy":"post_tag","embeddable":true,"href":"https:\/\/www.jinsai.org\/pt-BR\/wp-json\/wp\/v2\/tags?post=984"}],"curies":[{"name":"wp","href":"https:\/\/api.w.org\/{rel}","templated":true}]}}