{"id":992,"date":"2018-06-26T15:09:38","date_gmt":"2018-06-26T18:09:38","guid":{"rendered":"http:\/\/www.jinsai.org\/pt-BR\/?p=992"},"modified":"2019-08-13T23:25:18","modified_gmt":"2019-08-14T02:25:18","slug":"que-saiam-daqui-aqueles-que-nao-podem-me-chamar-de-messias","status":"publish","type":"post","link":"https:\/\/www.jinsai.org\/pt-BR\/meishu-sama\/memorias\/que-saiam-daqui-aqueles-que-nao-podem-me-chamar-de-messias\/","title":{"rendered":"&#8220;QUE SAIAM DAQUI AQUELES QUE N\u00c3O PODEM ME CHAMAR DE MESSIAS&#8221;"},"content":{"rendered":"<p class=\"style3 style53 style48\" style=\"text-align: justify;\">Em 15 de junho de 1954, ap\u00f3s a celebra\u00e7\u00e3o da Cerim\u00f4nia Provis\u00f3ria do Advento, no Meshiya Kaikan de Atami, ao entardecer Meishu-Sama estava em Hakone, mas o que desejo referir-me \u00e9 sobre o Kanzan-tei, como o lugar onde Meishu-Sama viveu como Salvador do Universo.<\/p>\n<p class=\"style3 style53 style48\" style=\"text-align: justify;\">Meishu-Sama disse: &#8220;<em>J\u00e1 que cheguei ao m\u00e1ximo da hierarquia de Salvador do Universo, a partir de hoje devem me chamar de Messias. E os que n\u00e3o podem faz\u00ea-lo, que saiam daqui imediatamente<\/em>&#8220;. Al\u00e9m disso, disse: &#8220;<em>Como alcancei a m\u00e1xima hierarquia, devem tratar-me com palavras de m\u00e1xima hierarquia e o m\u00e1ximo de respeito<\/em>&#8220;.<\/p>\n<p class=\"style3 style53 style48\" style=\"text-align: justify;\">N\u00e3o obstante, como est\u00e1vamos acostumados a cham\u00e1-Lo de Meishu-Sama, n\u00e3o nos sa\u00eda a palavra &#8220;Meshiya-Sama&#8221; (Messias), com facilidade. Eu, assustado, pensei que poderia ser despedido se o chamasse de Meishu-Sama e, por isso, ainda quando s\u00f3, repetia: &#8220;Meshiya-Sama, Meshiya-Sama&#8221; (Messias, Messias), igual aos outros. Mas cerca de dois meses depois nos voltou a ordenar que Lhe cham\u00e1ssemos de Meishu-Sama. Desde ent\u00e3o O chamamos assim, sempre.<\/p>\n<p class=\"style3 style53 style48\" style=\"text-align: justify;\">Meishu-Sama nasceu como Messias, em Atami, e passou a sua vida como tal no Kanzan-tei, onde voltou a ser Meishu-Sama. Logo regressou a Atami e a\u00ed foi onde ascendeu aos c\u00e9us.<\/p>\n<p class=\"style3 style53 style48\" style=\"text-align: justify;\">Por tudo isto considero o Kanzan-tei como um lugar verdadeiramente magn\u00edfico, no sentido de que Meishu-Sama viveu ali como Salvador do Universo.<\/p>\n<p class=\"style48 style53 style3\" align=\"right\">Takashi Hon\u00b4Ami &#8211; Conselheiro adjunto<\/p>\n<p>&nbsp;<\/p>\n<p><iframe src=\"http:\/\/www.facebook.com\/plugins\/like.php?href=https:\/\/www.jinsai.org\/pt-BR\/meishu-sama\/memorias\/que-saiam-daqui-aqueles-que-nao-podem-me-chamar-de-messias\/&amp;%0Alayout=standard&amp;show_faces=false&amp;width=380&amp;action=like&amp;colorscheme=light&amp;height=25\" style=\"border: medium none ; overflow: hidden; width: 350px; height: 25px;\" allowtransparency=\"true\" frameborder=\"0\" scrolling=\"no\"><\/iframe><\/p>\n<div id=\"fb-root\"><\/div>\n<p><script src=\"http:\/\/connect.facebook.net\/pt_BR\/all.js#appId=APP_ID&amp;xfbml=1\"><\/script><fb:comments href=\"https:\/\/www.jinsai.org\/pt-BR\/meishu-sama\/memorias\/que-saiam-daqui-aqueles-que-nao-podem-me-chamar-de-messias\/\" num_posts=\"100\" width=\"500\"><\/fb:comments><meta property=\"fb:app_id\" content=\"171964893011161\"><\/p>\n<div id=\"fb-root\"><\/div>\n<p><script>(function(d, s, id) {<br \/>\n  var js, fjs = d.getElementsByTagName(s)[0];<br \/>\n  if (d.getElementById(id)) return;<br \/>\n  js = d.createElement(s); js.id = id;<br \/>\n  js.src = 'https:\/\/connect.facebook.net\/pt_BR\/sdk.js#xfbml=1&version=v3.0&appId=171964893011161&autoLogAppEvents=1';<br \/>\n  fjs.parentNode.insertBefore(js, fjs);<br \/>\n}(document, 'script', 'facebook-jssdk'));<\/script><\/p>\n<div class=\"fb-share-button\" data-href=\"https:\/\/www.jinsai.org\/pt-BR\/meishu-sama\/memorias\/que-saiam-daqui-aqueles-que-nao-podem-me-chamar-de-messias\/\" data-layout=\"button_count\" data-size=\"large\" data-mobile-iframe=\"true\"><a target=\"_blank\" href=\"https:\/\/www.facebook.com\/sharer\/sharer.php?u=http%3A%2F%2Fwww.jinsai.org%2Fpt-BR%2Fmeishu-sama%2Fmemorias%2Fque-saiam-daqui-aqueles-que-nao-podem-me-chamar-de-messias%2F&amp;src=sdkpreparse\" class=\"fb-xfbml-parse-ignore\" rel=\"noopener noreferrer\">Compartilhar<\/a><\/div>\n","protected":false},"excerpt":{"rendered":"<p>Em 15 de junho de 1954, ap\u00f3s a celebra\u00e7\u00e3o da Cerim\u00f4nia Provis\u00f3ria do Advento, no Meshiya Kaikan de Atami, ao entardecer Meishu-Sama estava em Hakone, mas o que desejo referir-me \u00e9 sobre o Kanzan-tei, como o lugar onde Meishu-Sama viveu como Salvador do Universo. Meishu-Sama disse: &#8220;J\u00e1 que cheguei ao m\u00e1ximo da hierarquia de Salvador [&hellip;]<\/p>\n","protected":false},"author":1,"featured_media":0,"comment_status":"closed","ping_status":"closed","sticky":false,"template":"","format":"standard","meta":{"footnotes":""},"categories":[16],"tags":[],"class_list":["post-992","post","type-post","status-publish","format-standard","hentry","category-memorias"],"_links":{"self":[{"href":"https:\/\/www.jinsai.org\/pt-BR\/wp-json\/wp\/v2\/posts\/992","targetHints":{"allow":["GET"]}}],"collection":[{"href":"https:\/\/www.jinsai.org\/pt-BR\/wp-json\/wp\/v2\/posts"}],"about":[{"href":"https:\/\/www.jinsai.org\/pt-BR\/wp-json\/wp\/v2\/types\/post"}],"author":[{"embeddable":true,"href":"https:\/\/www.jinsai.org\/pt-BR\/wp-json\/wp\/v2\/users\/1"}],"replies":[{"embeddable":true,"href":"https:\/\/www.jinsai.org\/pt-BR\/wp-json\/wp\/v2\/comments?post=992"}],"version-history":[{"count":4,"href":"https:\/\/www.jinsai.org\/pt-BR\/wp-json\/wp\/v2\/posts\/992\/revisions"}],"predecessor-version":[{"id":4837,"href":"https:\/\/www.jinsai.org\/pt-BR\/wp-json\/wp\/v2\/posts\/992\/revisions\/4837"}],"wp:attachment":[{"href":"https:\/\/www.jinsai.org\/pt-BR\/wp-json\/wp\/v2\/media?parent=992"}],"wp:term":[{"taxonomy":"category","embeddable":true,"href":"https:\/\/www.jinsai.org\/pt-BR\/wp-json\/wp\/v2\/categories?post=992"},{"taxonomy":"post_tag","embeddable":true,"href":"https:\/\/www.jinsai.org\/pt-BR\/wp-json\/wp\/v2\/tags?post=992"}],"curies":[{"name":"wp","href":"https:\/\/api.w.org\/{rel}","templated":true}]}}