{"id":994,"date":"2018-06-26T15:10:30","date_gmt":"2018-06-26T18:10:30","guid":{"rendered":"http:\/\/www.jinsai.org\/pt-BR\/?p=994"},"modified":"2018-07-05T11:10:23","modified_gmt":"2018-07-05T14:10:23","slug":"as-falhas-tambem-ocorrem-por-falta-de-leitura-dos-ensinamentos","status":"publish","type":"post","link":"https:\/\/www.jinsai.org\/pt-BR\/meishu-sama\/memorias\/as-falhas-tambem-ocorrem-por-falta-de-leitura-dos-ensinamentos\/","title":{"rendered":"AS FALHAS TAMB\u00c9M OCORREM POR FALTA DE LEITURA DOS ENSINAMENTOS"},"content":{"rendered":"<p class=\"style3 style53 style48\" style=\"text-align: justify;\">Meishu-Sama trabalhava alerta, em perfeita uni\u00e3o com Deus e estado de plenitude; quando n\u00f3s, os dedicantes, sa\u00edamos de sintonia um m\u00ednimo que fosse, logo Ele nos chamava a aten\u00e7\u00e3o.<\/p>\n<p class=\"style3 style53 style48\" style=\"text-align: justify;\">Nesses momentos, o que Ele infalivelmente perguntava era sobre o curriculum da nossa F\u00e9: &#8220;<em>Quantos anos faz que se tornou membro? Quem lhe outorgou o Ohikari? J\u00e1 dedicou na difus\u00e3o da F\u00e9?<\/em>&#8220;<\/p>\n<p class=\"style3 style53 style48\" style=\"text-align: justify;\">Caso fosse membro novo (de mais ou menos um ano de ingresso), perdoava-o, tomando atitudes generosas. Mas quando a pessoa respondia: &#8220;<em>Sou membro h\u00e1 cinco anos. J\u00e1 dediquei na difus\u00e3o da F\u00e9<\/em>&#8220;, advertia com severidade: &#8220;<em>Veio professando a f\u00e9 em qu\u00ea, nestes cinco anos? <\/em>&#8221; E completava: &#8221; <em>O que digo e fa\u00e7o est\u00e1 tudo escrito nos meus livros; portanto, se voc\u00eas cometem erros, \u00e9 porque est\u00e3o em falta com a leitura. Leiam mais e mais.<\/em>&#8220;<\/p>\n<p class=\"style3 style53 style48\" style=\"text-align: justify;\">Meishu-Sama vivia sempre nessa atitude de uni\u00e3o com Deus; portanto, n\u00f3s tamb\u00e9m, observando-O, procur\u00e1vamos dedicar sintonizados Nele.<\/p>\n<p class=\"style48 style53 style3\" align=\"right\">Um servidor<\/p>\n<p>&nbsp;<\/p>\n<p><iframe src=\"http:\/\/www.facebook.com\/plugins\/like.php?href=https:\/\/www.jinsai.org\/pt-BR\/meishu-sama\/memorias\/as-falhas-tambem-ocorrem-por-falta-de-leitura-dos-ensinamentos\/&#038;%0Alayout=standard&#038;show_faces=false&#038;width=380&#038;action=like&#038;colorscheme=light&#038;height=25\" style=\"border: medium none ; overflow: hidden; width: 350px; height: 25px;\" allowtransparency=\"true\" frameborder=\"0\" scrolling=\"no\"><\/iframe><\/p>\n<div id=\"fb-root\"><\/div>\n<p><script src=\"http:\/\/connect.facebook.net\/pt_BR\/all.js#appId=APP_ID&amp;xfbml=1\"><\/script><fb:comments href=\"https:\/\/www.jinsai.org\/pt-BR\/meishu-sama\/memorias\/as-falhas-tambem-ocorrem-por-falta-de-leitura-dos-ensinamentos\/\" num_posts=\"100\" width=\"500\"><\/fb:comments><meta property='fb:app_id' content='171964893011161'\/> <\/p>\n<div id=\"fb-root\"><\/div>\n<p><script>(function(d, s, id) {\n  var js, fjs = d.getElementsByTagName(s)[0];\n  if (d.getElementById(id)) return;\n  js = d.createElement(s); js.id = id;\n  js.src = 'https:\/\/connect.facebook.net\/pt_BR\/sdk.js#xfbml=1&version=v3.0&appId=171964893011161&autoLogAppEvents=1';\n  fjs.parentNode.insertBefore(js, fjs);\n}(document, 'script', 'facebook-jssdk'));<\/script><\/p>\n<div class=\"fb-share-button\" data-href=\"https:\/\/www.jinsai.org\/pt-BR\/meishu-sama\/memorias\/as-falhas-tambem-ocorrem-por-falta-de-leitura-dos-ensinamentos\/\" data-layout=\"button_count\" data-size=\"large\" data-mobile-iframe=\"true\"><a target=\"_blank\" href=\"https:\/\/www.facebook.com\/sharer\/sharer.php?u=http%3A%2F%2Fwww.jinsai.org%2Fpt-BR%2Fmeishu-sama%2Fmemorias%2Fas-falhas-tambem-ocorrem-por-falta-de-leitura-dos-ensinamentos%2F&amp;src=sdkpreparse\" class=\"fb-xfbml-parse-ignore\">Compartilhar<\/a><\/div>\n","protected":false},"excerpt":{"rendered":"<p>Meishu-Sama trabalhava alerta, em perfeita uni\u00e3o com Deus e estado de plenitude; quando n\u00f3s, os dedicantes, sa\u00edamos de sintonia um m\u00ednimo que fosse, logo Ele nos chamava a aten\u00e7\u00e3o. Nesses momentos, o que Ele infalivelmente perguntava era sobre o curriculum da nossa F\u00e9: &#8220;Quantos anos faz que se tornou membro? Quem lhe outorgou o Ohikari? [&hellip;]<\/p>\n","protected":false},"author":1,"featured_media":0,"comment_status":"closed","ping_status":"closed","sticky":false,"template":"","format":"standard","meta":{"footnotes":""},"categories":[16],"tags":[],"class_list":["post-994","post","type-post","status-publish","format-standard","hentry","category-memorias"],"_links":{"self":[{"href":"https:\/\/www.jinsai.org\/pt-BR\/wp-json\/wp\/v2\/posts\/994","targetHints":{"allow":["GET"]}}],"collection":[{"href":"https:\/\/www.jinsai.org\/pt-BR\/wp-json\/wp\/v2\/posts"}],"about":[{"href":"https:\/\/www.jinsai.org\/pt-BR\/wp-json\/wp\/v2\/types\/post"}],"author":[{"embeddable":true,"href":"https:\/\/www.jinsai.org\/pt-BR\/wp-json\/wp\/v2\/users\/1"}],"replies":[{"embeddable":true,"href":"https:\/\/www.jinsai.org\/pt-BR\/wp-json\/wp\/v2\/comments?post=994"}],"version-history":[{"count":3,"href":"https:\/\/www.jinsai.org\/pt-BR\/wp-json\/wp\/v2\/posts\/994\/revisions"}],"predecessor-version":[{"id":2350,"href":"https:\/\/www.jinsai.org\/pt-BR\/wp-json\/wp\/v2\/posts\/994\/revisions\/2350"}],"wp:attachment":[{"href":"https:\/\/www.jinsai.org\/pt-BR\/wp-json\/wp\/v2\/media?parent=994"}],"wp:term":[{"taxonomy":"category","embeddable":true,"href":"https:\/\/www.jinsai.org\/pt-BR\/wp-json\/wp\/v2\/categories?post=994"},{"taxonomy":"post_tag","embeddable":true,"href":"https:\/\/www.jinsai.org\/pt-BR\/wp-json\/wp\/v2\/tags?post=994"}],"curies":[{"name":"wp","href":"https:\/\/api.w.org\/{rel}","templated":true}]}}